{"id":7061,"date":"2025-02-21T10:27:34","date_gmt":"2025-02-21T13:27:34","guid":{"rendered":"https:\/\/radiobeat97.com.ar\/beat\/?p=7061"},"modified":"2025-02-21T10:27:34","modified_gmt":"2025-02-21T13:27:34","slug":"programa-lazos-2025-inscripciones-abiertas-para-pymes-y-profesionales","status":"publish","type":"post","link":"https:\/\/radiobeat97.com.ar\/beat\/programa-lazos-2025-inscripciones-abiertas-para-pymes-y-profesionales\/","title":{"rendered":"Programa Lazos 2025: Inscripciones abiertas para pymes y profesionales"},"content":{"rendered":"<ul class=\" wp-block-list eplus-wrapper eplus-styles-uid-c920d5\">\n<li class=\" eplus-wrapper\"><strong>El Ministerio de Producci\u00f3n invita a participar en la 19\u00b0 edici\u00f3n de la iniciativa que vincula a j\u00f3venes graduados con las necesidades de las pymes y mipymes de la provincia, promoviendo su crecimiento y fortalecimiento.<\/strong><\/li>\n<li class=\" eplus-wrapper\"><strong>Las inscripciones est\u00e1n abiertas hasta el 23 de marzo de 2025, y el programa dar\u00e1 inicio el 31 de marzo, bajo modalidad virtual.<\/strong><\/li>\n<\/ul>\n<p class=\" eplus-wrapper\">El\u00a0<strong>Ministerio de Producci\u00f3n, Ciencia e Innovaci\u00f3n Tecnol\u00f3gica de C\u00f3rdoba, a trav\u00e9s de la Subsecretar\u00eda Pyme<\/strong>, abri\u00f3 las inscripciones para empresas y profesionales al Programa Lazos, iniciativa\u00a0 que busca vincular a j\u00f3venes graduados con las necesidades de las pymes y mipymes de la provincia.<\/p>\n<p class=\" eplus-wrapper\">Cabe destacar que esta propuesta se realiza en conjunto con la Universidad Nacional de C\u00f3rdoba.<\/p>\n<p class=\" eplus-wrapper\">Las inscripciones est\u00e1n abiertas hasta el\u00a0<strong>23 de marzo de 2025<\/strong>, y el programa dar\u00e1 inicio el\u00a0<strong>31 de marzo<\/strong>, bajo modalidad virtual.<\/p>\n<p class=\" eplus-wrapper\">\n<figure class=\" wp-block-image size-large eplus-wrapper\"><img fetchpriority=\"high\" decoding=\"async\" class=\"wp-image-614465\" src=\"https:\/\/prensa.cba.gov.ar\/wp-content\/uploads\/2025\/02\/Programa-Lazos-2025-Inscripciones-abiertas-para-empresas-y-profesionales-1-1024x373.png\" sizes=\"(max-width: 1024px) 100vw, 1024px\" srcset=\"https:\/\/prensa.cba.gov.ar\/wp-content\/uploads\/2025\/02\/Programa-Lazos-2025-Inscripciones-abiertas-para-empresas-y-profesionales-1-1024x373.png 1024w, https:\/\/prensa.cba.gov.ar\/wp-content\/uploads\/2025\/02\/Programa-Lazos-2025-Inscripciones-abiertas-para-empresas-y-profesionales-1-300x109.png 300w, https:\/\/prensa.cba.gov.ar\/wp-content\/uploads\/2025\/02\/Programa-Lazos-2025-Inscripciones-abiertas-para-empresas-y-profesionales-1-768x279.png 768w, https:\/\/prensa.cba.gov.ar\/wp-content\/uploads\/2025\/02\/Programa-Lazos-2025-Inscripciones-abiertas-para-empresas-y-profesionales-1-1536x559.png 1536w, https:\/\/prensa.cba.gov.ar\/wp-content\/uploads\/2025\/02\/Programa-Lazos-2025-Inscripciones-abiertas-para-empresas-y-profesionales-1.png 1949w\" alt=\"\" width=\"1024\" height=\"373\" \/><\/figure>\n<p class=\" eplus-wrapper\"><strong>El programa, en detalle<\/strong><\/p>\n<p class=\" eplus-wrapper\">El Programa Lazos facilita el contacto entre empresas y profesionales reci\u00e9n egresados de diversas disciplinas, quienes brindar\u00e1n asistencia t\u00e9cnica a las organizaciones seg\u00fan sus necesidades espec\u00edficas.<\/p>\n<p class=\" eplus-wrapper\">Este a\u00f1o, el programa prev\u00e9 alcanzar a\u00a0<strong>30 mipymes<\/strong>, las cuales recibir\u00e1n el acompa\u00f1amiento de m\u00e1s de\u00a0<strong>120 egresados<\/strong>\u00a0formados como consultores en la Universidad Nacional de C\u00f3rdoba.<\/p>\n<p class=\" eplus-wrapper\">Adem\u00e1s, contar\u00e1n con el respaldo de\u00a0<strong>22 tutores, 12 docentes-consultores y equipos especializados<\/strong>\u00a0de la Facultad de Ciencias Econ\u00f3micas y del Ministerio de Producci\u00f3n, Ciencia e Innovaci\u00f3n Tecnol\u00f3gica.<\/p>\n<p class=\" eplus-wrapper\"><strong>Beneficios para las empresas participantes<\/strong><\/p>\n<p class=\" eplus-wrapper\">Las pymes y emprendimientos que se postulen recibir\u00e1n acompa\u00f1amiento en:<\/p>\n<ul class=\" wp-block-list eplus-wrapper eplus-styles-uid-f9a479\">\n<li class=\" eplus-wrapper\">An\u00e1lisis y diagn\u00f3stico estrat\u00e9gico.<\/li>\n<li class=\" eplus-wrapper\">Definici\u00f3n del modelo de negocios.<\/li>\n<li class=\" eplus-wrapper\">Dise\u00f1o de un plan de trabajo.<\/li>\n<li class=\" eplus-wrapper\">Sugerencias para la mejora, desarrollo y\/o implementaci\u00f3n de procesos relacionados con estrategia, comercializaci\u00f3n, contabilidad y costos, mejora de procesos internos y gesti\u00f3n de recursos humanos.<\/li>\n<\/ul>\n<p class=\" eplus-wrapper\">Las inscripciones est\u00e1n abiertas hasta el\u00a0<strong>23 de marzo de 2025<\/strong>\u00a0y se realizan a trav\u00e9s del siguiente enlace:\u00a0<a href=\"https:\/\/bit.ly\/LazosEmpresas\">https:\/\/bit.ly\/LazosEmpresas<\/a>.<\/p>\n<p class=\" eplus-wrapper\">Para consultas, las empresas pueden comunicarse al correo:\u00a0<strong>subsecretariapymecordoba@gmail.com<\/strong>.<\/p>\n<p class=\" eplus-wrapper\"><strong>Convocatoria para profesionales egresados<\/strong><\/p>\n<p class=\" eplus-wrapper\">Los profesionales interesados en postularse deben cumplir con los siguientes requisitos:<\/p>\n<ul class=\" wp-block-list eplus-wrapper eplus-styles-uid-124ec1\">\n<li class=\" eplus-wrapper\">Ser egresados recientes (hasta 5 a\u00f1os) de las carreras de Contador P\u00fablico, Administraci\u00f3n, Econom\u00eda, Abogac\u00eda, Comercializaci\u00f3n, Ingenier\u00edas, Dise\u00f1o Industrial, Recursos Humanos, Relaciones P\u00fablicas e Institucionales, Analista de Sistemas, Comunicaci\u00f3n y afines.<\/li>\n<li class=\" eplus-wrapper\">Presentar una carta de aval o recomendaci\u00f3n de un docente universitario\/terciario o de una repartici\u00f3n p\u00fablica o privada.<\/li>\n<li class=\" eplus-wrapper\">Tener disponibilidad para participar en:\n<ul class=\" wp-block-list eplus-wrapper eplus-styles-uid-6da1a2\">\n<li class=\" eplus-wrapper\">Encuentros sincr\u00f3nicos los lunes de 18 a 21 horas.<\/li>\n<li class=\" eplus-wrapper\">Reuniones con representantes del emprendimiento\/empresa asignada.<\/li>\n<li class=\" eplus-wrapper\">Encuentros de coordinaci\u00f3n con el equipo de trabajo y tutor.<\/li>\n<li class=\" eplus-wrapper\">Desarrollo de una propuesta de consultor\u00eda de alto valor agregado.<\/li>\n<\/ul>\n<\/li>\n<\/ul>\n<p class=\" eplus-wrapper\">De igual manera, las inscripciones son gratuitas y est\u00e1n abiertas hasta el\u00a0<strong>23 de marzo de 2025<\/strong>\u00a0en el siguiente enlace:\u00a0<a href=\"https:\/\/bit.ly\/ProgramaLazos2025\">https:\/\/bit.ly\/ProgramaLazos2025<\/a>.<\/p>\n<p class=\" eplus-wrapper\">Para consultas, los interesados pueden comunicarse al correo:\u00a0<strong>cursos@eco.uncor.edu<\/strong>.M\u00e1s informaci\u00f3n en:\u00a0<a href=\"https:\/\/cordobaproduce.cba.gov.ar\/programa-lazos\/\">https:\/\/cordobaproduce.cba.gov.ar\/programa-lazos\/<\/a>.<\/p>\n","protected":false},"excerpt":{"rendered":"<p>El Ministerio de Producci\u00f3n invita a participar en la 19\u00b0 edici\u00f3n de la iniciativa que vincula a j\u00f3venes graduados con las necesidades de las pymes y mipymes de la provincia, promoviendo su crecimiento y fortalecimiento. Las inscripciones est\u00e1n abiertas hasta el 23 de marzo de 2025, y el programa dar\u00e1 inicio el 31 de marzo, &hellip;<\/p>\n","protected":false},"author":1,"featured_media":7064,"comment_status":"open","ping_status":"open","sticky":false,"template":"","format":"standard","meta":{"footnotes":""},"categories":[48],"tags":[],"class_list":["post-7061","post","type-post","status-publish","format-standard","has-post-thumbnail","hentry","category-info-general"],"_links":{"self":[{"href":"https:\/\/radiobeat97.com.ar\/beat\/wp-json\/wp\/v2\/posts\/7061","targetHints":{"allow":["GET"]}}],"collection":[{"href":"https:\/\/radiobeat97.com.ar\/beat\/wp-json\/wp\/v2\/posts"}],"about":[{"href":"https:\/\/radiobeat97.com.ar\/beat\/wp-json\/wp\/v2\/types\/post"}],"author":[{"embeddable":true,"href":"https:\/\/radiobeat97.com.ar\/beat\/wp-json\/wp\/v2\/users\/1"}],"replies":[{"embeddable":true,"href":"https:\/\/radiobeat97.com.ar\/beat\/wp-json\/wp\/v2\/comments?post=7061"}],"version-history":[{"count":1,"href":"https:\/\/radiobeat97.com.ar\/beat\/wp-json\/wp\/v2\/posts\/7061\/revisions"}],"predecessor-version":[{"id":7065,"href":"https:\/\/radiobeat97.com.ar\/beat\/wp-json\/wp\/v2\/posts\/7061\/revisions\/7065"}],"wp:featuredmedia":[{"embeddable":true,"href":"https:\/\/radiobeat97.com.ar\/beat\/wp-json\/wp\/v2\/media\/7064"}],"wp:attachment":[{"href":"https:\/\/radiobeat97.com.ar\/beat\/wp-json\/wp\/v2\/media?parent=7061"}],"wp:term":[{"taxonomy":"category","embeddable":true,"href":"https:\/\/radiobeat97.com.ar\/beat\/wp-json\/wp\/v2\/categories?post=7061"},{"taxonomy":"post_tag","embeddable":true,"href":"https:\/\/radiobeat97.com.ar\/beat\/wp-json\/wp\/v2\/tags?post=7061"}],"curies":[{"name":"wp","href":"https:\/\/api.w.org\/{rel}","templated":true}]}}