{"id":7066,"date":"2025-02-22T10:28:08","date_gmt":"2025-02-22T13:28:08","guid":{"rendered":"https:\/\/radiobeat97.com.ar\/beat\/?p=7066"},"modified":"2025-02-21T10:28:43","modified_gmt":"2025-02-21T13:28:43","slug":"plan-de-desarrollo-educativo-la-provincia-inauguro-una-sala-de-3-anos-en-villa-quilino","status":"publish","type":"post","link":"https:\/\/radiobeat97.com.ar\/beat\/plan-de-desarrollo-educativo-la-provincia-inauguro-una-sala-de-3-anos-en-villa-quilino\/","title":{"rendered":"Plan de Desarrollo Educativo: La Provincia inaugur\u00f3 una sala de 3 a\u00f1os en Villa Quilino"},"content":{"rendered":"<ul class=\" wp-block-list eplus-wrapper eplus-styles-uid-8690bf\">\n<li class=\" eplus-wrapper\"><strong>La vicegobernadora Myrian Prunotto encabez\u00f3 la apertura de este nuevo espacio para la educaci\u00f3n inicial.<\/strong><\/li>\n<li class=\" eplus-wrapper\"><strong>Para este a\u00f1o se proyecta habilitar 30 salas cunas en distintos puntos de la geograf\u00eda provincial.<\/strong><\/li>\n<li class=\" eplus-wrapper\"><strong>En 2024, la matr\u00edcula creci\u00f3 10 puntos porcentuales, alcanzando al 69% de chicos de 3 a\u00f1os.<\/strong><\/li>\n<\/ul>\n<p class=\" eplus-wrapper\">La vicegobernadora de C\u00f3rdoba, Myrian Prunotto; junto al ministro de Educaci\u00f3n, Horaci\u00f3 Ferryera; inaugur\u00f3 una sala de 3 a\u00f1os en el Centro Educativo de Nivel Inicial (CENI) Dalmacio V\u00e9lez Sarsfield de Villa Quilino, un avance clave para la educaci\u00f3n en la regi\u00f3n.<\/p>\n<p class=\" eplus-wrapper\">Esta apertura se enmarca en el objetivo del Gobierno de C\u00f3rdoba de universalizar las salas de 3 a\u00f1os, meta que se pretende alcanzar hacia 2027.<\/p>\n<p class=\" eplus-wrapper\">En el acto, Prunotto habl\u00f3 de la necesidad de acercar las decisiones educativas a las comunidades y trabajar en conjunto con los docentes.\u00a0<em>\u201cDesde el primer d\u00eda asumimos el desaf\u00edo de transformar la educaci\u00f3n junto a quienes est\u00e1n en el territorio y conocen las necesidades reales\u201d,\u00a0<\/em>afirm\u00f3.<\/p>\n<p class=\" eplus-wrapper\">Y agreg\u00f3:\u00a0<em>\u201cHoy damos un paso fundamental con la apertura de esta sala, garantizando igualdad de oportunidades para los m\u00e1s peque\u00f1os\u201d.<\/em><\/p>\n<p class=\" eplus-wrapper\">De este modo, la Provincia avanza con el objetivo de inaugurar 30 salas de 3 este a\u00f1o. Cabe recordar que, en 2024, se habilitaron 73 salas cuna en la ciudad de C\u00f3rdoba y m\u00e1s de 50 en el interior cordob\u00e9s.<\/p>\n<p class=\" eplus-wrapper\">\n<figure class=\" wp-block-image size-full eplus-wrapper\"><img fetchpriority=\"high\" decoding=\"async\" class=\"wp-image-614469\" src=\"https:\/\/prensa.cba.gov.ar\/wp-content\/uploads\/2025\/02\/8-2.jpg\" sizes=\"(max-width: 990px) 100vw, 990px\" srcset=\"https:\/\/prensa.cba.gov.ar\/wp-content\/uploads\/2025\/02\/8-2.jpg 990w, https:\/\/prensa.cba.gov.ar\/wp-content\/uploads\/2025\/02\/8-2-300x200.jpg 300w, https:\/\/prensa.cba.gov.ar\/wp-content\/uploads\/2025\/02\/8-2-768x511.jpg 768w\" alt=\"\" width=\"990\" height=\"659\" \/><\/figure>\n<p class=\" eplus-wrapper\">La inversi\u00f3n en infraestructura escolar fue acompa\u00f1ada con un aumento de la matr\u00edcula de las salas de 3, que el a\u00f1o pasado creci\u00f3 m\u00e1s de 10 puntos porcentuales, llegando al 69% de ni\u00f1os de esta edad.<\/p>\n<p class=\" eplus-wrapper\">En 2023, la matr\u00edcula alcanzaba al 58% de esta poblaci\u00f3n. Ferreyra destac\u00f3 estos logros en el \u00e1mbito de la educaci\u00f3n de la primera infancia y ratific\u00f3 la decisi\u00f3n de trabajar en la universalizaci\u00f3n de las salas de 3.\u00a0<em>\u201cCuando asumimos, solo el 55% de los ni\u00f1os ten\u00eda acceso a sala de 3. Hoy ya llegamos al 69% y seguimos avanzando para alcanzar cada rinc\u00f3n de C\u00f3rdoba\u201d<\/em>, afirm\u00f3.<\/p>\n<p class=\" eplus-wrapper\">En tanto, la intendenta Mabel Godoy resalt\u00f3 el trabajo conjunto entre Provincia, municipio y comunidad educativa:\u00a0<em>\u201cLas grandes transformaciones se logran trabajando unidos. Esta inauguraci\u00f3n es el resultado del esfuerzo compartido para asegurar que cada ni\u00f1o tenga su lugar en la escuela desde el inicio de su trayectoria escolar\u201d.<\/em><\/p>\n<p class=\" eplus-wrapper\">A su vez, el legislador Ra\u00fal Figueroa subray\u00f3 la importancia de la educaci\u00f3n como motor de desarrollo. \u201c<em>El futuro de nuestras comunidades depende de la formaci\u00f3n de nuestros ni\u00f1os. Esta nueva sala es una inversi\u00f3n en el porvenir de Quilino y Villa Quilino\u201d,\u00a0<\/em>se\u00f1al\u00f3.<\/p>\n<p class=\" eplus-wrapper\">Tambi\u00e9n acompa\u00f1aron la jornada, el legislador Pablo Ovejeros; el secretario de Educaci\u00f3n de la Provincia, Luis Franchi; la inspectora de la zona 69, Mar\u00eda Elena Palomeque; la directora del CENI Dalmacio V\u00e9lez Sarsfield, Patricia Quinteros; la subsecretaria de Coordinaci\u00f3n de Educaci\u00f3n del norte de C\u00f3rdoba, Patricia Mart\u00ednez; y la subsecretaria de Coordinaci\u00f3n Educativa de la Municipalidad de C\u00f3rdoba, Carolina Mart\u00edn.<\/p>\n","protected":false},"excerpt":{"rendered":"<p>La vicegobernadora Myrian Prunotto encabez\u00f3 la apertura de este nuevo espacio para la educaci\u00f3n inicial. Para este a\u00f1o se proyecta habilitar 30 salas cunas en distintos puntos de la geograf\u00eda provincial. En 2024, la matr\u00edcula creci\u00f3 10 puntos porcentuales, alcanzando al 69% de chicos de 3 a\u00f1os. La vicegobernadora de C\u00f3rdoba, Myrian Prunotto; junto al &hellip;<\/p>\n","protected":false},"author":1,"featured_media":7062,"comment_status":"open","ping_status":"open","sticky":false,"template":"","format":"standard","meta":{"footnotes":""},"categories":[48],"tags":[],"class_list":["post-7066","post","type-post","status-publish","format-standard","has-post-thumbnail","hentry","category-info-general"],"_links":{"self":[{"href":"https:\/\/radiobeat97.com.ar\/beat\/wp-json\/wp\/v2\/posts\/7066","targetHints":{"allow":["GET"]}}],"collection":[{"href":"https:\/\/radiobeat97.com.ar\/beat\/wp-json\/wp\/v2\/posts"}],"about":[{"href":"https:\/\/radiobeat97.com.ar\/beat\/wp-json\/wp\/v2\/types\/post"}],"author":[{"embeddable":true,"href":"https:\/\/radiobeat97.com.ar\/beat\/wp-json\/wp\/v2\/users\/1"}],"replies":[{"embeddable":true,"href":"https:\/\/radiobeat97.com.ar\/beat\/wp-json\/wp\/v2\/comments?post=7066"}],"version-history":[{"count":1,"href":"https:\/\/radiobeat97.com.ar\/beat\/wp-json\/wp\/v2\/posts\/7066\/revisions"}],"predecessor-version":[{"id":7067,"href":"https:\/\/radiobeat97.com.ar\/beat\/wp-json\/wp\/v2\/posts\/7066\/revisions\/7067"}],"wp:featuredmedia":[{"embeddable":true,"href":"https:\/\/radiobeat97.com.ar\/beat\/wp-json\/wp\/v2\/media\/7062"}],"wp:attachment":[{"href":"https:\/\/radiobeat97.com.ar\/beat\/wp-json\/wp\/v2\/media?parent=7066"}],"wp:term":[{"taxonomy":"category","embeddable":true,"href":"https:\/\/radiobeat97.com.ar\/beat\/wp-json\/wp\/v2\/categories?post=7066"},{"taxonomy":"post_tag","embeddable":true,"href":"https:\/\/radiobeat97.com.ar\/beat\/wp-json\/wp\/v2\/tags?post=7066"}],"curies":[{"name":"wp","href":"https:\/\/api.w.org\/{rel}","templated":true}]}}