{"id":7094,"date":"2025-02-28T18:50:15","date_gmt":"2025-02-28T21:50:15","guid":{"rendered":"https:\/\/radiobeat97.com.ar\/beat\/?p=7094"},"modified":"2025-02-28T18:50:15","modified_gmt":"2025-02-28T21:50:15","slug":"babasonicos-vuelve-a-cordoba-enterate-donde-comprar-tus-entradas","status":"publish","type":"post","link":"https:\/\/radiobeat97.com.ar\/beat\/babasonicos-vuelve-a-cordoba-enterate-donde-comprar-tus-entradas\/","title":{"rendered":"Babasonicos vuelve a C\u00f3rdoba, enterate donde comprar tus entradas"},"content":{"rendered":"<table role=\"presentation\" border=\"0\" width=\"100%\" cellspacing=\"0\" cellpadding=\"0\">\n<tbody>\n<tr>\n<td align=\"left\">\n<div class=\"m_-4580888211070368768v-font-size\">\n<p>El 2024 fue un gran a\u00f1o para la banda argentina que no para de sorprender. Luego de abrir el 2025 con un multitudinario concierto en las playas argentinas,\u00a0<strong>Babasonicos<\/strong>\u00a0<strong>vuelve a la ciudad de C\u00f3rdoba para dar un gran show en la Plaza de la M\u00fasica.<\/strong><\/p>\n<\/div>\n<\/td>\n<\/tr>\n<\/tbody>\n<\/table>\n<table role=\"presentation\" border=\"0\" width=\"100%\" cellspacing=\"0\" cellpadding=\"0\">\n<tbody>\n<tr>\n<td align=\"left\">\n<div class=\"m_-4580888211070368768v-font-size\">\n<p>La banda sigue a\u00f1o tras a\u00f1o sorprendiendo con sus imponentes puestas, sus ecl\u00e9cticas listas de temas y su renovaci\u00f3n constante de p\u00fablico.<\/p>\n<p>&nbsp;<\/p>\n<p>Grandes artistas del rock, el trap y el pop nacional se pueden encontrar en sus recitales. Siguieron agotando estadios Movistar Arena tanto en Argentina como en Chile. Realizaron dos auditorios Nacional Sold Out en M\u00e9xico, se presentaron con record de p\u00fablico en los principales festivales del pa\u00eds y Latinoam\u00e9rica, como Vive Latino (M\u00e9xico), Festival Bandera (Rosario), Festival Cordillera (Colombia) y Creamfields (Buenos Aires).<\/p>\n<p>Adem\u00e1s de su presentaci\u00f3n en la celebraci\u00f3n de los 25 a\u00f1os del festival de rock m\u00e1s importante del pa\u00eds, el\u00a0<strong>\u00a1Cosqu\u00edn Rock!<\/strong><\/p>\n<p>&nbsp;<\/p>\n<p>Realizaron una exitosa gira por toda Europa y este a\u00f1o vuelven a presentarse en venues de mayor capacidad. Estrenaron el documental\u00a0<strong>\u00abEl Abstracto de la M\u00fasica\u00bb realizado por Juli\u00e1n Lona\u00a0<\/strong>y fueron de los artistas m\u00e1s escuchados del a\u00f1o en plataformas digitales.<\/p>\n<\/div>\n<\/td>\n<\/tr>\n<\/tbody>\n<\/table>\n<table role=\"presentation\" border=\"0\" width=\"100%\" cellspacing=\"0\" cellpadding=\"0\">\n<tbody>\n<tr>\n<td align=\"left\">\n<div class=\"m_-4580888211070368768v-font-size\">\n<p>Como parte de su gira, la banda se presentar\u00e1 en la Plaza de la M\u00fasica de la ciudad de C\u00f3rdoba el 30 de Abril.\u00a0<strong>Las entradas ya se pueden adquirir en\u00a0<a href=\"https:\/\/envivoproducci.tr.pemsv30.net\/c\/eyJhIjoiZW52aXZvcHJvZHVjY2kiLCJtIjoibWFpbF9jbTdwMjdudm1uOWs3MDk0OG9uZTNlc3p4IiwibCI6ImxpbmtfM2M1MmFlMTA2NDk3YjNlNzg5YmFiNGI1MWJlNmZjMTI1Yzc4OGM0Y183NzY1YjYiLCJpIjpbXSwidSI6Imh0dHBzOi8vd3d3LmVkZW5lbnRyYWRhcy5hci9ldmVudC9iYWJhc29uaWNvcy0zMDA0MjU_dXRtX3NvdXJjZT1wZXJmaXQmdXRtX21lZGl1bT1lbWFpbCZ1dG1fY2FtcGFpZ249R0FDRSUyMEJBQkFTT05JQ09TJTIwLSUyMFBMQVpBJTIwREUlMjBMQSUyME0lQzMlOUFTSUNBIiwiYyI6IiIsImgiOiJjZWQyNWQifQ\" target=\"_blank\" rel=\"noopener\" data-saferedirecturl=\"https:\/\/www.google.com\/url?q=https:\/\/envivoproducci.tr.pemsv30.net\/c\/eyJhIjoiZW52aXZvcHJvZHVjY2kiLCJtIjoibWFpbF9jbTdwMjdudm1uOWs3MDk0OG9uZTNlc3p4IiwibCI6ImxpbmtfM2M1MmFlMTA2NDk3YjNlNzg5YmFiNGI1MWJlNmZjMTI1Yzc4OGM0Y183NzY1YjYiLCJpIjpbXSwidSI6Imh0dHBzOi8vd3d3LmVkZW5lbnRyYWRhcy5hci9ldmVudC9iYWJhc29uaWNvcy0zMDA0MjU_dXRtX3NvdXJjZT1wZXJmaXQmdXRtX21lZGl1bT1lbWFpbCZ1dG1fY2FtcGFpZ249R0FDRSUyMEJBQkFTT05JQ09TJTIwLSUyMFBMQVpBJTIwREUlMjBMQSUyME0lQzMlOUFTSUNBIiwiYyI6IiIsImgiOiJjZWQyNWQifQ&amp;source=gmail&amp;ust=1740853036449000&amp;usg=AOvVaw24l38ehUZCvVxEeMxJCwkI\">www.edenentradas.ar<\/a><\/strong><\/p>\n<\/div>\n<\/td>\n<\/tr>\n<\/tbody>\n<\/table>\n","protected":false},"excerpt":{"rendered":"<p>El 2024 fue un gran a\u00f1o para la banda argentina que no para de sorprender. Luego de abrir el 2025 con un multitudinario concierto en las playas argentinas,\u00a0Babasonicos\u00a0vuelve a la ciudad de C\u00f3rdoba para dar un gran show en la Plaza de la M\u00fasica. La banda sigue a\u00f1o tras a\u00f1o sorprendiendo con sus imponentes puestas, &hellip;<\/p>\n","protected":false},"author":1,"featured_media":3270,"comment_status":"open","ping_status":"open","sticky":false,"template":"","format":"standard","meta":{"footnotes":""},"categories":[46],"tags":[],"class_list":["post-7094","post","type-post","status-publish","format-standard","has-post-thumbnail","hentry","category-musica"],"_links":{"self":[{"href":"https:\/\/radiobeat97.com.ar\/beat\/wp-json\/wp\/v2\/posts\/7094","targetHints":{"allow":["GET"]}}],"collection":[{"href":"https:\/\/radiobeat97.com.ar\/beat\/wp-json\/wp\/v2\/posts"}],"about":[{"href":"https:\/\/radiobeat97.com.ar\/beat\/wp-json\/wp\/v2\/types\/post"}],"author":[{"embeddable":true,"href":"https:\/\/radiobeat97.com.ar\/beat\/wp-json\/wp\/v2\/users\/1"}],"replies":[{"embeddable":true,"href":"https:\/\/radiobeat97.com.ar\/beat\/wp-json\/wp\/v2\/comments?post=7094"}],"version-history":[{"count":1,"href":"https:\/\/radiobeat97.com.ar\/beat\/wp-json\/wp\/v2\/posts\/7094\/revisions"}],"predecessor-version":[{"id":7095,"href":"https:\/\/radiobeat97.com.ar\/beat\/wp-json\/wp\/v2\/posts\/7094\/revisions\/7095"}],"wp:featuredmedia":[{"embeddable":true,"href":"https:\/\/radiobeat97.com.ar\/beat\/wp-json\/wp\/v2\/media\/3270"}],"wp:attachment":[{"href":"https:\/\/radiobeat97.com.ar\/beat\/wp-json\/wp\/v2\/media?parent=7094"}],"wp:term":[{"taxonomy":"category","embeddable":true,"href":"https:\/\/radiobeat97.com.ar\/beat\/wp-json\/wp\/v2\/categories?post=7094"},{"taxonomy":"post_tag","embeddable":true,"href":"https:\/\/radiobeat97.com.ar\/beat\/wp-json\/wp\/v2\/tags?post=7094"}],"curies":[{"name":"wp","href":"https:\/\/api.w.org\/{rel}","templated":true}]}}