{"id":7170,"date":"2025-04-04T11:21:23","date_gmt":"2025-04-04T14:21:23","guid":{"rendered":"https:\/\/radiobeat97.com.ar\/beat\/?p=7170"},"modified":"2025-04-03T18:22:12","modified_gmt":"2025-04-03T21:22:12","slug":"inicio-la-distribucion-de-40-000-netbooks-en-escuelas-publicas-de-toda-la-provincia","status":"publish","type":"post","link":"https:\/\/radiobeat97.com.ar\/beat\/inicio-la-distribucion-de-40-000-netbooks-en-escuelas-publicas-de-toda-la-provincia\/","title":{"rendered":"Inici\u00f3 la distribuci\u00f3n de 40.000 netbooks en escuelas p\u00fablicas de toda la provincia"},"content":{"rendered":"<ul class=\" wp-block-list eplus-wrapper eplus-styles-uid-d73974\">\n<li class=\" eplus-wrapper\"><strong>La primera entrega alcanz\u00f3 a casi 300 instituciones de la ciudad de C\u00f3rdoba.<\/strong><\/li>\n<\/ul>\n<p class=\" eplus-wrapper\">El Gobierno de C\u00f3rdoba, a trav\u00e9s del Ministerio de Educaci\u00f3n, inici\u00f3 este jueves la distribuci\u00f3n de 40.000 netbooks que ser\u00e1n entregadas a escuelas p\u00fablicas primarias, secundarias, t\u00e9cnicas, especiales y de modalidades j\u00f3venes y adultos de toda la provincia.<\/p>\n<p class=\" eplus-wrapper\">La inversi\u00f3n prevista es de U$S5.880.000<\/p>\n<p class=\" eplus-wrapper\">Acompa\u00f1ado por docentes y directivos, el ministro de Educaci\u00f3n, Horacio Ferreyra, encabez\u00f3 dos actos de entrega de 9.715 dispositivos a 272 instituciones de la ciudad de C\u00f3rdoba.<\/p>\n<p class=\" eplus-wrapper\">La cartera educativa tiene previsto realizar al menos diez operativos similares en todo el territorio provincial, para concretar en el transcurso del corriente a\u00f1o la distribuci\u00f3n de 40.000 computadoras.<\/p>\n<p class=\" eplus-wrapper\">Adem\u00e1s, en cada encuentro, los docentes reciben capacitaciones sobre tem\u00e1ticas vinculadas a tecnolog\u00edas en la educaci\u00f3n.<\/p>\n<p class=\" eplus-wrapper\">En el primer encuentro del a\u00f1o, m\u00e1s de 600 docentes fueron capacitados.<\/p>\n<p class=\" eplus-wrapper\">Durante la entrega, el titular de la cartera educativa expres\u00f3 su alegr\u00eda y destac\u00f3 que \u00ab<em>esto es algo que anhelamos mucho, porque cuando uno asume en la funci\u00f3n p\u00fablica siempre tiene sue\u00f1os, y cuando se van concretando, uno lo celebra, pero sabiendo que tambi\u00e9n empiezan nuevos desaf\u00edos\u201d.<\/em><\/p>\n<p class=\" eplus-wrapper\">Esta iniciativa se desarrolla en el marco del Programa TecnoPresente, dise\u00f1ado por el Estado provincial para dotar de herramientas, capacitaciones y espacios de ense\u00f1anza y aprendizaje de nuevas tecnolog\u00edas a docentes y estudiantes de todos los niveles y modalidades.<\/p>\n<p class=\" eplus-wrapper\">En este sentido, cabe recordar que en 2024 el Gobierno de C\u00f3rdoba entreg\u00f3 13.414 notebooks (U$S1.918.202), alcanzando a 913 instituciones educativas.<\/p>\n<p class=\" eplus-wrapper\">\n<figure class=\" wp-block-image size-full eplus-wrapper\"><img fetchpriority=\"high\" decoding=\"async\" class=\"wp-image-616901\" src=\"https:\/\/prensa.cba.gov.ar\/wp-content\/uploads\/2025\/04\/WhatsApp-Image-2025-04-03-at-16.15.42-1.jpeg\" sizes=\"(max-width: 993px) 100vw, 993px\" srcset=\"https:\/\/prensa.cba.gov.ar\/wp-content\/uploads\/2025\/04\/WhatsApp-Image-2025-04-03-at-16.15.42-1.jpeg 993w, https:\/\/prensa.cba.gov.ar\/wp-content\/uploads\/2025\/04\/WhatsApp-Image-2025-04-03-at-16.15.42-1-300x200.jpeg 300w, https:\/\/prensa.cba.gov.ar\/wp-content\/uploads\/2025\/04\/WhatsApp-Image-2025-04-03-at-16.15.42-1-768x512.jpeg 768w\" alt=\"\" width=\"993\" height=\"662\" \/><\/figure>\n<p class=\" eplus-wrapper\">Ferreyra agradeci\u00f3 al gobernador Mart\u00edn Llaryora por poner a la educaci\u00f3n como una prioridad para la Provincia y pidi\u00f3 que tambi\u00e9n sea una prioridad\u00a0<em>\u201cpara cada uno de nosotros y ustedes en su tarea, porque tenemos como desaf\u00edo consolidar logros y realizar las transformaciones necesarias\u201d.<\/em><\/p>\n<p class=\" eplus-wrapper\">Al mismo tiempo, 8.520 estudiantes de formaci\u00f3n docente accedieron a netbooks y a instancias de formaci\u00f3n que beneficiaron a m\u00e1s de 25.400 estudiantes de profesorados, docentes, directivos y supervisores.<\/p>\n<p class=\" eplus-wrapper\">Adem\u00e1s, se llev\u00f3 a cabo la actualizaci\u00f3n de los laboratorios de inform\u00e1tica de todas las instituciones de educaci\u00f3n secundaria orientada y de la modalidad t\u00e9cnica y profesional que tienen en inform\u00e1tica o programaci\u00f3n (88 Instituciones).<\/p>\n<p class=\" eplus-wrapper\">Por \u00faltimo, el ministro indic\u00f3 que la situaci\u00f3n es compleja y controvertida desde lo econ\u00f3mico, cultural y social.\u00a0<em>\u201cY esto comienza a atravesar nuestras pr\u00e1cticas educativas, nuestras pr\u00e1cticas cotidianas, pero no nos tiene que parar, tenemos que poder seguir de manera gradual, de manera progresiva. Por eso los invito a todos a que planifiquen, sue\u00f1en para dejar la educaci\u00f3n en lo m\u00e1s alto\u201d.<\/em><\/p>\n<p class=\" eplus-wrapper\">En marzo de este a\u00f1o el Gobierno de C\u00f3rdoba logr\u00f3 otro hito en materia de tecnolog\u00eda en educaci\u00f3n, ya que se concret\u00f3 la instalaci\u00f3n de internet satelital Starlink en todas las escuelas rurales y de alta monta\u00f1a de la provincia.<\/p>\n<p class=\" eplus-wrapper\">De esta manera, 871 establecimientos que se encuentran alejados de grandes centros urbanos cuentan con conectividad de 300 megas, una iniciativa in\u00e9dita en Latinoam\u00e9rica, que implic\u00f3 una inversi\u00f3n hist\u00f3rica en infraestructura digital (12.000.000 d\u00f3lares que incluye instalaci\u00f3n, servicios y soporte por 3 a\u00f1os), permitiendo que estudiantes, docentes y ciudadanos tengan acceso a la tecnolog\u00eda y al conocimiento.<\/p>\n<p class=\" eplus-wrapper\">Estuvieron presentes, adem\u00e1s, el secretario de Educaci\u00f3n, Luis Franchi; la secretaria de Innovaci\u00f3n, Desarrollo Profesional y Tecnolog\u00edas en Educaci\u00f3n, Gabriela Peretti; el director General de Educaci\u00f3n Primaria, Cruz Sebasti\u00e1n \u00c1lvarez; el director de Tecnolog\u00edas en Educaci\u00f3n, Gabriel Scarano; supervisores, docentes, directivos.<\/p>\n<p class=\" eplus-wrapper\"><strong>Testimonios<\/strong><\/p>\n<p class=\" eplus-wrapper\">Mariela Roata, directora de la escuela Provincia de Misiones, se\u00f1al\u00f3 que\u00a0<em>\u201cnos va a facilitar la implementaci\u00f3n en el aula de las nuevas herramientas. La tecnolog\u00eda y la computaci\u00f3n es una realidad, y los chicos con ello aprenden de una manera diferente, donde los docentes tambi\u00e9n incurren en una nueva modalidad de trabajo\u201d.<\/em><\/p>\n<p class=\" eplus-wrapper\">Mientras que Mar\u00eda Cecilia Galo, directora de la escuela Madre Teresa de Calcuta, sostuvo que\u00a0<em>\u201cnos va a dar oportunidades a docentes y estudiantes para recorrer otras rutas de aprendizaje. Con las computadoras podremos generar nuevas capacidades para la vida, no solo para la trayectoria escolar, con actividades m\u00e1s innovadoras y nuevos caminos\u201d.<\/em><\/p>\n","protected":false},"excerpt":{"rendered":"<p>La primera entrega alcanz\u00f3 a casi 300 instituciones de la ciudad de C\u00f3rdoba. El Gobierno de C\u00f3rdoba, a trav\u00e9s del Ministerio de Educaci\u00f3n, inici\u00f3 este jueves la distribuci\u00f3n de 40.000 netbooks que ser\u00e1n entregadas a escuelas p\u00fablicas primarias, secundarias, t\u00e9cnicas, especiales y de modalidades j\u00f3venes y adultos de toda la provincia. La inversi\u00f3n prevista es &hellip;<\/p>\n","protected":false},"author":1,"featured_media":7171,"comment_status":"open","ping_status":"open","sticky":false,"template":"","format":"standard","meta":{"footnotes":""},"categories":[48],"tags":[],"class_list":["post-7170","post","type-post","status-publish","format-standard","has-post-thumbnail","hentry","category-info-general"],"_links":{"self":[{"href":"https:\/\/radiobeat97.com.ar\/beat\/wp-json\/wp\/v2\/posts\/7170","targetHints":{"allow":["GET"]}}],"collection":[{"href":"https:\/\/radiobeat97.com.ar\/beat\/wp-json\/wp\/v2\/posts"}],"about":[{"href":"https:\/\/radiobeat97.com.ar\/beat\/wp-json\/wp\/v2\/types\/post"}],"author":[{"embeddable":true,"href":"https:\/\/radiobeat97.com.ar\/beat\/wp-json\/wp\/v2\/users\/1"}],"replies":[{"embeddable":true,"href":"https:\/\/radiobeat97.com.ar\/beat\/wp-json\/wp\/v2\/comments?post=7170"}],"version-history":[{"count":1,"href":"https:\/\/radiobeat97.com.ar\/beat\/wp-json\/wp\/v2\/posts\/7170\/revisions"}],"predecessor-version":[{"id":7172,"href":"https:\/\/radiobeat97.com.ar\/beat\/wp-json\/wp\/v2\/posts\/7170\/revisions\/7172"}],"wp:featuredmedia":[{"embeddable":true,"href":"https:\/\/radiobeat97.com.ar\/beat\/wp-json\/wp\/v2\/media\/7171"}],"wp:attachment":[{"href":"https:\/\/radiobeat97.com.ar\/beat\/wp-json\/wp\/v2\/media?parent=7170"}],"wp:term":[{"taxonomy":"category","embeddable":true,"href":"https:\/\/radiobeat97.com.ar\/beat\/wp-json\/wp\/v2\/categories?post=7170"},{"taxonomy":"post_tag","embeddable":true,"href":"https:\/\/radiobeat97.com.ar\/beat\/wp-json\/wp\/v2\/tags?post=7170"}],"curies":[{"name":"wp","href":"https:\/\/api.w.org\/{rel}","templated":true}]}}