{"id":7179,"date":"2025-04-07T08:27:03","date_gmt":"2025-04-07T11:27:03","guid":{"rendered":"https:\/\/radiobeat97.com.ar\/beat\/?p=7179"},"modified":"2025-04-07T08:27:03","modified_gmt":"2025-04-07T11:27:03","slug":"llaryora-anuncio-la-construccion-de-un-hospital-para-carlos-paz","status":"publish","type":"post","link":"https:\/\/radiobeat97.com.ar\/beat\/llaryora-anuncio-la-construccion-de-un-hospital-para-carlos-paz\/","title":{"rendered":"Llaryora anunci\u00f3 la construcci\u00f3n de un hospital para Carlos Paz"},"content":{"rendered":"<ul class=\" wp-block-list eplus-wrapper eplus-styles-uid-de491b\">\n<li class=\" eplus-wrapper\"><strong>\u201c<em>Carlos Paz merece un hospital para mejorar la atenci\u00f3n de sus vecinos y tambi\u00e9n de los turistas que la visitan<\/em>\u201d, sostuvo el gobernador.<\/strong><\/li>\n<li class=\" eplus-wrapper\"><strong>Adem\u00e1s, comprometi\u00f3 aportes por 100 millones para la puesta en valor del Puente Uruguay.<\/strong><\/li>\n<li class=\" eplus-wrapper\"><strong>Tambi\u00e9n adelant\u00f3 una campa\u00f1a de promoci\u00f3n de la ciudad de Punilla como sede nacional del turismo estudiantil.<\/strong><\/li>\n<\/ul>\n<p class=\" eplus-wrapper\">El gobernador Mart\u00edn Llaryora visit\u00f3 este s\u00e1bado la ciudad de Villa Carlos Paz, donde particip\u00f3 de la 4\u00b0 Edici\u00f3n de la Fiesta de Gala de la comunidad tur\u00edstica y comercial de la villa serrana.<\/p>\n<p class=\" eplus-wrapper\">Ante empresarios y referentes del sector, el mandatario provincial anunci\u00f3 que el Gobierno de C\u00f3rdoba construir\u00e1 un nuevo hospital en Villa Carlos Paz, \u00ab<em>porque la villa serrana se merece un nosocomio para sus vecinos y mejorar la atenci\u00f3n de los turistas<\/em>\u201d.<\/p>\n<p class=\" eplus-wrapper\">Acompa\u00f1ado por el intendente Esteban Avil\u00e9s, Llaryora destac\u00f3 que \u201c<em>en C\u00f3rdoba tenemos un valor supremo, podemos pensar distinto, pero trabajar juntos. Y eso no es poco. Creo que eso, a\u00f1o tras a\u00f1o, es lo que nos lleva a tener un marcado crecimiento<\/em>\u201d.<\/p>\n<p class=\" eplus-wrapper\">Al mismo tiempo, reafirm\u00f3 la decisi\u00f3n del Gobierno de C\u00f3rdoba de realizar inversiones estrat\u00e9gicas en infraestructura para mejorar as\u00ed la calidad de vida de los vecinos.<\/p>\n<p class=\" eplus-wrapper\">Llaryora adelant\u00f3 que adem\u00e1s de repavimentar la avenida C\u00e1rcano, se reformular\u00e1 el acueducto que pasa por debajo de esa arteria, para que tenga m\u00e1s capacidad de abastecimiento.<\/p>\n<figure class=\" wp-block-audio eplus-wrapper\"><audio src=\"https:\/\/prensa.cba.gov.ar\/wp-content\/uploads\/2025\/04\/LLARYORA-ANUNCIOS-C-PAZ.mp3\" controls=\"controls\" data-mce-fragment=\"1\"><\/audio><figcaption class=\"wp-element-caption\"><strong><em>Gobernador Mart\u00edn Llaryora.<\/em><\/strong><\/figcaption><\/figure>\n<p class=\" eplus-wrapper\">El intendente de Villa Carlos Paz, Esteban Avil\u00e9s, calific\u00f3 el anticipo del gobernador como \u201c<em>un gran anuncio que vamos a consolidar trabajando en conjunto, mejorando los servicios. Los cordobeses nos complementamos y trabajamos todos juntos<\/em>\u201d.<\/p>\n<p class=\" eplus-wrapper\">A su turno, Andr\u00e9s Garc\u00eda, presidente de la C\u00e1mara de Turismo de Carlos Paz, se\u00f1al\u00f3 que \u201c<em>tenemos que entender que en una situaci\u00f3n cr\u00edtica como la que estamos, hay que trabajar en conjunto, el Estado con los privados. Tenemos que dejar las mezquindades de lado. El com\u00fan denominador es trabajar por el turismo de la provincia<\/em>\u201d.<\/p>\n<p class=\" eplus-wrapper\">En la oportunidad, el gobernador comprometi\u00f3 un aporte de 60 millones de pesos para los bomberos voluntarios de Carlos Paz.<\/p>\n<p class=\" eplus-wrapper\">Estuvieron presentes, adem\u00e1s, el ministro de Gobierno, Manuel Calvo; y el presidente de la Agencia C\u00f3rdoba Turismo, Dar\u00edo Capitani.<\/p>\n<h4 class=\" wp-block-heading eplus-wrapper\">Puesta en valor del Puente Uruguay<\/h4>\n<p class=\" eplus-wrapper\">En el mismo acto, Mart\u00edn Llaryora anunci\u00f3 aportes para la puesta en valor del Puente Uruguay de la villa tur\u00edstica: \u201c<em>Vamos a destinar 100 millones para que pongan ese puente lo m\u00e1s lindo posible y sea una galer\u00eda de arte y un lugar de exposiciones para toda la comunidad y vecinos<\/em>\u201d.<\/p>\n<p class=\" eplus-wrapper\">La inversi\u00f3n comprometida por la Provincia representa la continuidad del trabajo conjunto y coordinado con la C\u00e1mara de Turismo de Villa Carlos Paz y la Agencia C\u00f3rdoba Turismo para recuperar este \u00edcono de la ciudad, promoviendo su desarrollo tur\u00edstico, cultural e institucional.<\/p>\n<p class=\" eplus-wrapper\">El Gobernador agradeci\u00f3 a la industria tur\u00edstica y valor\u00f3 el trabajo conjunto con el sector privado: \u201c<em>Es el sector que m\u00e1s crece en el mundo, una de las industrias m\u00e1s permanentes que va a poder resistir frente a la tecnolog\u00eda y a todas estas nuevas tendencias. Son generadores de puestos de trabajo y van a crear a\u00fan m\u00e1s<\/em>\u201d.<\/p>\n<p class=\" eplus-wrapper\">Llaryora tambi\u00e9n defendi\u00f3 la realizaci\u00f3n de eventos y dijo que \u201c<em>C\u00f3rdoba va a mejorar cualquier oferta para que vengan m\u00e1s eventos, porque llenan los hoteles y tenemos miles de turistas<\/em>\u201d.<\/p>\n<p class=\" eplus-wrapper\">Vale recordar que, en diciembre de 2024, se firm\u00f3 el convenio que otorga a la C\u00e1mara la gesti\u00f3n integral de la Galer\u00eda de Exposici\u00f3n del Puente Uruguay por los pr\u00f3ximos 10 a\u00f1os.<\/p>\n<p class=\" eplus-wrapper\">El Puente Uruguay, construido en 1945, cuenta con dos apoyos en tierra y tres en el agua.<\/p>\n<p class=\" eplus-wrapper\">Originalmente ten\u00eda un carril por mano, pero debido al crecimiento tur\u00edstico de la villa, se decidi\u00f3 en 2008 ampliar los carriles de tr\u00e1nsito vehicular de dos a cuatro.<\/p>\n<p class=\" eplus-wrapper\">Este puente carretero fue completamente restaurado a comienzos de 2010, consolid\u00e1ndose como uno de los atractivos tur\u00edsticos m\u00e1s importantes de la ciudad.<\/p>\n<h4 class=\" wp-block-heading eplus-wrapper\">Impulso al turismo estudiantil<\/h4>\n<p class=\" eplus-wrapper\">El Gobernador manifest\u00f3 tambi\u00e9n la decisi\u00f3n del Gobierno de C\u00f3rdoba de potenciar el desarrollo tur\u00edstico de Carlos Paz a trav\u00e9s de una campa\u00f1a de comunicaci\u00f3n nacional e internacional para sostener y amplificar el turismo estudiantil.<\/p>\n<p class=\" eplus-wrapper\">En los \u00faltimos a\u00f1os, este rubro experiment\u00f3 un gran crecimiento en la villa y es un factor clave para la econom\u00eda y el desarrollo local.<\/p>\n<p class=\" eplus-wrapper\">El gobernador anunci\u00f3 as\u00ed la duplicaci\u00f3n del presupuesto para la promoci\u00f3n y difusi\u00f3n de Carlos Paz como sede del turismo estudiantil y gamer del pa\u00eds.<\/p>\n<p class=\" eplus-wrapper\">\u201c<em>Carlos Paz es la capital del turismo estudiantil, principalmente de escuelas primarias. Y eso es un nicho que nos permite romper la estacionalidad. Y por eso tenemos que consolidarnos como polo educativo, y eso tambi\u00e9n es turismo estudiantil<\/em>\u201d, asegur\u00f3 Llaryora.<\/p>\n<p><iframe title=\"Llaryora anunci\u00f3 la construcci\u00f3n de un nuevo hospital para Carlos Paz\" src=\"https:\/\/www.youtube.com\/embed\/Lx8ndQiyWnM\" width=\"1012\" height=\"569\" frameborder=\"0\" allowfullscreen=\"allowfullscreen\" data-mce-fragment=\"1\"><\/iframe><\/p>\n","protected":false},"excerpt":{"rendered":"<p>\u201cCarlos Paz merece un hospital para mejorar la atenci\u00f3n de sus vecinos y tambi\u00e9n de los turistas que la visitan\u201d, sostuvo el gobernador. Adem\u00e1s, comprometi\u00f3 aportes por 100 millones para la puesta en valor del Puente Uruguay. Tambi\u00e9n adelant\u00f3 una campa\u00f1a de promoci\u00f3n de la ciudad de Punilla como sede nacional del turismo estudiantil. El &hellip;<\/p>\n","protected":false},"author":1,"featured_media":7180,"comment_status":"open","ping_status":"open","sticky":false,"template":"","format":"standard","meta":{"footnotes":""},"categories":[48],"tags":[],"class_list":["post-7179","post","type-post","status-publish","format-standard","has-post-thumbnail","hentry","category-info-general"],"_links":{"self":[{"href":"https:\/\/radiobeat97.com.ar\/beat\/wp-json\/wp\/v2\/posts\/7179","targetHints":{"allow":["GET"]}}],"collection":[{"href":"https:\/\/radiobeat97.com.ar\/beat\/wp-json\/wp\/v2\/posts"}],"about":[{"href":"https:\/\/radiobeat97.com.ar\/beat\/wp-json\/wp\/v2\/types\/post"}],"author":[{"embeddable":true,"href":"https:\/\/radiobeat97.com.ar\/beat\/wp-json\/wp\/v2\/users\/1"}],"replies":[{"embeddable":true,"href":"https:\/\/radiobeat97.com.ar\/beat\/wp-json\/wp\/v2\/comments?post=7179"}],"version-history":[{"count":1,"href":"https:\/\/radiobeat97.com.ar\/beat\/wp-json\/wp\/v2\/posts\/7179\/revisions"}],"predecessor-version":[{"id":7182,"href":"https:\/\/radiobeat97.com.ar\/beat\/wp-json\/wp\/v2\/posts\/7179\/revisions\/7182"}],"wp:featuredmedia":[{"embeddable":true,"href":"https:\/\/radiobeat97.com.ar\/beat\/wp-json\/wp\/v2\/media\/7180"}],"wp:attachment":[{"href":"https:\/\/radiobeat97.com.ar\/beat\/wp-json\/wp\/v2\/media?parent=7179"}],"wp:term":[{"taxonomy":"category","embeddable":true,"href":"https:\/\/radiobeat97.com.ar\/beat\/wp-json\/wp\/v2\/categories?post=7179"},{"taxonomy":"post_tag","embeddable":true,"href":"https:\/\/radiobeat97.com.ar\/beat\/wp-json\/wp\/v2\/tags?post=7179"}],"curies":[{"name":"wp","href":"https:\/\/api.w.org\/{rel}","templated":true}]}}