{"id":7193,"date":"2025-04-08T08:15:10","date_gmt":"2025-04-08T11:15:10","guid":{"rendered":"https:\/\/radiobeat97.com.ar\/beat\/?p=7193"},"modified":"2025-04-08T08:15:10","modified_gmt":"2025-04-08T11:15:10","slug":"los-piojos-cordoba-sera-sede-de-un-nuevo-ritual-piojoso-con-entradas-agotadas","status":"publish","type":"post","link":"https:\/\/radiobeat97.com.ar\/beat\/los-piojos-cordoba-sera-sede-de-un-nuevo-ritual-piojoso-con-entradas-agotadas\/","title":{"rendered":"LOS PIOJOS \u00a1C\u00f3rdoba ser\u00e1 sede de un nuevo Ritual Piojoso con entradas AGOTADAS!"},"content":{"rendered":"<table role=\"presentation\" border=\"0\" width=\"100%\" cellspacing=\"0\" cellpadding=\"0\">\n<tbody>\n<tr>\n<td align=\"left\">\n<div class=\"m_-6008476184945322081v-font-size\">\n<p>Luego de un espectacular regreso a los escenarios con\u00a0<strong>siete estadios agotados en La Plata\u00a0<\/strong>y una\u00a0<strong>presentaci\u00f3n hist\u00f3rica en el Cosqu\u00edn Rock 2025<\/strong>,\u00a0<strong>Los Piojos<\/strong>\u00a0anunciaron un\u00a0<strong>nuevo show en C\u00f3rdoba<\/strong>. La banda liderada por\u00a0<strong>Andr\u00e9s Ciro Mart\u00ednez<\/strong>\u00a0tocar\u00e1 el pr\u00f3ximo\u00a0<strong>10 de mayo en el Play\u00f3n del Estadio Mario Alberto Kempes<\/strong>, prometiendo una noche \u00e9pica para sus seguidores con\u00a0<strong>entradas agotadas<\/strong>.<\/p>\n<\/div>\n<\/td>\n<\/tr>\n<\/tbody>\n<\/table>\n<table role=\"presentation\" border=\"0\" width=\"100%\" cellspacing=\"0\" cellpadding=\"0\">\n<tbody>\n<tr>\n<td align=\"left\">\n<table border=\"0\" width=\"100%\" cellspacing=\"0\" cellpadding=\"0\">\n<tbody>\n<tr>\n<td align=\"center\"><img decoding=\"async\" class=\"CToWUd a6T\" tabindex=\"0\" title=\"\" src=\"https:\/\/ci3.googleusercontent.com\/meips\/ADKq_NZcVwLIL8Nnl7KjfYSRNiZ2wCvRK54n19-IQDlLlMhoKtIG04YWmscqR1___iSPjgjytfNd9a4DtyOIeWxnXwDfqO73x6j7srMSnHjptIzHZb5bJDBMj9EKRPlnHnUw1seO0Pf5kgpBS29gdGYIkJeCyC-8MUZD9MGZEV2kxzSszeCz36U88fING6h6HcZmwfpdgA=s0-d-e1-ft#https:\/\/cdn.pemsv11.net\/1742994505723-04%20LOS%20PIOJOS%20en%20La%20Plata%20141224%20(Foto%20IGNACIO%20ARNEDO)%20_P0A6153.jpg\" alt=\"\" width=\"500\" align=\"center\" border=\"0\" data-bit=\"iit\" \/><\/td>\n<\/tr>\n<\/tbody>\n<\/table>\n<\/td>\n<\/tr>\n<\/tbody>\n<\/table>\n<table role=\"presentation\" border=\"0\" width=\"100%\" cellspacing=\"0\" cellpadding=\"0\">\n<tbody>\n<tr>\n<td align=\"left\">\n<div class=\"m_-6008476184945322081v-font-size\">\n<p>El\u00a0<strong>16 de febrero<\/strong>, en el\u00a0<strong>Escenario Sur del Aer\u00f3dromo de Santa Mar\u00eda de Punilla<\/strong>,\u00a0<strong>Los Piojos<\/strong>\u00a0volvieron a C\u00f3rdoba en el marco del\u00a0<strong>Cosqu\u00edn Rock<\/strong>\u00a0<strong>2025<\/strong>. El ritual piojoso arranc\u00f3 con la potente tr\u00edada\u00a0<strong>Arco \/ Te dir\u00eda \/ Yira Yira<\/strong>, y continu\u00f3 con cl\u00e1sicos como\u00a0<strong>Vine hasta aqu\u00ed<\/strong>\u00a0y\u00a0<strong>Dif\u00edcil<\/strong>\u00a0, desatando la euforia de un p\u00fablico fiel que viaj\u00f3 desde distintos puntos del pa\u00eds. Familias, amigos y fan\u00e1ticos de todas las edades se unieron en un mar de remeras y banderas piojosas, reviviendo la magia que hizo de la banda un \u00edcono del rock nacional.<\/p>\n<p>&nbsp;<\/p>\n<p>Uno de los momentos m\u00e1s emotivos en los shows de La Plata fue el\u00a0<strong>homenaje a Tavo Kupinski:<\/strong>\u00a0los m\u00fasicos interpretaron \u201cSudestada\u201d rodeados de im\u00e1genes del guitarrista y con el audio original de su voz, generando una conexi\u00f3n profunda con el p\u00fablico. Y en\u00a0<strong>\u201cVerano del 92\u201d<\/strong>, la percusi\u00f3n estuvo a cargo de los hijos de los m\u00fasicos y de los hist\u00f3ricos miembros del staff, sumando un gui\u00f1o cargado de emoci\u00f3n y continuidad generacional.<\/p>\n<p>&nbsp;<\/p>\n<p>Despu\u00e9s de la emoci\u00f3n vivida en Cosqu\u00edn, el reencuentro en C\u00f3rdoba tiene nueva fecha:\u00a0<strong>10 de mayo en el Play\u00f3n del Estadio Mario Alberto Kempes.<\/strong><\/p>\n<p>&nbsp;<\/p>\n<p><strong>Las entradas se encuentran agotadas. Desde la producci\u00f3n recomiendan no comprar entradas de reventa ni en sitios no oficiales para evitar estafas.<\/strong><\/p>\n<p>&nbsp;<\/p>\n<p>Los Piojos est\u00e1n de vuelta, y C\u00f3rdoba ser\u00e1 testigo de otra noche inolvidable completamente SOLD OUT.<\/p>\n<\/div>\n<\/td>\n<\/tr>\n<\/tbody>\n<\/table>\n","protected":false},"excerpt":{"rendered":"<p>Luego de un espectacular regreso a los escenarios con\u00a0siete estadios agotados en La Plata\u00a0y una\u00a0presentaci\u00f3n hist\u00f3rica en el Cosqu\u00edn Rock 2025,\u00a0Los Piojos\u00a0anunciaron un\u00a0nuevo show en C\u00f3rdoba. La banda liderada por\u00a0Andr\u00e9s Ciro Mart\u00ednez\u00a0tocar\u00e1 el pr\u00f3ximo\u00a010 de mayo en el Play\u00f3n del Estadio Mario Alberto Kempes, prometiendo una noche \u00e9pica para sus seguidores con\u00a0entradas agotadas. El\u00a016 de &hellip;<\/p>\n","protected":false},"author":1,"featured_media":7194,"comment_status":"open","ping_status":"open","sticky":false,"template":"","format":"standard","meta":{"footnotes":""},"categories":[46],"tags":[],"class_list":["post-7193","post","type-post","status-publish","format-standard","has-post-thumbnail","hentry","category-musica"],"_links":{"self":[{"href":"https:\/\/radiobeat97.com.ar\/beat\/wp-json\/wp\/v2\/posts\/7193","targetHints":{"allow":["GET"]}}],"collection":[{"href":"https:\/\/radiobeat97.com.ar\/beat\/wp-json\/wp\/v2\/posts"}],"about":[{"href":"https:\/\/radiobeat97.com.ar\/beat\/wp-json\/wp\/v2\/types\/post"}],"author":[{"embeddable":true,"href":"https:\/\/radiobeat97.com.ar\/beat\/wp-json\/wp\/v2\/users\/1"}],"replies":[{"embeddable":true,"href":"https:\/\/radiobeat97.com.ar\/beat\/wp-json\/wp\/v2\/comments?post=7193"}],"version-history":[{"count":1,"href":"https:\/\/radiobeat97.com.ar\/beat\/wp-json\/wp\/v2\/posts\/7193\/revisions"}],"predecessor-version":[{"id":7195,"href":"https:\/\/radiobeat97.com.ar\/beat\/wp-json\/wp\/v2\/posts\/7193\/revisions\/7195"}],"wp:featuredmedia":[{"embeddable":true,"href":"https:\/\/radiobeat97.com.ar\/beat\/wp-json\/wp\/v2\/media\/7194"}],"wp:attachment":[{"href":"https:\/\/radiobeat97.com.ar\/beat\/wp-json\/wp\/v2\/media?parent=7193"}],"wp:term":[{"taxonomy":"category","embeddable":true,"href":"https:\/\/radiobeat97.com.ar\/beat\/wp-json\/wp\/v2\/categories?post=7193"},{"taxonomy":"post_tag","embeddable":true,"href":"https:\/\/radiobeat97.com.ar\/beat\/wp-json\/wp\/v2\/tags?post=7193"}],"curies":[{"name":"wp","href":"https:\/\/api.w.org\/{rel}","templated":true}]}}