{"id":7204,"date":"2025-04-13T08:51:26","date_gmt":"2025-04-13T11:51:26","guid":{"rendered":"https:\/\/radiobeat97.com.ar\/beat\/?p=7204"},"modified":"2025-04-11T08:52:18","modified_gmt":"2025-04-11T11:52:18","slug":"la-provincia-abre-las-inscripciones-al-nuevo-curso-de-finanzas-para-emprendedores","status":"publish","type":"post","link":"https:\/\/radiobeat97.com.ar\/beat\/la-provincia-abre-las-inscripciones-al-nuevo-curso-de-finanzas-para-emprendedores\/","title":{"rendered":"La Provincia abre las inscripciones al nuevo curso de finanzas para emprendedores"},"content":{"rendered":"<ul class=\" wp-block-list eplus-wrapper eplus-styles-uid-34834a\">\n<li class=\" eplus-wrapper\"><strong>El cursado tendr\u00e1 una modalidad virtual y la primera clase ser\u00e1 el 21 de abril.<\/strong><\/li>\n<li class=\" eplus-wrapper\"><strong>La convocatoria estar\u00e1 disponible hasta el 16 de abril y quienes participen podr\u00e1n adquirir conocimientos enfocados a la gesti\u00f3n empresarial.<\/strong><\/li>\n<\/ul>\n<p class=\" eplus-wrapper\">El gobierno de la Provincia, a trav\u00e9s del Ministerio de Desarrollo y Promoci\u00f3n de Empleo, habilita las inscripciones para un nuevo curso de finanzas para emprendedores.<\/p>\n<p class=\" eplus-wrapper\">Se trata de una nueva propuesta de formaci\u00f3n impulsada por C\u00f3rdoba Emprendedora y el Banco de C\u00f3rdoba.<\/p>\n<p class=\" eplus-wrapper\">Un programa que busca sacar con \u00e9xito proyectos a trav\u00e9s de distintos ejes como la capacitaci\u00f3n constante.<\/p>\n<p class=\" eplus-wrapper\">Quienes participen podr\u00e1n reforzar conceptos de gesti\u00f3n empresarial tales como flujo de fondos, armado de presupuesto, aspectos impositivos y crediticios, errores financieros, entre otros.<\/p>\n<p class=\" eplus-wrapper\">Las inscripciones ya est\u00e1n abiertas para ser parte del taller virtual y gratuito Finanzas para Emprendedores.<\/p>\n<p class=\" eplus-wrapper\">Ser\u00e1n tres encuentros: El lunes 21, mi\u00e9rcoles 23 y viernes 25 de abril, de 15 a 17 hs.<\/p>\n<p class=\" eplus-wrapper\">La convocatoria estar\u00e1 disponible hasta el 16 de abril y est\u00e1 destinada a emprendedoras\/es mayores de 18 a\u00f1os, residentes en la provincia de C\u00f3rdoba, con secundario completo, que cuenten con un emprendimiento en marcha o en fase de idea, tanto de productos como de servicios.<\/p>\n<p class=\" eplus-wrapper\">Actualmente, son m\u00e1s de 13 mil emprendedores quienes se han formado en 65 cursos y talleres puestos en marcha.<\/p>\n<p class=\" eplus-wrapper\"><strong>Para m\u00e1s informaci\u00f3n y acceso a las inscripciones se dispone el siguiente link:\u00a0<a href=\"https:\/\/desarrolloyempleo.cba.gov.ar\/\" target=\"_blank\" rel=\"noreferrer noopener\">https:\/\/desarrolloyempleo.cba.gov.ar\/<\/a><\/strong><\/p>\n","protected":false},"excerpt":{"rendered":"<p>El cursado tendr\u00e1 una modalidad virtual y la primera clase ser\u00e1 el 21 de abril. La convocatoria estar\u00e1 disponible hasta el 16 de abril y quienes participen podr\u00e1n adquirir conocimientos enfocados a la gesti\u00f3n empresarial. El gobierno de la Provincia, a trav\u00e9s del Ministerio de Desarrollo y Promoci\u00f3n de Empleo, habilita las inscripciones para un &hellip;<\/p>\n","protected":false},"author":1,"featured_media":7205,"comment_status":"open","ping_status":"open","sticky":false,"template":"","format":"standard","meta":{"footnotes":""},"categories":[48],"tags":[],"class_list":["post-7204","post","type-post","status-publish","format-standard","has-post-thumbnail","hentry","category-info-general"],"_links":{"self":[{"href":"https:\/\/radiobeat97.com.ar\/beat\/wp-json\/wp\/v2\/posts\/7204","targetHints":{"allow":["GET"]}}],"collection":[{"href":"https:\/\/radiobeat97.com.ar\/beat\/wp-json\/wp\/v2\/posts"}],"about":[{"href":"https:\/\/radiobeat97.com.ar\/beat\/wp-json\/wp\/v2\/types\/post"}],"author":[{"embeddable":true,"href":"https:\/\/radiobeat97.com.ar\/beat\/wp-json\/wp\/v2\/users\/1"}],"replies":[{"embeddable":true,"href":"https:\/\/radiobeat97.com.ar\/beat\/wp-json\/wp\/v2\/comments?post=7204"}],"version-history":[{"count":1,"href":"https:\/\/radiobeat97.com.ar\/beat\/wp-json\/wp\/v2\/posts\/7204\/revisions"}],"predecessor-version":[{"id":7206,"href":"https:\/\/radiobeat97.com.ar\/beat\/wp-json\/wp\/v2\/posts\/7204\/revisions\/7206"}],"wp:featuredmedia":[{"embeddable":true,"href":"https:\/\/radiobeat97.com.ar\/beat\/wp-json\/wp\/v2\/media\/7205"}],"wp:attachment":[{"href":"https:\/\/radiobeat97.com.ar\/beat\/wp-json\/wp\/v2\/media?parent=7204"}],"wp:term":[{"taxonomy":"category","embeddable":true,"href":"https:\/\/radiobeat97.com.ar\/beat\/wp-json\/wp\/v2\/categories?post=7204"},{"taxonomy":"post_tag","embeddable":true,"href":"https:\/\/radiobeat97.com.ar\/beat\/wp-json\/wp\/v2\/tags?post=7204"}],"curies":[{"name":"wp","href":"https:\/\/api.w.org\/{rel}","templated":true}]}}