{"id":7208,"date":"2025-04-14T08:34:30","date_gmt":"2025-04-14T11:34:30","guid":{"rendered":"https:\/\/radiobeat97.com.ar\/beat\/?p=7208"},"modified":"2025-04-14T08:34:30","modified_gmt":"2025-04-14T11:34:30","slug":"cuenta-regresiva-para-el-desafio-rio-pinto-definieron-el-operativo-de-seguridad","status":"publish","type":"post","link":"https:\/\/radiobeat97.com.ar\/beat\/cuenta-regresiva-para-el-desafio-rio-pinto-definieron-el-operativo-de-seguridad\/","title":{"rendered":"Cuenta regresiva para el Desaf\u00edo R\u00edo Pinto: Definieron el operativo de seguridad"},"content":{"rendered":"<article id=\"post-617536\" class=\"post-617536 post type-post status-publish format-standard has-post-thumbnail hentry category-deporte category-informacion-general category-no-home category-seguridad ast-article-single\">\n<div class=\"ast-post-format- single-layout-1\">\n<div class=\"entry-content clear\">\n<ul class=\" wp-block-list eplus-wrapper eplus-styles-uid-961ccd\">\n<li class=\" eplus-wrapper\"><strong>La competencia de este a\u00f1o sumar\u00e1 m\u00e1s corredores que en 2024, totalizando unos 5.400 participantes.<\/strong><\/li>\n<li class=\" eplus-wrapper\"><strong>Habr\u00e1 dos trazados: uno de 85 kil\u00f3metros y otro de 30.<\/strong><\/li>\n<li class=\" eplus-wrapper\"><strong>El trabajo en seguridad contempla los tres d\u00edas del evento con tareas planificadas para los dos circuitos y el Aero Club local, por ser el lugar de largada y llegada.<\/strong><\/li>\n<\/ul>\n<p class=\" eplus-wrapper\">El presidente del Consejo de Seguridad Deportiva Provincial (Cosedepro), Marcelo Frossasco y el intendente de La Cumbre, Pablo Alicio, encabezaron una reuni\u00f3n durante la cual se establecieron las principales acciones del operativo de seguridad diagramado para el Desaf\u00edo R\u00edo Pinto, la carrera de mountain bike con mayor convocatoria de Am\u00e9rica.<\/p>\n<p class=\" eplus-wrapper\">El evento internacional, que este a\u00f1o congregar\u00e1 a 5.400 participantes, se llevar\u00e1 a cabo los d\u00edas viernes 2, s\u00e1bado 3 y domingo 4 de mayo en la ciudad de La Cumbre, en un circuito de 85 kil\u00f3metros para las categor\u00edas Pro, Competitivas, Gravel, E-Bike y otro de 30 km dirigido a la categor\u00eda Competitiva, con l\u00ednea de largada y llegada en el Aero Club de esa localidad.<\/p>\n<figure class=\" wp-block-image alignleft size-full is-resized eplus-wrapper\"><img fetchpriority=\"high\" decoding=\"async\" class=\"wp-image-617537\" src=\"https:\/\/prensa.cba.gov.ar\/wp-content\/uploads\/2025\/04\/IMG_20250410_113037556_HDR_AE-1.jpg\" sizes=\"(max-width: 990px) 100vw, 990px\" srcset=\"https:\/\/prensa.cba.gov.ar\/wp-content\/uploads\/2025\/04\/IMG_20250410_113037556_HDR_AE-1.jpg 990w, https:\/\/prensa.cba.gov.ar\/wp-content\/uploads\/2025\/04\/IMG_20250410_113037556_HDR_AE-1-300x184.jpg 300w, https:\/\/prensa.cba.gov.ar\/wp-content\/uploads\/2025\/04\/IMG_20250410_113037556_HDR_AE-1-768x470.jpg 768w\" alt=\"\" width=\"990\" height=\"606\" \/><\/figure>\n<p class=\" eplus-wrapper\"><em>\u201cPara nosotros es una satisfacci\u00f3n estar aqu\u00ed; vemos que el intendente y los organizadores consideran a la seguridad como una inversi\u00f3n y no como un gasto, y eso es un dato distintivo; en esta tarea no vamos a escatimar esfuerzos y recursos por lo que vamos a desarrollar un gran operativo\u201d<\/em>, asegur\u00f3 el titular del Cosedepro.<\/p>\n<p class=\" eplus-wrapper\">Durante el encuentro se trabaj\u00f3 sobre diferentes temas referidos a la competencia, tales como el traslado de bicicletas sobre veh\u00edculos dentro del marco de la ley de Tr\u00e1nsito; cantidad de efectivos policiales, bomberos y seguridad privada necesarios para todo el evento; trayectos de carrera, seguridad en el predio del Aero Club, estacionamientos, corredor sanitario, ambulancias, emergencias, centros de asistencia, impacto ambiental y tratamiento de residuos, entre otros.<\/p>\n<p class=\" eplus-wrapper\">La competencia no se suspender\u00e1 por mal tiempo, pero condiciones meteorol\u00f3gicas anormales y otros imprevistos podr\u00e1n obligar a la organizaci\u00f3n a redise\u00f1ar el recorrido por motivos de seguridad.<\/p>\n<p class=\" eplus-wrapper\">Se aguarda la llegada de una importante cantidad de turistas desde los d\u00edas previos a la competencia, movimiento que impactar\u00e1 en la ocupaci\u00f3n de las plazas de La Cumbre, Huerta Grande, Villa Giardino, Capilla del Monte y Valle Hermoso, entre los principales centros receptores de Punilla.<\/p>\n<p class=\" eplus-wrapper\">Tambi\u00e9n fueron parte de la reuni\u00f3n, el jefe de la departamental Punilla Norte, oficiales de Patrulla Rural, Caminera y Bomberos, representantes de la organizaci\u00f3n, de la seguridad privada y del municipio de La Cumbre.<\/p>\n<p class=\" eplus-wrapper\">Foto de porta: archivo.<\/p>\n<\/div>\n<\/div>\n<\/article>\n","protected":false},"excerpt":{"rendered":"<p>La competencia de este a\u00f1o sumar\u00e1 m\u00e1s corredores que en 2024, totalizando unos 5.400 participantes. Habr\u00e1 dos trazados: uno de 85 kil\u00f3metros y otro de 30. El trabajo en seguridad contempla los tres d\u00edas del evento con tareas planificadas para los dos circuitos y el Aero Club local, por ser el lugar de largada y &hellip;<\/p>\n","protected":false},"author":1,"featured_media":7209,"comment_status":"open","ping_status":"open","sticky":false,"template":"","format":"standard","meta":{"footnotes":""},"categories":[47],"tags":[],"class_list":["post-7208","post","type-post","status-publish","format-standard","has-post-thumbnail","hentry","category-deportes"],"_links":{"self":[{"href":"https:\/\/radiobeat97.com.ar\/beat\/wp-json\/wp\/v2\/posts\/7208","targetHints":{"allow":["GET"]}}],"collection":[{"href":"https:\/\/radiobeat97.com.ar\/beat\/wp-json\/wp\/v2\/posts"}],"about":[{"href":"https:\/\/radiobeat97.com.ar\/beat\/wp-json\/wp\/v2\/types\/post"}],"author":[{"embeddable":true,"href":"https:\/\/radiobeat97.com.ar\/beat\/wp-json\/wp\/v2\/users\/1"}],"replies":[{"embeddable":true,"href":"https:\/\/radiobeat97.com.ar\/beat\/wp-json\/wp\/v2\/comments?post=7208"}],"version-history":[{"count":1,"href":"https:\/\/radiobeat97.com.ar\/beat\/wp-json\/wp\/v2\/posts\/7208\/revisions"}],"predecessor-version":[{"id":7210,"href":"https:\/\/radiobeat97.com.ar\/beat\/wp-json\/wp\/v2\/posts\/7208\/revisions\/7210"}],"wp:featuredmedia":[{"embeddable":true,"href":"https:\/\/radiobeat97.com.ar\/beat\/wp-json\/wp\/v2\/media\/7209"}],"wp:attachment":[{"href":"https:\/\/radiobeat97.com.ar\/beat\/wp-json\/wp\/v2\/media?parent=7208"}],"wp:term":[{"taxonomy":"category","embeddable":true,"href":"https:\/\/radiobeat97.com.ar\/beat\/wp-json\/wp\/v2\/categories?post=7208"},{"taxonomy":"post_tag","embeddable":true,"href":"https:\/\/radiobeat97.com.ar\/beat\/wp-json\/wp\/v2\/tags?post=7208"}],"curies":[{"name":"wp","href":"https:\/\/api.w.org\/{rel}","templated":true}]}}