{"id":7214,"date":"2025-04-16T08:57:24","date_gmt":"2025-04-16T11:57:24","guid":{"rendered":"https:\/\/radiobeat97.com.ar\/beat\/?p=7214"},"modified":"2025-04-16T08:57:24","modified_gmt":"2025-04-16T11:57:24","slug":"cordoba-se-prepara-para-semana-santa-las-reservas-turisticas-promedian-el-70","status":"publish","type":"post","link":"https:\/\/radiobeat97.com.ar\/beat\/cordoba-se-prepara-para-semana-santa-las-reservas-turisticas-promedian-el-70\/","title":{"rendered":"C\u00f3rdoba se prepara para Semana Santa: Las reservas tur\u00edsticas promedian el 70%"},"content":{"rendered":"<ul class=\" wp-block-list eplus-wrapper eplus-styles-uid-2f2ea0\">\n<li class=\" eplus-wrapper\"><strong>Se estima que la ocupaci\u00f3n efectiva alcanzar\u00e1 hasta el 85% en los principales destinos<\/strong>.<\/li>\n<\/ul>\n<p class=\" eplus-wrapper\">Con buenas proyecciones para el pr\u00f3ximo fin de semana largo, los principales destinos tur\u00edsticos de la provincia de C\u00f3rdoba registran un promedio de reservas del 70%, y se estima que la ocupaci\u00f3n efectiva superar\u00e1 el 80%, alcanzando incluso el 85% en varios destinos.<\/p>\n<p class=\" eplus-wrapper\">De acuerdo a lo informado por las distintas secretar\u00edas de Turismo de la provincia, entre los destinos con mayor nivel de reservas se destacan La Cumbrecita con un 95%, Villa del Totoral con el 90%, Miramar, Alta Gracia y Colonia Caroya con un 80%, Villa General Belgrano con un 73%, Almafuerte, La Falda y La Cumbre con un 72%, Villa Carlos Paz con un 68% (con picos habituales por encima del 89%), Potrero de Garay con un 68%, San Marcos Sierras con un 70%, R\u00edo Ceballos con un 60%, Cosqu\u00edn con un 55% y C\u00f3rdoba Capital con un 50%.<\/p>\n<p class=\" eplus-wrapper\">El presidente de la Agencia C\u00f3rdoba Turismo, Dar\u00edo Capitani, expres\u00f3 que<em>\u00a0\u201cpese al contexto econ\u00f3mico, este nivel de reservas reafirma el lugar que ocupa C\u00f3rdoba como uno de los destinos m\u00e1s elegidos por los argentinos para descansar y disfrutar en familia\u201d.<\/em><\/p>\n<p class=\" eplus-wrapper\">Adem\u00e1s, para quienes elijan viajar este fin de semana, el Banco de C\u00f3rdoba lanz\u00f3 una promoci\u00f3n especial que facilita el acceso a servicios tur\u00edsticos, hasta 12 cuotas sin inter\u00e9s en hoteler\u00eda y 30% de ahorro en gastronom\u00eda.<\/p>\n<p class=\" eplus-wrapper\">Se trata de una excelente oportunidad para recorrer C\u00f3rdoba, con beneficios que impulsan el turismo y favorecen el consumo en todo el territorio provincial.<\/p>\n<p class=\" eplus-wrapper\">El fin de semana de Pascua, adem\u00e1s, llega con una amplia agenda de actividades para toda la familia, entre las que se destacan la feria Peperina en Alta Gracia, la tradicional Fiesta Nacional de la Masa Vienesa en Villa General Belgrano, la Feria de Artesan\u00edas en C\u00f3rdoba Capital, y el Encuentro de Escultores en Nono, entre muchas otras propuestas culturales, gastron\u00f3micas y recreativas en cada rinc\u00f3n de la provincia.<\/p>\n<p class=\" eplus-wrapper\">M\u00e1s eventos ingresar aqu\u00ed\u00a0<a href=\"https:\/\/cordobaturismo.gov.ar\/cronograma-de-eventos\/\">https:\/\/cordobaturismo.gov.ar\/cronograma-de-eventos\/<\/a><\/p>\n","protected":false},"excerpt":{"rendered":"<p>Se estima que la ocupaci\u00f3n efectiva alcanzar\u00e1 hasta el 85% en los principales destinos. Con buenas proyecciones para el pr\u00f3ximo fin de semana largo, los principales destinos tur\u00edsticos de la provincia de C\u00f3rdoba registran un promedio de reservas del 70%, y se estima que la ocupaci\u00f3n efectiva superar\u00e1 el 80%, alcanzando incluso el 85% en &hellip;<\/p>\n","protected":false},"author":1,"featured_media":7215,"comment_status":"open","ping_status":"open","sticky":false,"template":"","format":"standard","meta":{"footnotes":""},"categories":[48],"tags":[],"class_list":["post-7214","post","type-post","status-publish","format-standard","has-post-thumbnail","hentry","category-info-general"],"_links":{"self":[{"href":"https:\/\/radiobeat97.com.ar\/beat\/wp-json\/wp\/v2\/posts\/7214","targetHints":{"allow":["GET"]}}],"collection":[{"href":"https:\/\/radiobeat97.com.ar\/beat\/wp-json\/wp\/v2\/posts"}],"about":[{"href":"https:\/\/radiobeat97.com.ar\/beat\/wp-json\/wp\/v2\/types\/post"}],"author":[{"embeddable":true,"href":"https:\/\/radiobeat97.com.ar\/beat\/wp-json\/wp\/v2\/users\/1"}],"replies":[{"embeddable":true,"href":"https:\/\/radiobeat97.com.ar\/beat\/wp-json\/wp\/v2\/comments?post=7214"}],"version-history":[{"count":1,"href":"https:\/\/radiobeat97.com.ar\/beat\/wp-json\/wp\/v2\/posts\/7214\/revisions"}],"predecessor-version":[{"id":7216,"href":"https:\/\/radiobeat97.com.ar\/beat\/wp-json\/wp\/v2\/posts\/7214\/revisions\/7216"}],"wp:featuredmedia":[{"embeddable":true,"href":"https:\/\/radiobeat97.com.ar\/beat\/wp-json\/wp\/v2\/media\/7215"}],"wp:attachment":[{"href":"https:\/\/radiobeat97.com.ar\/beat\/wp-json\/wp\/v2\/media?parent=7214"}],"wp:term":[{"taxonomy":"category","embeddable":true,"href":"https:\/\/radiobeat97.com.ar\/beat\/wp-json\/wp\/v2\/categories?post=7214"},{"taxonomy":"post_tag","embeddable":true,"href":"https:\/\/radiobeat97.com.ar\/beat\/wp-json\/wp\/v2\/tags?post=7214"}],"curies":[{"name":"wp","href":"https:\/\/api.w.org\/{rel}","templated":true}]}}