{"id":7238,"date":"2025-04-26T08:24:56","date_gmt":"2025-04-26T11:24:56","guid":{"rendered":"https:\/\/radiobeat97.com.ar\/beat\/?p=7238"},"modified":"2025-04-24T08:25:31","modified_gmt":"2025-04-24T11:25:31","slug":"cordoba-guardiana-la-provincia-presento-un-libro-para-conocer-las-areas-naturales-protegidas","status":"publish","type":"post","link":"https:\/\/radiobeat97.com.ar\/beat\/cordoba-guardiana-la-provincia-presento-un-libro-para-conocer-las-areas-naturales-protegidas\/","title":{"rendered":"C\u00f3rdoba guardiana: La Provincia present\u00f3 un libro para conocer las \u00c1reas Naturales Protegidas"},"content":{"rendered":"<ul class=\" wp-block-list eplus-wrapper eplus-styles-uid-c0d322\">\n<li class=\" eplus-wrapper\"><strong>La publicaci\u00f3n recorre los paisajes y la biodiversidad de las 30 zonas de protecci\u00f3n de la provincia.<\/strong><\/li>\n<li class=\" eplus-wrapper\"><strong>A trav\u00e9s de im\u00e1genes de alta calidad, busca generar conciencia sobre la importancia de conservar el patrimonio natural cordob\u00e9s.<\/strong><\/li>\n<li class=\" eplus-wrapper\"><strong>El trabajo est\u00e1 disponible en formatos impreso y digital. Ya se puede descargar desde la p\u00e1gina ambiente.cba.gov.ar<\/strong><\/li>\n<\/ul>\n<p class=\" eplus-wrapper\">El Gobierno de C\u00f3rdoba, a trav\u00e9s del Ministerio de Ambiente y Econom\u00eda Circular, present\u00f3 un libro que invita a recorrer las 30 \u00c1reas Naturales Protegidas de la provincia a trav\u00e9s de la mirada de destacados fot\u00f3grafos, fot\u00f3grafas y especialistas.<\/p>\n<p class=\" eplus-wrapper\">Este tomo tiene como objetivo de seguir poniendo en valor la riqueza natural de C\u00f3rdoba y promover su cuidado.<\/p>\n<p class=\" eplus-wrapper\">\u201c<strong><em>C\u00f3rdoba, tierra guardiana. Un recorrido por su patrimonio natural<\/em><\/strong>\u201d, se titula el libro impreso, que propone una inmersi\u00f3n en los paisajes m\u00e1s representativos de la provincia, acompa\u00f1ada por im\u00e1genes de alto valor est\u00e9tico y contenido que busca generar conciencia ambiental.<\/p>\n<figure class=\"wp-block-gallery has-nested-images columns-default is-cropped eplus-wrapper wp-block-gallery-1\">\n<figure class=\" wp-block-image size-large eplus-wrapper\"><img fetchpriority=\"high\" decoding=\"async\" class=\"wp-image-618038\" src=\"https:\/\/prensa.cba.gov.ar\/wp-content\/uploads\/2025\/04\/Cordoba-guardiana_-Ambiente-presenta-un-libro-para-conocer-las-Areas-Naturales-Protegidas-de-la-provincia-16.jpg\" sizes=\"(max-width: 990px) 100vw, 990px\" srcset=\"https:\/\/prensa.cba.gov.ar\/wp-content\/uploads\/2025\/04\/Cordoba-guardiana_-Ambiente-presenta-un-libro-para-conocer-las-Areas-Naturales-Protegidas-de-la-provincia-16.jpg 990w, https:\/\/prensa.cba.gov.ar\/wp-content\/uploads\/2025\/04\/Cordoba-guardiana_-Ambiente-presenta-un-libro-para-conocer-las-Areas-Naturales-Protegidas-de-la-provincia-16-300x200.jpg 300w, https:\/\/prensa.cba.gov.ar\/wp-content\/uploads\/2025\/04\/Cordoba-guardiana_-Ambiente-presenta-un-libro-para-conocer-las-Areas-Naturales-Protegidas-de-la-provincia-16-768x512.jpg 768w\" alt=\"\" width=\"990\" height=\"660\" data-id=\"618038\" \/><\/figure>\n<figure class=\" wp-block-image size-large eplus-wrapper\"><img decoding=\"async\" class=\"wp-image-618039\" src=\"https:\/\/prensa.cba.gov.ar\/wp-content\/uploads\/2025\/04\/Cordoba-guardiana_-Ambiente-presenta-un-libro-para-conocer-las-Areas-Naturales-Protegidas-de-la-provincia-7.jpg\" sizes=\"(max-width: 990px) 100vw, 990px\" srcset=\"https:\/\/prensa.cba.gov.ar\/wp-content\/uploads\/2025\/04\/Cordoba-guardiana_-Ambiente-presenta-un-libro-para-conocer-las-Areas-Naturales-Protegidas-de-la-provincia-7.jpg 990w, https:\/\/prensa.cba.gov.ar\/wp-content\/uploads\/2025\/04\/Cordoba-guardiana_-Ambiente-presenta-un-libro-para-conocer-las-Areas-Naturales-Protegidas-de-la-provincia-7-300x200.jpg 300w, https:\/\/prensa.cba.gov.ar\/wp-content\/uploads\/2025\/04\/Cordoba-guardiana_-Ambiente-presenta-un-libro-para-conocer-las-Areas-Naturales-Protegidas-de-la-provincia-7-768x512.jpg 768w\" alt=\"\" width=\"990\" height=\"660\" data-id=\"618039\" \/><\/figure>\n<\/figure>\n<p class=\" eplus-wrapper\">En su versi\u00f3n digital, \u201c<strong><em>Custodios del patrimonio natural. Un viaje por las \u00c1reas Naturales Protegidas de C\u00f3rdoba<\/em><\/strong>\u201d, la obra incluye informaci\u00f3n sobre la conservaci\u00f3n de la biodiversidad en las \u00e1reas protegidas, el rol que cumplen y su reconocimiento a nivel mundial.<\/p>\n<p class=\" eplus-wrapper\">Tambi\u00e9n incorpora un apartado sobre los ambientes de la provincia de C\u00f3rdoba, y sobre el Sistema Provincial de \u00c1reas Protegidas: legislaci\u00f3n, categor\u00edas de manejo para las ANP y principales l\u00edneas de acci\u00f3n que se est\u00e1n llevando a cabo desde el Ministerio de Ambiente y Econom\u00eda Circular para poner en valor las \u00e1reas.<\/p>\n<p class=\" eplus-wrapper\">La elaboraci\u00f3n del libro fue posible gracias al trabajo conjunto de investigadores, t\u00e9cnicos, fot\u00f3grafos y apasionados de la naturaleza. El volumen est\u00e1 prologado por la reconocida bi\u00f3loga cordobesa, Sandra D\u00edaz, y la ministra de Ambiente y Econom\u00eda Circular, Victoria Flores,<\/p>\n<p class=\" eplus-wrapper\">Durante el acto de presentaci\u00f3n, Flores destac\u00f3 el esfuerzo realizado por todas las personas que participaron de la elaboraci\u00f3n de ambos libros: \u201c<em>Agradecemos a quienes formaron parte de este proyecto. Ahora contamos con una herramienta m\u00e1s para divulgar y, sobre todo, para conocer y cuidar; porque solo podemos proteger lo que conocemos y admiramos<\/em>.\u201d<\/p>\n<p class=\" eplus-wrapper\">\u201c<em>Esperamos que esta publicaci\u00f3n no solo brinde informaci\u00f3n, sino que tambi\u00e9n inspire a valorar nuestro patrimonio natural y a asumir un compromiso activo con su preservaci\u00f3n<\/em>\u201d, agreg\u00f3.<\/p>\n<p class=\" eplus-wrapper\">Del acto tambi\u00e9n particip\u00f3 el Secretario de Ambiente, Federico Garc\u00eda; el subsecretario de Recursos Naturales y \u00c1reas Naturales Protegidas, Mart\u00edn Guzm\u00e1n; y equipo t\u00e9cnico de la cartera ambiental.<\/p>\n<figure class=\"wp-block-gallery has-nested-images columns-default is-cropped eplus-wrapper wp-block-gallery-2\">\n<figure class=\" wp-block-image size-large eplus-wrapper\"><img decoding=\"async\" class=\"wp-image-618040\" src=\"https:\/\/prensa.cba.gov.ar\/wp-content\/uploads\/2025\/04\/Cordoba-guardiana_-Ambiente-presenta-un-libro-para-conocer-las-Areas-Naturales-Protegidas-de-la-provincia-8.jpg\" sizes=\"(max-width: 990px) 100vw, 990px\" srcset=\"https:\/\/prensa.cba.gov.ar\/wp-content\/uploads\/2025\/04\/Cordoba-guardiana_-Ambiente-presenta-un-libro-para-conocer-las-Areas-Naturales-Protegidas-de-la-provincia-8.jpg 990w, https:\/\/prensa.cba.gov.ar\/wp-content\/uploads\/2025\/04\/Cordoba-guardiana_-Ambiente-presenta-un-libro-para-conocer-las-Areas-Naturales-Protegidas-de-la-provincia-8-300x200.jpg 300w, https:\/\/prensa.cba.gov.ar\/wp-content\/uploads\/2025\/04\/Cordoba-guardiana_-Ambiente-presenta-un-libro-para-conocer-las-Areas-Naturales-Protegidas-de-la-provincia-8-768x512.jpg 768w\" alt=\"\" width=\"990\" height=\"660\" data-id=\"618040\" \/><\/figure>\n<figure class=\" wp-block-image size-large eplus-wrapper\"><img loading=\"lazy\" decoding=\"async\" class=\"wp-image-618041\" src=\"https:\/\/prensa.cba.gov.ar\/wp-content\/uploads\/2025\/04\/Cordoba-guardiana_-Ambiente-presenta-un-libro-para-conocer-las-Areas-Naturales-Protegidas-de-la-provincia-2.jpg\" sizes=\"(max-width: 990px) 100vw, 990px\" srcset=\"https:\/\/prensa.cba.gov.ar\/wp-content\/uploads\/2025\/04\/Cordoba-guardiana_-Ambiente-presenta-un-libro-para-conocer-las-Areas-Naturales-Protegidas-de-la-provincia-2.jpg 990w, https:\/\/prensa.cba.gov.ar\/wp-content\/uploads\/2025\/04\/Cordoba-guardiana_-Ambiente-presenta-un-libro-para-conocer-las-Areas-Naturales-Protegidas-de-la-provincia-2-300x200.jpg 300w, https:\/\/prensa.cba.gov.ar\/wp-content\/uploads\/2025\/04\/Cordoba-guardiana_-Ambiente-presenta-un-libro-para-conocer-las-Areas-Naturales-Protegidas-de-la-provincia-2-768x512.jpg 768w\" alt=\"\" width=\"990\" height=\"660\" data-id=\"618041\" \/><\/figure>\n<\/figure>\n<p class=\" eplus-wrapper\"><strong>\u00cdndice tem\u00e1tico<\/strong><\/p>\n<p class=\" eplus-wrapper\">La publicaci\u00f3n se divide en cuatro secciones: Conservaci\u00f3n de la Biodiversidad en las \u00c1reas Protegidas; los Ambientes de la Provincia de C\u00f3rdoba; el Sistema Provincial de \u00c1reas Protegidas; y \u00c1reas Naturales Protegidas de C\u00f3rdoba.<\/p>\n<p class=\" eplus-wrapper\">Pod\u00e9s acceder a la versi\u00f3n digital desde la web ambiente.cba.gov.ar, o haciendo click\u00a0<a href=\"https:\/\/bit.ly\/LibroANP\" target=\"_blank\" rel=\"noreferrer noopener\">ac\u00e1<\/a>.<\/p>\n<p class=\" eplus-wrapper\"><strong>Reconocimiento a ganadores del concurso \u201cRetratos de una C\u00f3rdoba desconocida\u201d<\/strong><\/p>\n<p class=\" eplus-wrapper\">En el marco del acto de presentaci\u00f3n de libros, se realiz\u00f3 una muestra fotogr\u00e1fica en la que se exhibieron algunas de las obras ganadoras del concurso: \u201cRetratos de una C\u00f3rdoba desconocida\u201d.<\/p>\n<p class=\" eplus-wrapper\">Esta iniciativa fue organizada por el Ministerio de Ambiente y Econom\u00eda Circular, junto a la Universidad Provincial de C\u00f3rdoba, para incentivar el conocimiento y el cuidado de nuestras \u00e1reas naturales protegidas.<\/p>\n<p class=\" eplus-wrapper\">Las fotograf\u00edas registran paisajes, fauna, flora, construcciones, lugare\u00f1os, costumbres y\/o sucesos que representan las caracter\u00edsticas naturales y culturales de reservas o \u00e1reas del territorio provincial, que se encuentran bajo categor\u00eda de conservaci\u00f3n ambiental.<\/p>\n<p class=\" eplus-wrapper\">Las obras que resultaron ganadoras, fueron publicadas en ambos libros presentados, y formar\u00e1n parte de otras producciones, con fines educativos y que tengan como objetivo promover el cuidado y la protecci\u00f3n de nuestro patrimonio natural y cultural.<\/p>\n<p class=\" eplus-wrapper\">Las y los ganadores del concurso:<\/p>\n<p class=\" eplus-wrapper\">\u25cf \u00a0 \u00a0 Facundo Ramayo<\/p>\n<p class=\" eplus-wrapper\">\u25cf \u00a0 \u00a0 Luis Aquiles Portioli<\/p>\n<p class=\" eplus-wrapper\">\u25cf \u00a0 \u00a0 Pablo Carlos Rodas<\/p>\n<p class=\" eplus-wrapper\">\u25cf \u00a0 \u00a0 Cristian Mart\u00edn \u00c1vila<\/p>\n<p class=\" eplus-wrapper\">\u25cf \u00a0 \u00a0 Claudia Franceschi<\/p>\n<p class=\" eplus-wrapper\">\u25cf \u00a0 \u00a0 Roxana Rodas<\/p>\n<p class=\" eplus-wrapper\">\u25cf \u00a0 \u00a0 Nicol\u00e1s Gilli<\/p>\n<p class=\" eplus-wrapper\">\u25cf \u00a0 \u00a0 Florencia Masenga<\/p>\n<p class=\" eplus-wrapper\">\u25cf \u00a0 \u00a0 Moira Reposi<\/p>\n<p class=\" eplus-wrapper\">\u25cf \u00a0 \u00a0 Lucio Rinaudo<\/p>\n","protected":false},"excerpt":{"rendered":"<p>La publicaci\u00f3n recorre los paisajes y la biodiversidad de las 30 zonas de protecci\u00f3n de la provincia. A trav\u00e9s de im\u00e1genes de alta calidad, busca generar conciencia sobre la importancia de conservar el patrimonio natural cordob\u00e9s. El trabajo est\u00e1 disponible en formatos impreso y digital. Ya se puede descargar desde la p\u00e1gina ambiente.cba.gov.ar El Gobierno &hellip;<\/p>\n","protected":false},"author":1,"featured_media":7239,"comment_status":"open","ping_status":"open","sticky":false,"template":"","format":"standard","meta":{"footnotes":""},"categories":[48],"tags":[],"class_list":["post-7238","post","type-post","status-publish","format-standard","has-post-thumbnail","hentry","category-info-general"],"_links":{"self":[{"href":"https:\/\/radiobeat97.com.ar\/beat\/wp-json\/wp\/v2\/posts\/7238","targetHints":{"allow":["GET"]}}],"collection":[{"href":"https:\/\/radiobeat97.com.ar\/beat\/wp-json\/wp\/v2\/posts"}],"about":[{"href":"https:\/\/radiobeat97.com.ar\/beat\/wp-json\/wp\/v2\/types\/post"}],"author":[{"embeddable":true,"href":"https:\/\/radiobeat97.com.ar\/beat\/wp-json\/wp\/v2\/users\/1"}],"replies":[{"embeddable":true,"href":"https:\/\/radiobeat97.com.ar\/beat\/wp-json\/wp\/v2\/comments?post=7238"}],"version-history":[{"count":1,"href":"https:\/\/radiobeat97.com.ar\/beat\/wp-json\/wp\/v2\/posts\/7238\/revisions"}],"predecessor-version":[{"id":7240,"href":"https:\/\/radiobeat97.com.ar\/beat\/wp-json\/wp\/v2\/posts\/7238\/revisions\/7240"}],"wp:featuredmedia":[{"embeddable":true,"href":"https:\/\/radiobeat97.com.ar\/beat\/wp-json\/wp\/v2\/media\/7239"}],"wp:attachment":[{"href":"https:\/\/radiobeat97.com.ar\/beat\/wp-json\/wp\/v2\/media?parent=7238"}],"wp:term":[{"taxonomy":"category","embeddable":true,"href":"https:\/\/radiobeat97.com.ar\/beat\/wp-json\/wp\/v2\/categories?post=7238"},{"taxonomy":"post_tag","embeddable":true,"href":"https:\/\/radiobeat97.com.ar\/beat\/wp-json\/wp\/v2\/tags?post=7238"}],"curies":[{"name":"wp","href":"https:\/\/api.w.org\/{rel}","templated":true}]}}