{"id":7248,"date":"2025-05-07T10:30:04","date_gmt":"2025-05-07T13:30:04","guid":{"rendered":"https:\/\/radiobeat97.com.ar\/beat\/?p=7248"},"modified":"2025-05-07T10:30:30","modified_gmt":"2025-05-07T13:30:30","slug":"la-mas-fan-es-la-pelicula-mexicana-mas-vista-de-netflix","status":"publish","type":"post","link":"https:\/\/radiobeat97.com.ar\/beat\/la-mas-fan-es-la-pelicula-mexicana-mas-vista-de-netflix\/","title":{"rendered":"La m\u00e1s fan es la pel\u00edcula mexicana m\u00e1s vista de Netflix"},"content":{"rendered":"<p>M\u00e9xico coloc\u00f3 una nueva pel\u00edcula en el top 10 de lo m\u00e1s visto en\u00a0<strong>Netflix<\/strong>. Se trata de\u00a0<em><strong>La m\u00e1s fan<\/strong><\/em>, una cinta de 91 minutos dirigida por\u00a0<strong>Mar\u00eda Torres\u00a0<\/strong>que se presenta como una s\u00e1tira sobre las redes sociales, la fama y la cultura de la cancelaci\u00f3n.<\/p>\n<h2 id=\"h-la-trama-de-la-mas-fan\" class=\"wp-block-heading\">La trama de\u00a0<em>La m\u00e1s fan<\/em><\/h2>\n<p>\u201c<strong>Lana Cruz, cancelada en Hollywood, busca revivir su carrera en su pa\u00eds. Pero Polly, una fan divertida y algo intensa, convierte su vida en una telenovela. \u00bfPodr\u00e1 brillar otra vez?<\/strong>\u201d indica la sinopsis oficial de Netflix. La protagonista es Lana Cruz, una popular actriz cuya vida cambia r\u00e1pidamente luego de tener un encontronazo con una fan que queda grabado y se vuelve viral en las redes. Al ser \u201ccancelada\u201d en Hollywood, Lana decide volver a M\u00e9xico para tomar aire y encaminar su vida y carrera. All\u00ed, conocer\u00e1 a una s\u00faper fan que la ayudar\u00e1 a transitar los nuevos cambios.<\/p>\n<h2 id=\"h-quienes-actuan-en-la-pelicula-mexicana\" class=\"wp-block-heading\">Qui\u00e9nes act\u00faan en la pel\u00edcula mexicana<\/h2>\n<ul class=\"wp-block-list\">\n<li><strong>Kate del Castillo<\/strong>\u00a0es Lana Cruz.<\/li>\n<li><strong>Diana Bovio<\/strong>\u00a0es Polly Melgar.<\/li>\n<li><strong>Daniel Raymont<\/strong>\u00a0es Paul Kitchener.<\/li>\n<li><strong>Emma Ramos<\/strong>\u00a0es Carmen.<\/li>\n<li><strong>Gabriel Nuncio<\/strong>\u00a0es Arist\u00f3teles Orozco.<\/li>\n<li><strong>Hugo Catal\u00e1n<\/strong>\u00a0es Roberto Belmonte.<\/li>\n<li><strong>Ana Gonz\u00e1lez Bello<\/strong>\u00a0es Paola.<\/li>\n<li><strong>Ricardo Esquerra<\/strong>\u00a0es Gonzalo Siqueiros.<\/li>\n<li><strong>Amaranta Ruiz<\/strong>\u00a0es Sam.<\/li>\n<\/ul>\n<h2 id=\"h-equipo-tecnico-detras-del-film\" class=\"wp-block-heading\">Equipo t\u00e9cnico detr\u00e1s del film<\/h2>\n<ul class=\"wp-block-list\">\n<li><strong>Mar\u00eda Torres<\/strong>: direcci\u00f3n y guion.<\/li>\n<li><strong>Enrique V\u00e1zquez<\/strong>: guion.<\/li>\n<li><strong>Jon Aguirresarobe<\/strong>: fotograf\u00eda.<\/li>\n<li><strong>Jorge Macaya<\/strong>: edici\u00f3n.<\/li>\n<li><strong>Adam Zoller<\/strong>: maquillaje.<\/li>\n<\/ul>\n<figure class=\"wp-block-image size-full\"><img fetchpriority=\"high\" decoding=\"async\" class=\"wp-image-757378\" src=\"https:\/\/indiehoy.com\/wp-content\/uploads\/2025\/05\/la-mas-fan.jpg\" sizes=\"(max-width: 1200px) 100vw, 1200px\" srcset=\"https:\/\/indiehoy.com\/wp-content\/uploads\/2025\/05\/la-mas-fan.jpg 1200w, https:\/\/indiehoy.com\/wp-content\/uploads\/2025\/05\/la-mas-fan-150x96.jpg 150w, https:\/\/indiehoy.com\/wp-content\/uploads\/2025\/05\/la-mas-fan-450x288.jpg 450w, https:\/\/indiehoy.com\/wp-content\/uploads\/2025\/05\/la-mas-fan-768x492.jpg 768w\" alt=\"La m\u00e1s fan lleg\u00f3 a Netflix\" width=\"1200\" height=\"769\" \/><figcaption class=\"wp-element-caption\">La m\u00e1s fan lleg\u00f3 a Netflix con Kate del Castillo en el rol principal.<\/figcaption><\/figure>\n<h2 id=\"h-que-dicen-las-criticas-sobre-el-film\" class=\"wp-block-heading\">Qu\u00e9 dicen las cr\u00edticas sobre el film<\/h2>\n<p><em>La m\u00e1s fan<\/em>\u00a0recibi\u00f3 cr\u00edticas muy dispares. Para Decider, \u201cdesaprovecha el talento a su antojo, as\u00ed como la qu\u00edmica potencial entre sus protagonistas\u201d. Desde\u00a0<a href=\"https:\/\/www.thereviewgeek.com\/thebiggestfan-moviereview\/\" target=\"_blank\" rel=\"noreferrer noopener\">The Review Geek<\/a>\u00a0directamente recomiendan no verla: \u201c<strong>No hay encanto, ni arco narrativo, ni ninguna raz\u00f3n para darle al play. Por tu propia cordura, s\u00e1ltatela<\/strong>\u201c.<\/p>\n<div class=\"code-block code-block-37\"><\/div>\n<p>Sin embargo, hay quienes disfrutaron de esta propuesta mexicana. \u201c<strong>Toma todos los lugares comunes del cine de amigas, los destruye y se inventa otra cosa m\u00e1s divertida y capaz de llegarle a otras audiencias<\/strong>\u201c, escribe \u00c1lvaro Cueva de Diario Milenio.<\/p>\n<p>Por su parte, Chilango rese\u00f1a: \u201cTorres acierta al mantener un tono relajado, casi de sitcom, que permite que la historia fluya sin pretensiones. El guion, aunque predecible por momentos, tiene di\u00e1logos chispeantes y situaciones absurdas que funcionan gracias al carisma del elenco [\u2026]\u00a0<em>La m\u00e1s fan<\/em>\u00a0entiende que re\u00edrse de uno mismo es parte de sanar, crecer y reconectar con lo que realmente importa\u201d.<\/p>\n<div class=\"code-block code-block-38\"><\/div>\n<p>Mir\u00e1 el tr\u00e1iler de\u00a0<em>La m\u00e1s fan<\/em>.<\/p>\n<figure class=\"wp-block-embed is-type-video is-provider-youtube wp-block-embed-youtube wp-embed-aspect-16-9 wp-has-aspect-ratio\">\n<div class=\"wp-block-embed__wrapper\">\n<div class=\"fluid-width-video-wrapper\"><iframe id=\"fitvid186961\" title=\"La m\u00e1s fan | Ya disponible | Netflix\" src=\"https:\/\/www.youtube.com\/embed\/KyLyZKKak3Q?feature=oembed\" frameborder=\"0\" allowfullscreen=\"allowfullscreen\" data-mce-fragment=\"1\"><\/iframe><\/div>\n<\/div>\n<\/figure>\n","protected":false},"excerpt":{"rendered":"<p>M\u00e9xico coloc\u00f3 una nueva pel\u00edcula en el top 10 de lo m\u00e1s visto en\u00a0Netflix. Se trata de\u00a0La m\u00e1s fan, una cinta de 91 minutos dirigida por\u00a0Mar\u00eda Torres\u00a0que se presenta como una s\u00e1tira sobre las redes sociales, la fama y la cultura de la cancelaci\u00f3n. La trama de\u00a0La m\u00e1s fan \u201cLana Cruz, cancelada en Hollywood, busca &hellip;<\/p>\n","protected":false},"author":1,"featured_media":7249,"comment_status":"open","ping_status":"open","sticky":false,"template":"","format":"standard","meta":{"footnotes":""},"categories":[51],"tags":[],"class_list":["post-7248","post","type-post","status-publish","format-standard","has-post-thumbnail","hentry","category-series-y-peliculas"],"_links":{"self":[{"href":"https:\/\/radiobeat97.com.ar\/beat\/wp-json\/wp\/v2\/posts\/7248","targetHints":{"allow":["GET"]}}],"collection":[{"href":"https:\/\/radiobeat97.com.ar\/beat\/wp-json\/wp\/v2\/posts"}],"about":[{"href":"https:\/\/radiobeat97.com.ar\/beat\/wp-json\/wp\/v2\/types\/post"}],"author":[{"embeddable":true,"href":"https:\/\/radiobeat97.com.ar\/beat\/wp-json\/wp\/v2\/users\/1"}],"replies":[{"embeddable":true,"href":"https:\/\/radiobeat97.com.ar\/beat\/wp-json\/wp\/v2\/comments?post=7248"}],"version-history":[{"count":1,"href":"https:\/\/radiobeat97.com.ar\/beat\/wp-json\/wp\/v2\/posts\/7248\/revisions"}],"predecessor-version":[{"id":7252,"href":"https:\/\/radiobeat97.com.ar\/beat\/wp-json\/wp\/v2\/posts\/7248\/revisions\/7252"}],"wp:featuredmedia":[{"embeddable":true,"href":"https:\/\/radiobeat97.com.ar\/beat\/wp-json\/wp\/v2\/media\/7249"}],"wp:attachment":[{"href":"https:\/\/radiobeat97.com.ar\/beat\/wp-json\/wp\/v2\/media?parent=7248"}],"wp:term":[{"taxonomy":"category","embeddable":true,"href":"https:\/\/radiobeat97.com.ar\/beat\/wp-json\/wp\/v2\/categories?post=7248"},{"taxonomy":"post_tag","embeddable":true,"href":"https:\/\/radiobeat97.com.ar\/beat\/wp-json\/wp\/v2\/tags?post=7248"}],"curies":[{"name":"wp","href":"https:\/\/api.w.org\/{rel}","templated":true}]}}