{"id":7263,"date":"2025-05-12T10:44:24","date_gmt":"2025-05-12T13:44:24","guid":{"rendered":"https:\/\/radiobeat97.com.ar\/beat\/?p=7263"},"modified":"2025-05-12T10:44:24","modified_gmt":"2025-05-12T13:44:24","slug":"mountain-bike-traslasierra-se-prepara-para-el-desafio-cura-brochero","status":"publish","type":"post","link":"https:\/\/radiobeat97.com.ar\/beat\/mountain-bike-traslasierra-se-prepara-para-el-desafio-cura-brochero\/","title":{"rendered":"Mountain bike: Traslasierra se prepara para El Desaf\u00edo Cura Brochero"},"content":{"rendered":"<ul class=\" wp-block-list eplus-wrapper eplus-styles-uid-55a925\">\n<li class=\" eplus-wrapper\"><strong>La presentaci\u00f3n oficial se realiz\u00f3 en el Museo de Arte Contempor\u00e1neo Chateau Carreras.<\/strong><\/li>\n<li class=\" eplus-wrapper\"><strong>La prueba recorrer\u00e1 en septiembre los caminos hist\u00f3ricos del Santo, con tres distancias para elegir en un entorno natural e imponente.<\/strong><\/li>\n<li class=\" eplus-wrapper\"><strong>Las inscripciones se abren este lunes.<\/strong><\/li>\n<\/ul>\n<p class=\" eplus-wrapper\">El Museo de Arte Contempor\u00e1neo Chateau Carreras fue sede de la presentaci\u00f3n oficial del Desaf\u00edo Cura Brochero, una nueva competencia de mountain bike que se disputar\u00e1 los d\u00edas 13 y 14 de septiembre en el Valle de Traslasierra.<\/p>\n<p class=\" eplus-wrapper\">La carrera propone mucho m\u00e1s que un desaf\u00edo f\u00edsico: es un homenaje a la historia, a la superaci\u00f3n y al legado del Santo cordob\u00e9s.<\/p>\n<p class=\" eplus-wrapper\">Los participantes recorrer\u00e1n los caminos que alguna vez transit\u00f3 a lomo de mula el Cura Brochero. Habr\u00e1 tres distancias para elegir (35 km, 85 km y 118 km).<\/p>\n<p class=\" eplus-wrapper\">\n<figure class=\" wp-block-image size-full eplus-wrapper\"><img fetchpriority=\"high\" decoding=\"async\" class=\"wp-image-619058\" src=\"https:\/\/prensa.cba.gov.ar\/wp-content\/uploads\/2025\/05\/firma-convenio-gob-6.jpg\" sizes=\"(max-width: 993px) 100vw, 993px\" srcset=\"https:\/\/prensa.cba.gov.ar\/wp-content\/uploads\/2025\/05\/firma-convenio-gob-6.jpg 993w, https:\/\/prensa.cba.gov.ar\/wp-content\/uploads\/2025\/05\/firma-convenio-gob-6-300x200.jpg 300w, https:\/\/prensa.cba.gov.ar\/wp-content\/uploads\/2025\/05\/firma-convenio-gob-6-768x512.jpg 768w\" alt=\"\" width=\"993\" height=\"662\" \/><\/figure>\n<p class=\" eplus-wrapper\">Ser\u00e1 una oportunidad \u00fanica para vivir una experiencia deportiva en un entorno natural imponente y cargado de sentido.<\/p>\n<p class=\" eplus-wrapper\">En la presentaci\u00f3n, se firm\u00f3 un convenio de colaboraci\u00f3n entre las agencias provinciales de Turismo, Deportes y Cultura, municipios de Traslasierra y la organizaci\u00f3n M\u00e1s Eventos.<\/p>\n<p class=\" eplus-wrapper\"><em>\u201cEsta es una enorme posibilidad de gestar un nuevo evento para jerarquizar nuestra C\u00f3rdoba, y qu\u00e9 mejor que hacerlo en una regi\u00f3n maravillosa como Traslasierra, en nombre del Cura Brochero. No tengo dudas de que ser\u00e1 un evento de jerarqu\u00eda nacional en muy poco tiempo\u201d<\/em>, asegur\u00f3 Dar\u00edo Capitani, presidente de la Agencia C\u00f3rdoba Turismo.<\/p>\n<p class=\" eplus-wrapper\">Capitani complet\u00f3:\u00a0<em>\u201cEsto representa mucho m\u00e1s que una competencia deportiva: es un recorrido lleno de significado, donde cada tramo conecta al participante con la historia, el esfuerzo y el esp\u00edritu solidario del Cura Brochero, que hizo de la superaci\u00f3n personal y el compromiso con los dem\u00e1s su verdadero legado.\u201d<\/em><\/p>\n<p class=\" eplus-wrapper\">El mountain bike se consolid\u00f3 como una actividad con gran predicamento en C\u00f3rdoba, con una programaci\u00f3n nutrida de carreras que se desarrollan a lo largo de todo el a\u00f1o, algunas con competidores de todo el pa\u00eds y la regi\u00f3n.<\/p>\n<p class=\" eplus-wrapper\">El Desaf\u00edo del Cura Brochero se suma a este auge que vive esta disciplina deportiva. Al respecto, Georgina Bardach, vocal de directorio de la Agencia C\u00f3rdoba Deportes, destac\u00f3 el trabajo conjunto que se viene realizando para apoyar estas actividades.<\/p>\n<p class=\" eplus-wrapper\"><em>\u00a0\u201cC\u00f3rdoba ya es sede de grandes eventos y este no ser\u00e1 la excepci\u00f3n. Estoy orgullosa de la tarea de los intendentes, funcionarios y la organizaci\u00f3n, que hacen posible que podamos vivir experiencias deportivas de este nivel\u201d<\/em>, dijo.<\/p>\n<p class=\" eplus-wrapper\">\n<figure class=\" wp-block-image size-full eplus-wrapper\"><img decoding=\"async\" class=\"wp-image-619059\" src=\"https:\/\/prensa.cba.gov.ar\/wp-content\/uploads\/2025\/05\/firma-convenio-gob-4.jpg\" sizes=\"(max-width: 993px) 100vw, 993px\" srcset=\"https:\/\/prensa.cba.gov.ar\/wp-content\/uploads\/2025\/05\/firma-convenio-gob-4.jpg 993w, https:\/\/prensa.cba.gov.ar\/wp-content\/uploads\/2025\/05\/firma-convenio-gob-4-300x200.jpg 300w, https:\/\/prensa.cba.gov.ar\/wp-content\/uploads\/2025\/05\/firma-convenio-gob-4-768x512.jpg 768w\" alt=\"\" width=\"993\" height=\"662\" \/><\/figure>\n<p class=\" eplus-wrapper\">A su turno, Ra\u00fal Sansica, titular de la Agencia C\u00f3rdoba Cultura, remarc\u00f3 la importancia de un evento que trasciende lo deportivo:\u00a0<em>\u201cTrabajamos por el desarrollo productivo de nuestra C\u00f3rdoba. Y qu\u00e9 mejor que hacerlo en conjunto, en un desaf\u00edo como este. M\u00e1s all\u00e1 del aspecto deportivo, que ser\u00e1 muy fuerte, lo que m\u00e1s valoramos es todo lo que esto derrama: en lo cultural, en lo gastron\u00f3mico, en la econom\u00eda regional y provincial. Tambi\u00e9n en la espiritualidad de cada participante, porque sin dudas el Cura estar\u00e1 presente en cada uno de los ciclistas, ayud\u00e1ndolos a llegar a la meta\u201d.<\/em><\/p>\n<p class=\" eplus-wrapper\">Tambi\u00e9n formaron parte de la presentaci\u00f3n el vocal del directorio de la Agencia C\u00f3rdoba Deportes, Gabriel Raies; los organizadores del evento, Pablo y David Eli; y los intendentes Silvina Cabezas (San Pedro), Luis Quiroga (Mina Clavero) y Sandro Atala (Ambul), junto a otros funcionarios provinciales que acompa\u00f1aron el lanzamiento.<\/p>\n<p class=\" eplus-wrapper\">La cuenta regresiva ya comenz\u00f3. Este lunes abrir\u00e1n las\u00a0<a href=\"https:\/\/dcb.com.ar\/?fbclid=PAQ0xDSwKMM0ZleHRuA2FlbQIxMQABpxF8lXrhnifpjcOPYe0Bv7gNjpXqZKjacP1PCEOxir23eXZEBBxh8OYVn91q_aem_whbCtJTXs3p2okN45fj74g\">inscripciones<\/a>\u00a0para una competencia que invita a desafiar los propios l\u00edmites, recorriendo senderos que narran historias de esfuerzo y solidaridad. Porque cada kil\u00f3metro ser\u00e1 tambi\u00e9n un homenaje a quien hizo de la entrega y el servicio su forma de vida: el Santo Cura Brochero.<\/p>\n","protected":false},"excerpt":{"rendered":"<p>La presentaci\u00f3n oficial se realiz\u00f3 en el Museo de Arte Contempor\u00e1neo Chateau Carreras. La prueba recorrer\u00e1 en septiembre los caminos hist\u00f3ricos del Santo, con tres distancias para elegir en un entorno natural e imponente. Las inscripciones se abren este lunes. El Museo de Arte Contempor\u00e1neo Chateau Carreras fue sede de la presentaci\u00f3n oficial del Desaf\u00edo &hellip;<\/p>\n","protected":false},"author":1,"featured_media":7264,"comment_status":"open","ping_status":"open","sticky":false,"template":"","format":"standard","meta":{"footnotes":""},"categories":[47],"tags":[],"class_list":["post-7263","post","type-post","status-publish","format-standard","has-post-thumbnail","hentry","category-deportes"],"_links":{"self":[{"href":"https:\/\/radiobeat97.com.ar\/beat\/wp-json\/wp\/v2\/posts\/7263","targetHints":{"allow":["GET"]}}],"collection":[{"href":"https:\/\/radiobeat97.com.ar\/beat\/wp-json\/wp\/v2\/posts"}],"about":[{"href":"https:\/\/radiobeat97.com.ar\/beat\/wp-json\/wp\/v2\/types\/post"}],"author":[{"embeddable":true,"href":"https:\/\/radiobeat97.com.ar\/beat\/wp-json\/wp\/v2\/users\/1"}],"replies":[{"embeddable":true,"href":"https:\/\/radiobeat97.com.ar\/beat\/wp-json\/wp\/v2\/comments?post=7263"}],"version-history":[{"count":1,"href":"https:\/\/radiobeat97.com.ar\/beat\/wp-json\/wp\/v2\/posts\/7263\/revisions"}],"predecessor-version":[{"id":7267,"href":"https:\/\/radiobeat97.com.ar\/beat\/wp-json\/wp\/v2\/posts\/7263\/revisions\/7267"}],"wp:featuredmedia":[{"embeddable":true,"href":"https:\/\/radiobeat97.com.ar\/beat\/wp-json\/wp\/v2\/media\/7264"}],"wp:attachment":[{"href":"https:\/\/radiobeat97.com.ar\/beat\/wp-json\/wp\/v2\/media?parent=7263"}],"wp:term":[{"taxonomy":"category","embeddable":true,"href":"https:\/\/radiobeat97.com.ar\/beat\/wp-json\/wp\/v2\/categories?post=7263"},{"taxonomy":"post_tag","embeddable":true,"href":"https:\/\/radiobeat97.com.ar\/beat\/wp-json\/wp\/v2\/tags?post=7263"}],"curies":[{"name":"wp","href":"https:\/\/api.w.org\/{rel}","templated":true}]}}