{"id":7268,"date":"2025-05-12T10:46:17","date_gmt":"2025-05-12T13:46:17","guid":{"rendered":"https:\/\/radiobeat97.com.ar\/beat\/?p=7268"},"modified":"2025-05-12T10:49:17","modified_gmt":"2025-05-12T13:49:17","slug":"7268-2","status":"publish","type":"post","link":"https:\/\/radiobeat97.com.ar\/beat\/7268-2\/","title":{"rendered":"Agenda cultural de la semana: Se viene el D\u00eda Internacional de los Museos"},"content":{"rendered":"<article id=\"post-619090\" class=\"post-619090 post type-post status-publish format-standard has-post-thumbnail hentry category-cultura-y-espectaculos category-informacion-general category-no-home ast-article-single\">\n<div class=\"ast-post-format- single-layout-1\">\n<div class=\"entry-content clear\">\n<ul class=\" wp-block-list eplus-wrapper eplus-styles-uid-5a4d5a\">\n<li class=\" eplus-wrapper\"><strong>Un repaso por las actividades de la Agencia C\u00f3rdoba Cultura, del lunes 12 al domingo 18 de mayo.<\/strong><\/li>\n<li class=\" eplus-wrapper\"><strong>La provincia ofrece una nutrida agenda con espect\u00e1culos gratuitos, exposiciones art\u00edsticas y propuestas para todos los gustos.<\/strong><\/li>\n<li class=\" eplus-wrapper\"><strong>El domingo 18, la entrada a todos los museos provinciales ser\u00e1 libre y gratuita.<\/strong><\/li>\n<\/ul>\n<p class=\" eplus-wrapper\">C\u00f3rdoba se prepara para una semana llena de propuestas culturales, que invitan al encuentro, la reflexi\u00f3n y el disfrute. Desde el lunes 12 hasta el domingo 18 de mayo, distintos espacios culturales de la provincia ser\u00e1n escenario de eventos destacados con entrada libre y gratuita.<\/p>\n<p class=\" eplus-wrapper\">En R\u00edo Cuarto, el\u00a0<strong>Festival de Stand Up \u201cHablando de Humor\u201d<\/strong>\u00a0convertir\u00e1 a la ciudad en la capital del humor. Del martes 13 al domingo 18, el Centro Cultural Leonardo Favio y el espacio Un Tal Ren\u00e9 Catedral recibir\u00e1n a referentes del g\u00e9nero como Juan Barraza, Vero Lorca, el Negro Albornoz y Emanuel Rodr\u00edguez, junto a una grilla de comediantes emergentes de toda la provincia.<\/p>\n<p class=\" eplus-wrapper\">En C\u00f3rdoba Capital, en tanto, la Capilla del Paseo del Buen Pastor albergar\u00e1 la tercera edici\u00f3n de la\u00a0<strong>Expo Lutheria Cba 2025<\/strong>. Del 15 al 18 de mayo, m\u00e1s de 30 luthiers de distintas provincias y pa\u00edses latinoamericanos exhibir\u00e1n instrumentos de autor, acompa\u00f1ados de charlas, capacitaciones y shows en vivo. Una oportunidad \u00fanica para descubrir el arte detr\u00e1s de la m\u00fasica.<\/p>\n<p class=\" eplus-wrapper\">El jueves 15 a las 18:30, el Museo Evita \u2013 Palacio Ferreyra reanuda el ciclo de entrevistas\u00a0<strong>\u201cPuntos suspensivos\u201d,<\/strong>\u00a0con una charla a cargo de CJ Carballo junto a M\u00f3nica Gorgas, referente nacional en museolog\u00eda y gesti\u00f3n del patrimonio. Un espacio para pensar el rol de los museos y el legado cultural desde una mirada cr\u00edtica y comprometida.<\/p>\n<p class=\" eplus-wrapper\">Adem\u00e1s, como cada a\u00f1o desde 1977, el 18 de mayo se celebra\u00a0<strong>el D\u00eda Internacional de los Museos<\/strong>, que representa un momento \u00fanico para la comunidad muse\u00edstica internacional.<\/p>\n<p class=\" eplus-wrapper\">El domingo 18, la entrada a todos los museos provinciales ser\u00e1 libre y gratuita. Adem\u00e1s, durante la semana se propone una variada programaci\u00f3n que busca poner en valor su funci\u00f3n como espacios de intercambio, aprendizaje y construcci\u00f3n de memoria colectiva.<\/p>\n<p class=\" eplus-wrapper\">A continuaci\u00f3n, la agenda de la Agencia C\u00f3rdoba Cultura del lunes 12 al domingo 18 de mayo.<\/p>\n<h4 class=\" wp-block-heading eplus-wrapper\"><strong>Lunes 12<\/strong>\u00a0de mayo<\/h4>\n<figure class=\" wp-block-image alignleft eplus-wrapper\"><img decoding=\"async\" class=\"wp-image-98735\" src=\"https:\/\/cultura.cba.gov.ar\/wp-content\/uploads\/2025\/04\/Diamanti-150x150.jpg\" alt=\"\" \/><\/figure>\n<p class=\" eplus-wrapper\">A las 18.\u00a0<strong>Cine: Diamanti\u00a0<\/strong><em>(de Ferzan Ozpetek, Italia, 2024)<\/em><br \/>\n<strong>Centro Cultural Leonardo Favio \u2013 Bs. As. 55, R\u00edo Cuarto<br \/>\n<\/strong>Un director convoca a sus actrices favoritas, con las que ha trabajado y a las que ha amado. Quiere hacer una pel\u00edcula sobre mujeres, pero no revela gran cosa: las observa, toma ejemplo, se inspira, hasta que su imaginaci\u00f3n las catapulta a otra \u00e9poca, a un pasado donde el ruido de las m\u00e1quinas de coser llena un lugar de trabajo dirigido y poblado por mujeres, donde los hombres tienen peque\u00f1os papeles marginales y el cine puede contarse desde otro punto de vista: el del vestuario.\u00a0<strong>Repite mi\u00e9rcoles 14 a las 18:30; jueves 15 y viernes 16 a las 20:30; s\u00e1bado 18 a las 18.\u00a0<\/strong>Entrada general $4.000, jubilados y estudiantes $3.000, disponible en boleter\u00eda.<\/p>\n<figure class=\" wp-block-image alignright eplus-wrapper\"><img decoding=\"async\" class=\"wp-image-99566\" src=\"https:\/\/cultura.cba.gov.ar\/wp-content\/uploads\/2025\/05\/No-abras-nunca-esa-puerta-150x150.jpg\" alt=\"\" \/><\/figure>\n<p class=\" eplus-wrapper\">A las 19.\u00a0<strong>Cine en Biblioteca C\u00f3rdoba: \u201cNo abras nunca esa puerta\u201d<\/strong>\u00a0\u00a0<em>(de Carlos Hugo Cristensen, Argentina, 952)<br \/>\n<\/em><strong>Biblioteca C\u00f3rdoba \u2013 27 de Abril 375<br \/>\n<\/strong>El cine noir tuvo su apogeo mundial en la d\u00e9cada de los 50` en el mundo, y la Argentina no qued\u00f3 afuera. En mayo se proponen 4 historias donde los personajes m\u00e1s oscuros del thriller argentino bailan tango o toman mate. Sin nada que envidiar en creatividad y calidades realizativas al cine hollywoodense de la \u00e9poca, tambi\u00e9n nos traen una\u00a0 \u00e9poca donde el cine nacional era tan taquillero y\/o popular como cualquier otra producci\u00f3n importada. Son dos episodios independientes que tienen en com\u00fan la puerta que separa el bien del mal. En el primer segmento, \u201cAlguien al tel\u00e9fono\u201d, \u00c1ngel Maga\u00f1a intenta vengar la muerte de su hermana, encarnada por Ren\u00e9e Dumas, una muchacha que se suicida por deudas de juego. En el segundo, \u201cEl p\u00e1jaro cantor vuelve al hogar\u201d, Roberto Escalada personifica un ex presidiario que silba cuando comete cr\u00edmenes, y que despu\u00e9s de a\u00f1os regresa al hogar donde lo espera su madre ciega, personificada por el Pirovano, que lo cree regenerado. Entrada libre y gratuita.<\/p>\n<figure class=\" wp-block-image alignleft eplus-wrapper\"><img decoding=\"async\" class=\"wp-image-84154\" src=\"https:\/\/cultura.cba.gov.ar\/wp-content\/uploads\/2024\/05\/Novembre-150x150.jpg\" alt=\"\" \/><\/figure>\n<figure class=\" wp-block-image alignright eplus-wrapper\"><img decoding=\"async\" class=\"wp-image-99569\" src=\"https:\/\/cultura.cba.gov.ar\/wp-content\/uploads\/2025\/05\/La-Nouvelle-Vague-1-150x150.jpg\" alt=\"\" \/><\/figure>\n<p class=\" eplus-wrapper\">A las 20:30.\u00a0<strong>Cine de cabecera:<\/strong>\u00a0<strong>La Nouvelle Vague en 4 movimientos. Cuento de verano\u00a0<\/strong><em>(de \u00c9ric Rohmer, Francia, 1996)<\/em><br \/>\n<strong>Centro Cultural Leonardo Favio, Buenos Aires 55 \u2013 R\u00edo Cuarto<br \/>\n<\/strong>Cuatro pel\u00edculas, cuatro autores, cuatro movimientos dentro de un gran movimiento: la Nouvelle Vague.\u00bfHabr\u00e1 un faro m\u00e1s rutilante para abordar la historia del cine? De la mano de Mar\u00eda Antonieta Lloveras Nadal podremos ver Domicilio conyugal, de Fran\u00e7ois Truffaut; Cuento de verano, de \u00c9ric Rohmer; Hiroshima, mon amour, de Alain Resnais; y El desprecio, de Jean-Luc Godard. Nuevo cuento de las \u201ccuatro estaciones\u201d de Rohmer. El joven Gaspard llega de vacaciones al balneario franc\u00e9s de Dinard. Su idea es encontrarse all\u00ed con Lena, la muchacha que lo tiene loco. Pero en esos d\u00edas soleados y calmos conoce a otra chica, una morena atractiva y sensual que le sugiere nuevos rumbos a su coraz\u00f3n. Sin embargo, tal vez la respuesta no est\u00e9 en ella, sino en Margot, la dulce camarera con la que Gaspard hace amistad sin darse cuenta. Entrada libre y gratuita.<\/p>\n<h4 class=\" wp-block-heading eplus-wrapper\"><strong>Martes 13<\/strong>\u00a0de mayo<\/h4>\n<figure class=\" wp-block-image alignright eplus-wrapper\"><img decoding=\"async\" class=\"wp-image-99570\" src=\"https:\/\/cultura.cba.gov.ar\/wp-content\/uploads\/2025\/05\/Un-pastel-para-dos-1-150x150.jpg\" alt=\"\" \/><\/figure>\n<p class=\" eplus-wrapper\">A las 17.\u00a0<strong>Cine: Un pastel para dos<\/strong>\u00a0<em>(de Maryam Moghadam, Behtash Sanaeeha, Ir\u00e1n, 2024)<\/em><br \/>\n<strong>Cine Arte C\u00f3rdoba \u2013 27 de abril 275<br \/>\n<\/strong>Mahin, de 70 a\u00f1os, vive sola en Teher\u00e1n desde que muri\u00f3 su marido y su hija se mud\u00f3 a Europa. Desde su independencia, Mahin desaf\u00eda las expectativas de su entorno conservador. M\u00e1s a\u00fan cuando inesperadamente conoce y empieza una relaci\u00f3n amorosa con un taxista llamado Faramarz.\u00a0<strong>Repite mi\u00e9rcoles\u00a0 14 a las 17.\u00a0<\/strong>Entrada general $4.000, jubilados y estudiantes $3.000, disponible en boleter\u00eda.<\/p>\n<p class=\" eplus-wrapper\">A las 18.\u00a0<strong>Jugando a crear letras de cuarteto<\/strong><br \/>\n<strong>Museo del Cuarteto \u2013 Col\u00f3n esquina Rivera Indarte<br \/>\n<\/strong>En la semana de los Museos y conmemorando el D\u00eda del Compositor se realizar\u00e1 esta actividad dictada por Lucas Ninci. A trav\u00e9s de la creaci\u00f3n po\u00e9tica, intuitiva, espont\u00e1nea, l\u00fadica y grupal invitamos a las personas a participar de una jornada de composici\u00f3n y juego donde adem\u00e1s de\u00a0 explorar\u00a0 el inconsciente y la escritura tambi\u00e9n charlaremos sobre las formas que tiene la figura de la composici\u00f3n en la m\u00fasica del cuarteto. Entrada libre y gratuita con inscripci\u00f3n previa\u00a0<a href=\"https:\/\/forms.gle\/3UoXraSJ1hjm2vJq9\" target=\"_blank\" rel=\"noreferrer noopener\"><strong>AQU\u00cd\u00a0<\/strong><\/a>en el\u00a0 link<\/p>\n<figure class=\" wp-block-image alignleft eplus-wrapper\"><img decoding=\"async\" class=\"wp-image-99571\" src=\"https:\/\/cultura.cba.gov.ar\/wp-content\/uploads\/2025\/05\/Historias-Clinicas-Tomo-150x150.jpg\" alt=\"\" \/><\/figure>\n<p class=\" eplus-wrapper\">A las 18.\u00a0<strong>Presentaci\u00f3n del libro \u201cHistorias Cl\u00ednicas Tomo 7 (Infancias 1932 a 1935)\u201d<\/strong><em><br \/>\n<\/em><strong>Biblioteca C\u00f3rdoba \u2013 27 de Abril 375<br \/>\n<\/strong>De los autores Ra\u00fal Teyssedou, Eduardo L\u00f3pez Molina y Miguel Rodr\u00edguez Villafa\u00f1e, en esta oportunidad se analiza las infancias internadas desde 1914 a 1936 en lo que fue el Asilo Colonia Regional Mixto de Alienados (Oliva- C\u00f3rdoba \u2013 Argentina), actual Hospital Dr. Emilio Vidal Abal. Por su parte, Ra\u00fal Teyssedou, adem\u00e1s de ofrecernos sus cl\u00e1sicas estad\u00edsticas anuales y los breves relatos de vidas extra\u00eddas de las Historias Cl\u00ednicas de aquel antiguo Asilo, nos brinda \u201cConfesiones de un Enfermero Psiqui\u00e1trico\u201d; por medio de las cuales, tras la voz de un personaje imaginario, el autor recorre las m\u00faltiples experiencias recogidas durante los nueve a\u00f1os que lleva la investigaci\u00f3n. Entrada libre y gratuita.<\/p>\n<figure class=\" wp-block-image alignright eplus-wrapper\"><img decoding=\"async\" class=\"wp-image-99563\" src=\"https:\/\/cultura.cba.gov.ar\/wp-content\/uploads\/2025\/05\/Misericordia-150x150.jpg\" alt=\"\" \/><\/figure>\n<p class=\" eplus-wrapper\">A las 18:30.\u00a0<strong>Cine: Misericordia\u00a0<\/strong><em>(de Alain Guiraudie, Francia 2024)<\/em><br \/>\n<strong>Centro Cultural Leonardo Favio \u2013 Bs. As. 55, R\u00edo Cuarto<br \/>\n<\/strong>J\u00e9r\u00e9mie regresa a su pueblo natal para asistir al funeral de su antiguo jefe y se hospeda con la viuda, Martine. Una pelea con el hijo de Martine, Vincent, termina con la muerte de este \u00faltimo. J\u00e9r\u00e9mie oculta el crimen con la inesperada ayuda del cura del pueblo, quien le proporciona una coartada a cambio de su afecto.\u00a0<strong>Repite mi\u00e9rcoles 14 a las 20:30; jueves 15 y viernes 16 a las 18:30; s\u00e1bado 18 a las 20:30.\u00a0<\/strong>Entrada general $4.000, jubilados y estudiantes $3.000, disponible en boleter\u00eda.<\/p>\n<figure class=\" wp-block-image alignleft eplus-wrapper\"><img decoding=\"async\" class=\"wp-image-98735\" src=\"https:\/\/cultura.cba.gov.ar\/wp-content\/uploads\/2025\/04\/Diamanti-150x150.jpg\" alt=\"\" \/><\/figure>\n<p class=\" eplus-wrapper\">A las 19.\u00a0<strong>Cine: Diamanti\u00a0<\/strong><em>(de Ferzan Ozpetek, Italia, 2024)<\/em><br \/>\n<strong>Cine Arte C\u00f3rdoba \u2013 27 de abril 275<br \/>\n<\/strong>Un director convoca a sus actrices favoritas, con las que ha trabajado y a las que ha amado. Quiere hacer una pel\u00edcula sobre mujeres, pero no revela gran cosa: las observa, toma ejemplo, se inspira, hasta que su imaginaci\u00f3n las catapulta a otra \u00e9poca, a un pasado donde el ruido de las m\u00e1quinas de coser llena un lugar de trabajo dirigido y poblado por mujeres, donde los hombres tienen peque\u00f1os papeles marginales y el cine puede contarse desde otro punto de vista: el del vestuario.\u00a0<strong>Repite a las 21:15; mi\u00e9rcoles 14 a las 19 y 21:15 hs.\u00a0<\/strong>Entrada general $4.000, jubilados y estudiantes $3.000, disponible en boleter\u00eda.<\/p>\n<figure class=\" wp-block-image alignright eplus-wrapper\"><img decoding=\"async\" class=\"wp-image-99572\" src=\"https:\/\/cultura.cba.gov.ar\/wp-content\/uploads\/2025\/05\/Mumblecore-X4-150x150.jpg\" alt=\"\" \/><\/figure>\n<p class=\" eplus-wrapper\">A las 20:30.\u00a0<strong>Cine por la diversidad:<\/strong>\u00a0<strong>Mumblecore X4. Hannah Takes the Stairs\u00a0<\/strong><em>(de Joe Swanberg, Estados Unidos, 2007)<\/em><br \/>\n<strong>Centro Cultural Leonardo Favio, Buenos Aires 55 \u2013 R\u00edo Cuarto<br \/>\n<\/strong>Si hay algo que abunda en el Mumblecore es la palabra dicha bajo la forma del murmullo, como mascullando. De ah\u00ed el \u201cmumble\u201d que le da nombre a este movimiento independiente plagado de personajes j\u00f3venes e inseguros que irrumpi\u00f3 en el cine norteamericano a principios del siglo veintiuno. Hannah es una joven recientemente graduada que se incorpora al equipo de una productora. All\u00ed conoce a Matt y Paul, dos escritores que le muestran su nuevo trabajo y con lo que r\u00e1pidamente congenia. Sin embargo, esta nueva amistad pronto quedar\u00e1 desequilibrada cuando Hannah inicia una relaci\u00f3n sentimental con uno de ellos. Entrada libre y gratuita.<\/p>\n<figure class=\" wp-block-image alignleft eplus-wrapper\"><img decoding=\"async\" class=\"wp-image-99573\" src=\"https:\/\/cultura.cba.gov.ar\/wp-content\/uploads\/2025\/05\/Festival-de-Stand-Up-150x150.jpg\" alt=\"\" \/><\/figure>\n<p class=\" eplus-wrapper\">A las 21.\u00a0<strong>4\u00b0<\/strong>\u00a0<strong>Festival de Stand Up \u201cHablando de Humor\u201d<br \/>\nCentro Cultural Leonardo Favio, Buenos Aires 55 \u2013 R\u00edo Cuarto<\/strong><strong><br \/>\n<\/strong>Del martes 13 al domingo 18, R\u00edo Cuarto se convierte nuevamente en el epicentro del humor. El festival ofrecer\u00e1 funciones libres en dos escenarios: el Centro Cultural Leonardo Favio (Buenos Aires 55) y Un Tal Ren\u00e9 Catedral (Constituci\u00f3n 774). En esta cuarta edici\u00f3n, el festival redobla su compromiso con el humor y presenta una variada grilla que re\u00fane comediantes de Buenos Aires, C\u00f3rdoba Capital y R\u00edo Cuarto. Entre los espect\u00e1culos destacados figuran \u201cDeslices y desmanes\u201d de Juan Barraza, \u201cFilosof\u00eda a Conchazos\u201d de Vero Lorca, \u201c\u00c1cido\u201d del Negro Albornoz y \u201cPeroncho\u201d de Emanuel Rodr\u00edguez. Tambi\u00e9n, entre el jueves 15 y el domingo 18, Un Tal Ren\u00e9 Catedral albergar\u00e1 funciones rotativas con la participaci\u00f3n de comediantes emergentes de distintos puntos de la provincia, ofreciendo un espacio clave para el desarrollo y la visibilidad de nuevas voces dentro de la escena local del stand up. Entrada libre y gratuita.<\/p>\n<h4 class=\" wp-block-heading eplus-wrapper\"><strong>Mi\u00e9rcoles 14<\/strong>\u00a0de mayo<\/h4>\n<p class=\" eplus-wrapper\">A las 16.\u00a0<strong>Charlas y actividades del ciclo \u201c 8M. Movimientos de deseo. Pr\u00e1cticas decoloniales\u201d<br \/>\nEspacio Cultural Museo Mujeres \u2013 Rivera Indarte 55<\/strong><strong><br \/>\n<\/strong>Reflexiones en torno a las muestras \u201cSi hay\u201d de Candelaria Traverso y \u201cOrgullo y bizarr\u00eda\u201d de Gabriel Alarc\u00f3n. Recorrido por la exposici\u00f3n \u201c8M. Movimientos de deseo. Pr\u00e1cticas decoloniales\u201d, junto a los artistas, en donde se trabajar\u00e1 en un espacio de juego-taller de dibujo y escritura. La intenci\u00f3n es que los participantes narren su propia historia.\u00a0<strong>Repite el jueves 15.<\/strong>\u00a0Entrada libre y gratuita.<\/p>\n<p class=\" eplus-wrapper\">A las 16.\u00a0<strong>Charla a pie de obra por la muestra \u201cPunto de inicio\u201d<\/strong><br \/>\n<strong>Museo Provincial de Fotograf\u00eda Palacio Dionisi \u2013 Av. Hip\u00f3lito Yrigoyen 622<br \/>\n<\/strong>En el marco del D\u00eda Internacional de los Museos, las artistas que integran la exposici\u00f3n \u201cPunto de inicio\u201d realizar\u00e1n una charla a pie de obra por sus proyectos. En la sala 1 Milagros Pezzolo presenta \u201cMetamorfosis\u201d, una serie de cianotipos fotogr\u00e1ficos sobre baldosas que busca reflexionar sobre la capacidad del arte para reinterpretar lo cotidiano, en la sala 2 Valentina Lamaz\u00f3n exhibe \u201cBorrador\u201d, un acercamiento a la introspecci\u00f3n a trav\u00e9s de una conjunto de fotograf\u00edas anal\u00f3gicas de autorretratos, flores y papeles borradores sobre una cama, y en la sala 3 Abril Ferreyra expone \u201cProducci\u00f3n Argentina\u201d, una obra que, a partir de la proyecci\u00f3n de im\u00e1genes sobre una caja de cart\u00f3n, busca cuestionar la sociedad de consumo actual. \u201cPunto de inicio\u201d es una convocatoria y muestra resultante, dirigida a j\u00f3venes fot\u00f3grafos cordobeses, de 18 a 35 a\u00f1os, que se encuentren iniciando su carrera profesional, con el fin de brindarles la posibilidad de exhibir por primera vez sus obras en un museo. Entrada libre y gratuita<\/p>\n<figure class=\" wp-block-image alignright eplus-wrapper\"><img decoding=\"async\" class=\"wp-image-99574\" src=\"https:\/\/cultura.cba.gov.ar\/wp-content\/uploads\/2025\/05\/Zagaglia-Caraffa-1-150x150.png\" alt=\"\" \/><\/figure>\n<p class=\" eplus-wrapper\">A las 17.\u00a0<strong>Charla a pie de obra con Hilda Zagaglia.<\/strong><strong><br \/>\n<\/strong><strong>Museo Emilio Caraffa \u2013 Av. Poeta Lugones 411<br \/>\n<\/strong>La artista Hilda Zagaglia ofrecer\u00e1 una charla a pie de obra sobre su muestra \u201cDe Conquistas Y Alquimias\u201d, actualmente en exhibici\u00f3n en las salas 2 y 3 del Museo Caraffa. El di\u00e1logo abordar\u00e1 los diferentes n\u00facleos de sentidos de su obra. Un recorrido a trav\u00e9s de la historia, la identidad y la resistencia cultural. Mapas, lenguas ocultas y rituales se entrelazan en sus obras, explorando la permanencia y la magia de nuestro mundo. Hilda Zagaglia es una artista nacida en Alta Gracia, C\u00f3rdoba, con una extensa trayectoria de m\u00e1s de 45 a\u00f1os en el campo de las artes visuales. La producci\u00f3n de Zagaglia est\u00e1 atravesada por dos dimensiones, una \u00edntima, personal, donde realiza una profunda indagaci\u00f3n existencial, y otra, que muestra su activismo cultural, incursionando en problem\u00e1ticas sociales desde \u00e1ngulos muy particulares. Entrada libre y gratuita<\/p>\n<figure class=\" wp-block-image alignleft eplus-wrapper\"><img decoding=\"async\" class=\"wp-image-99565\" src=\"https:\/\/cultura.cba.gov.ar\/wp-content\/uploads\/2025\/05\/Museum-Hours-150x150.jpg\" alt=\"\" \/><\/figure>\n<p class=\" eplus-wrapper\">A las 19.\u00a0<strong>Cine: \u201cMuseum Hours\u201d\u00a0<\/strong><em>(de Jem Cohen, Austr\u00edaca-Estadounidense, 2013)<br \/>\n<\/em><strong>Museo Emilio Caraffa \u2013 Av. Poeta Lugones 411<br \/>\n<\/strong>Para celebrar el d\u00eda internacional de los museos, se proyectar\u00e1 la pel\u00edcula de Cohen. El guardia de un museo de Viena hace amistad con una visitante, y los dos exploran sus vidas, la ciudad y las formas en las que el trabajo art\u00edstico refleja el mundo. Luego de la pel\u00edcula haremos un peque\u00f1o conversatorio en torno a la pregunta que plantea el ICOM respecto a los museos y su d\u00eda este a\u00f1o \u201cEl futuro de los museos en comunidades en constante cambio\u201d. La actividad es para 40 personas por orden de llegada ese d\u00eda. Una hora antes se dan los n\u00fameros en recepci\u00f3n. Entrada gratuita.<\/p>\n<figure class=\" wp-block-image alignright eplus-wrapper\"><img decoding=\"async\" class=\"wp-image-99557\" src=\"https:\/\/cultura.cba.gov.ar\/wp-content\/uploads\/2025\/05\/elencuentrodeguayaquiel1-150x150.jpg\" alt=\"\" \/><\/figure>\n<p class=\" eplus-wrapper\">A las 20.\u00a0<strong>Cine Club del CCC: El encuentro de Guayaquil\u00a0<\/strong><em>(de Nicol\u00e1s Capelli<\/em><em>, Argentina, 2016)<\/em><strong><br \/>\nCentro Cultural C\u00f3rdoba \u2013 Av. Poeta Lugones 401<br \/>\n<\/strong>Este mes, en el Cine Club del CCC inicia el ciclo Haciendo Patria. Narra el encuentro entre Jos\u00e9 de San Mart\u00edn y Sim\u00f3n Bol\u00edvar. A nivel hist\u00f3rico, sin recursos suficientes para revertir la situaci\u00f3n militar del Per\u00fa, San Mart\u00edn vio c\u00f3mo se debilitaba su posici\u00f3n pol\u00edtica en Lima. Recurre entonces a Bol\u00edvar, que ten\u00eda un fuerte respaldo pol\u00edtico y militar. La pel\u00edcula recorre la charla entre San Mart\u00edn y Bol\u00edvar en la ciudad de Guayaquil, tratando de desentra\u00f1ar sobre qu\u00e9 hablaron los dos grandes h\u00e9roes latinoamericanos, y de esta forma, poner de relieve el pensamiento de estos hombres. Entrada libre y gratuita\u00a0hasta agotar la capacidad sala.<\/p>\n<figure class=\" wp-block-image alignleft eplus-wrapper\"><img decoding=\"async\" class=\"wp-image-99575\" src=\"https:\/\/cultura.cba.gov.ar\/wp-content\/uploads\/2025\/05\/concierto-para-dos-pianos-1-150x150.jpg\" alt=\"\" \/><\/figure>\n<p class=\" eplus-wrapper\">A las 20.\u00a0<strong>Concierto para dos pianos, siglo XX\/XXI<br \/>\nTeatro del Libertador San Mart\u00edn \u2013 V\u00e9lez Sarsfield 365<br \/>\n<\/strong>Adriana de los Santos y Alex Elgier interpretan: Flocking, de James Tenney; A machine, de Frederic Rzewski; Chromatic canon for two pianos, de James Tenney; y Qhana, de Cergio Prudencio. Entradas desde $4.000 disponibles en\u00a0<a href=\"http:\/\/autoentrada.com\/\" target=\"_blank\" rel=\"noreferrer noopener\">autoentrada.com<\/a>\u00a0o en boleter\u00edas del teatro.<\/p>\n<figure class=\" wp-block-image alignright eplus-wrapper\"><img decoding=\"async\" class=\"wp-image-98734\" src=\"https:\/\/cultura.cba.gov.ar\/wp-content\/uploads\/2025\/04\/Cyrano-150x150.jpg\" alt=\"\" \/><\/figure>\n<p class=\" eplus-wrapper\">A las 20:30.\u00a0<strong>En el tercer piso: \u201cUn Cyrano de dos mundos\u201d<br \/>\nTeatro Real \u2013 Sala del 3\u00b0 piso \u2013 San Jer\u00f3nimo 66<br \/>\n<\/strong>Con direcci\u00f3n de Gonzalo Tolosa,\u00a0<strong>\u00a0<\/strong>Cyrano recorre el teatro a la espera de un actor al que le prohibi\u00f3 actuar por un mes por haber puesto los ojos sobre Roxane, en ese peregrinar en busca de un pleito, el personaje realiza un recorrido por la vida de Cyrano de Bergerac, tanto el de la obra de Edmond Rostand, como el verdadero, recorriendo sus pesares y desdichas, sus desencuentros amorosos y sus aventuras literarias a trav\u00e9s de sus escritos fundamentales como lo son \u201cHistoria c\u00f3mica de los estados e imperios del sol y de la luna\u201d y cartas amorosas y contra todos. En escena: Sergio Oviedo. Entrada general $5.000, disponibles en\u00a0<a href=\"http:\/\/autoentrada.com\/\" target=\"_blank\" rel=\"noreferrer noopener\">autoentrada.com<\/a>\u00a0y en boleter\u00eda del teatro<\/p>\n<h4 class=\" wp-block-heading eplus-wrapper\"><strong>Jueves 15<\/strong>\u00a0de mayo<\/h4>\n<p class=\" eplus-wrapper\">A las 10.\u00a0<strong>Uni\u00f3n C\u00f3rdoba Ap\u00edcola<\/strong><br \/>\n<strong>Paseo del Buen Pastor \u2013 explanada \u2013 Hip\u00f3lito Yrigoyen 325<br \/>\n<\/strong>Todos los a\u00f1os, para la semana de la miel, se coloca un stand de la Escuela de Apicultura \u201cUni\u00f3n C\u00f3rdoba Ap\u00edcola\u201d junto a representantes del Consejo Asesor Ap\u00edcola, sobre la calle Buenos Aires. El stand permanecer\u00e1 desde el 15 al 18 de mayo de 10 a 19 hs.<\/p>\n<p class=\" eplus-wrapper\">A las 17.\u00a0<strong>Charla sobre el taller \u201cLa palabra presente\u201d<\/strong><strong><br \/>\n<\/strong><strong>Centro de Arte Contempor\u00e1neo. Chateau \u2013 Antonio Segu\u00ed<br \/>\n<\/strong>Claudia Santanera presenta el taller de escritura para principiantes que dictar\u00e1 en el CAC. M\u00e1s informaci\u00f3n e inscripciones:\u00a0<a href=\"mailto:proartecordoba@gmail.com\" target=\"_blank\" rel=\"noreferrer noopener\">proartecordoba@gmail.com<\/a>\u00a0\/ 3516520234. Entrada gratuita.<\/p>\n<figure class=\" wp-block-image alignleft eplus-wrapper\"><img decoding=\"async\" class=\"wp-image-99559\" src=\"https:\/\/cultura.cba.gov.ar\/wp-content\/uploads\/2025\/05\/Gloria-150x150.jpg\" alt=\"\" \/><\/figure>\n<p class=\" eplus-wrapper\">A las 17.\u00a0<strong>Cine: Gloria!<\/strong>\u00a0<em>(de Margherita Vicario, Italia, 2024)<\/em><br \/>\n<strong>Cine Arte C\u00f3rdoba \u2013 27 de abril 275<br \/>\n<\/strong>Corre el a\u00f1o 1800; el lugar, el Colegio Sant Ignazio, un viejo y decr\u00e9pito instituto musical para ni\u00f1as, en alg\u00fan lugar cerca de Venecia. Aqu\u00ed vive \u201cla Muda\u201d una criada silenciosa y solitaria, encargada de las tareas m\u00e1s humildes. Nadie sabe que se llama Teresa; nadie sospecha que posee un talento extraordinario que le permite sentir la armon\u00eda del universo y remodelar la realidad a trav\u00e9s de la m\u00fasica.\u00a0<strong>Repite a las 21; viernes 16 a las 17; s\u00e1bado 17 y domingo 18 a las 17, 19 y 21 hs.\u00a0<\/strong>Entrada general $4.000, jubilados y estudiantes $3.000, disponible en boleter\u00eda.<\/p>\n<figure class=\" wp-block-image alignright eplus-wrapper\"><img decoding=\"async\" class=\"wp-image-99558\" src=\"https:\/\/cultura.cba.gov.ar\/wp-content\/uploads\/2025\/05\/Expo-Lutheria-150x150.jpg\" alt=\"\" \/><\/figure>\n<p class=\" eplus-wrapper\">A las 17.\u00a0<strong>Expo Lutheria C\u00f3rdoba 2025<br \/>\nPaseo del Buen Pastor \u2013 Capilla \u2013 Hip\u00f3lito Yrigoyen 325<br \/>\n<\/strong>Del 15 al 18 de mayo, se llevar\u00e1 a cabo la tercera edici\u00f3n de la exposici\u00f3n de instrumentos de autor Expo Lutheria Cba 2025 en la Capilla del Paseo del buen Pastor,\u00a0 con m\u00e1s de 30 constructores de instrumentos musicales de todo el pa\u00eds. Organizada por la Asociaci\u00f3n Argentina de Luthiers y el auspicio de la Agencia C\u00f3rdoba Cultura,\u00a0 la exposici\u00f3n ser\u00e1 una oportunidad \u00fanica para los amantes de la m\u00fasica y los aficionados a los instrumentos musicales, donde los visitantes tendr\u00e1n la posibilidad de explorar una amplia gama de instrumentos de autor, creados con pasi\u00f3n y dedicaci\u00f3n por talentosos luthiers locales e internacionales. Participan expositores de Salta, Buenos Aires, Tucuman, Rio Negro y de los paises hermanos como Colombia y Uruguay. Las actividades incluyen charlas, capacitaciones y\u00a0 shows musicales, para un evento que promete ser una gran vidriera para apreciar la alt\u00edsima calidad de los\u00a0 distintos tipos de instrumentos musicales que se fabrican en esta parte del mundo. Entrada libre y gratuita<\/p>\n<p class=\" eplus-wrapper\">A las 18.\u00a0<strong>Apertura de la muestra \u00abTrazos, la \u00faltima esquina\u00bb<\/strong><strong><br \/>\n<\/strong><strong>Museo Hist\u00f3rico Provincial Marqu\u00e9s de Sobre Monte \u2013 Rosario de Santa Fe 218<br \/>\n<\/strong>En el marco del aniversario del Museo, se proponen diversas actividades de reactivaci\u00f3n del patrimonio, tomando la esquina de la casa museo, como espacio identitario del patrimonio cordob\u00e9s. En ese marco, se abre la muestra con un collage de registros producidos por los integrantes de Urban Sketchers C\u00f3rdoba que nos invita a reflexionar sobre la ciudad, la arquitectura y el patrimonio. Una muestra colectiva que aporta a la misi\u00f3n de nuestro espacio y opera como puente a la comunidad, recupera la acci\u00f3n del \u00abhacer\u00bb como patrimonio intangible y celebra estos 106 a\u00f1os de historia.<\/p>\n<p class=\" eplus-wrapper\">A las 18:30.\u00a0<strong>Ciclo de entrevistas \u201cPuntos suspensivos\u201d<br \/>\nMuseo Evita \u2013 Palacio Ferreyra \u2013 Av. Hip\u00f3lito Yrigoyen 511<\/strong><strong><br \/>\n<\/strong>Se reanuda el ciclo\u00a0 donde el comunicador CJ Carballo entrevista\u00a0 a M\u00f3nica Gorgas, conservadora de museos y una destacada referente en museolog\u00eda y gesti\u00f3n del patrimonio cultural. Es miembro del Consejo Internacional de Museos (ICOM) desde 1980 y tuvo roles clave en el Comit\u00e9 Internacional para la Museolog\u00eda (ICOFOM) y en el Comit\u00e9 de \u00c9tica del ICOM. Fue socia fundadora y presidenta del Centro Regional de Conservaci\u00f3n del Patrimonio en Papel, y participa en el Grupo C\u00f3rdoba Ruta del Esclavo, impulsando el reconocimiento del legado afro en el patrimonio argentino. Se desempe\u00f1\u00f3 como directora del Museo Nacional Estancia Jesu\u00edtica de Alta Gracia y Casa del Virrey Liniers, participando activamente en el proceso que llev\u00f3 a la declaraci\u00f3n de las Estancias Jesu\u00edticas como Patrimonio Mundial por la UNESCO. Ha dictado cursos y coordinado programas acad\u00e9micos en museolog\u00eda en universidades como la UNC y la UNT, promoviendo una pedagog\u00eda cr\u00edtica del patrimonio. Actividad libre y gratuita. Abierta al p\u00fablico.<\/p>\n<figure class=\" wp-block-image alignleft eplus-wrapper\"><img decoding=\"async\" class=\"wp-image-99576\" src=\"https:\/\/cultura.cba.gov.ar\/wp-content\/uploads\/2025\/05\/227-lunas-1-150x150.jpg\" alt=\"\" \/><\/figure>\n<p class=\" eplus-wrapper\">A las 19.\u00a0<strong>Cine espacio INCAA: 227 lunas\u00a0<\/strong>(<em>de Brenda Taubin, Argentina, 2025)<br \/>\n<\/em><strong>Cine Arte C\u00f3rdoba \u2013 27 de abril 275<br \/>\n<\/strong>Alejandro, un apasionado del espacio, crea peque\u00f1os planetas a escala de forma artesanal. Un d\u00eda recibe un inesperado correo: la Agencia Espacial Europea le encarga 227 lunas en miniatura como souvenires de una misi\u00f3n a J\u00fapiter a punto de lanzarse. El infinito, en la palma de una mano. 227 lunas retrata esa pasi\u00f3n, a partir de un personaje devoto y su peque\u00f1o mundo privado, que progresivamente se expande gracias a su labor artesanal que es tambi\u00e9n la de la pel\u00edcula, siguiendo sus pasos, conquistando nuevos horizontes. Un relato sobre el amor, la fascinaci\u00f3n y la curiosidad.\u00a0<strong>Repite el viernes 16 a las 19.\u00a0<\/strong>Entrada general<strong>\u00a0<\/strong>$3.000,\u00a0 jubilados y estudiantes $1.500, disponible en boleter\u00eda.<\/p>\n<figure class=\" wp-block-image alignright eplus-wrapper\"><img decoding=\"async\" class=\"wp-image-99073\" src=\"https:\/\/cultura.cba.gov.ar\/wp-content\/uploads\/2025\/05\/Aurora-negra-Real-150x150.jpg\" alt=\"\" \/><\/figure>\n<p class=\" eplus-wrapper\">A las 20:30.\u00a0<strong>Jueves de Comedia: \u201cAurora Negra\u201d<br \/>\nTeatro Real \u2013 Azucena Carmona \u2013 San Jer\u00f3nimo 66<br \/>\n<\/strong>Con direcci\u00f3n de Mar\u00eda Palacios. Invierno, en alguna monta\u00f1a del polo norte, en el c\u00edrculo boreal. Dos personajes con un extra\u00f1o v\u00ednculo entre s\u00ed se encuentran enterrados en la nieve, atrapados, resistiendo a la posibilidad de morir congelados. El tiempo es c\u00edclico. El viento a\u00falla como un cachorro de lobo castrado, el viento, es testigo y c\u00f3mplice, una entidad que acompa\u00f1a, un siniestro confidente. Edad recomendada para mayores de 16 a\u00f1os. Entrada general $4.000, disponibles en\u00a0<a href=\"http:\/\/autoentrada.com\/\" target=\"_blank\" rel=\"noreferrer noopener\">autoentrada.com<\/a>\u00a0y en boleter\u00eda del teatro.<\/p>\n<figure class=\" wp-block-image alignleft eplus-wrapper\"><img decoding=\"async\" class=\"wp-image-99554\" src=\"https:\/\/cultura.cba.gov.ar\/wp-content\/uploads\/2025\/05\/Amy-Monkeys-150x150.jpg\" alt=\"\" \/><\/figure>\n<p class=\" eplus-wrapper\">A las 21.\u00a0<strong>M\u00fasica en el Real:\u00a0 Amy\u2019s Monkeys presenta Tributo a Amy Winehouse<br \/>\nTeatro Real \u2013 Sala Carlos Gim\u00e9nez \u2013 San Jer\u00f3nimo 66<br \/>\n<\/strong>Amy\u2019s Monkeys es una banda tributo a Amy Winehouse, recrea con m\u00e1xima fidelidad su m\u00fasica y escena, un show para los fan\u00e1ticos m\u00e1s exigentes. En sus presentaciones Amy\u2019s Monkeys recrea el vestuario de los m\u00fasicos originales sin dejar ning\u00fan detalle al azar. Un viaje musical y emocional que explora la m\u00fasica de Amy con canciones emblem\u00e1ticas como \u201cRehab\u201d, \u201cBack to black\u201d y \u201cLove is a losing game\u201d. Un espect\u00e1culo que fusiona Jazz, Soul, Ska y R&amp;B con un vestuario y sonido que recrean la esencia de la \u00e9poca de Amy Winehouse. Integrantes: Kary Stefanich en voz, Alfred Corti en bater\u00eda, Marcelo Alonso Lescano en bajo, Alejandro Gil en piano y teclados, Fernando Bertino en guitarra. Entrada general $12.000, disponibles en\u00a0<a href=\"http:\/\/autoentrada.com\/\" target=\"_blank\" rel=\"noreferrer noopener\">autoentrada.com<\/a>\u00a0y en boleter\u00eda del teatro.<\/p>\n<h4 class=\" wp-block-heading eplus-wrapper\"><strong>Viernes 16<\/strong>\u00a0de mayo<\/h4>\n<p class=\" eplus-wrapper\">A las 10.\u00a0<strong>D\u00eda de la Fascinaci\u00f3n por las Plantas<br \/>\nMuseo Provincial de Ciencias Naturales \u2013 Av. Poeta Lugones 395<br \/>\n<\/strong>El D\u00eda Internacional de la Fascinaci\u00f3n por las Plantas es una fecha conmemorativa que tiene como objetivo principal fomentar el inter\u00e9s e intercambiar informaci\u00f3n en relaci\u00f3n a las plantas. La intenci\u00f3n es concientizar sobre la importancia de las plantas y sus derivados en distintos aspectos de la vida humana.\u00a0 Por tal motivo, el Museo Provincial de Ciencias Naturales junto con el INTA como organizadores y la participaci\u00f3n de diferentes instituciones promueven la fascinaci\u00f3n por las plantas a trav\u00e9s de stands, charlas y una muestra fotogr\u00e1fica. Destinado a escuelas de nivel inicial, primario, secundario y p\u00fablico general. Actividad sin costo. Ingreso a los stands por orden de llegada. No se precisa inscripci\u00f3n. Para Charlas: inscripci\u00f3n al mail\u00a0<a href=\"mailto:fascinacionmcnc@gmail.com\" target=\"_blank\" rel=\"noreferrer noopener\">fascinacionmcnc@gmail.com<\/a><\/p>\n<p class=\" eplus-wrapper\">A las 17.\u00a0<strong>Ciclo Patio Peatonal:\u00a0 Ensamble de M\u00fasica Ciudadana<br \/>\nEspacio Cultural Museo Mujeres \u2013\u00a0 Rivera Indarte 55<br \/>\n<\/strong>En esta ocasi\u00f3n, elencos estables de la Municipalidad de C\u00f3rdoba presentan un repertorio de tango, vals y milonga, con \u00e9nfasis en compositores cordobeses del siglo XX como Edmundo Cartos, Cristino Tapia y Zenobio G\u00f3mez. La entrada es libre y gratuita.<\/p>\n<p class=\" eplus-wrapper\">A las 18.\u00a0<strong>Presentaci\u00f3n del libro \u201cMadurando a la Intemperie de la vida\u201d<\/strong><em><br \/>\n<\/em><strong>Biblioteca C\u00f3rdoba \u2013 27 de Abril 375<br \/>\n<\/strong>Del autor Gabriel Ricci,\u00a0tambi\u00e9n llamado \u201cPaco\u201d, naci\u00f3 en Argentina, en octubre de 1968.\u00a0En ese vaiv\u00e9n de la vida, emergieron las inspiraciones, que hoy plasma mediante la literatura, salpimentando con su creatividad ansiosa. Cronol\u00f3gicamente, su madre tambi\u00e9n escrib\u00eda, desde la angustia errante de una mujer desencontrada con sus decisiones, buscando en sus poemas la trascendencia. El autor hereda su esencia, y redobla con sus escritos la apuesta, para demostrar al mundo que las letras son la compa\u00f1\u00eda m\u00e1s honesta. Entrada libre y gratuita.<\/p>\n<p class=\" eplus-wrapper\">A las 17:30.<strong>\u00a0Conversatorio \u00abDibujar la ciudad, representar el patrimonio\u00bb<br \/>\nMuseo Hist\u00f3rico Provincial Marqu\u00e9s de Sobre Monte \u2013 Rosario de Santa Fe 218<\/strong><br \/>\nA cargo del equipo del Colectivo Urban Sketchers C\u00f3rdoba y el Arq. Gonzalo Pagani, de la Direcci\u00f3n de Patrimonio Cultural, dependiente de la Agencia C\u00f3rdoba Cultura.<\/p>\n<p class=\" eplus-wrapper\">A las 20.\u00a0<strong>12\u00aa edici\u00f3n del Festival Internacional de Teatro Breve<br \/>\nMuseo Evita \u2013 Palacio Ferreyra \u2013 Av. Hip\u00f3lito Yrigoyen 511<br \/>\n<\/strong>Este festival es una gran galer\u00eda teatral con innovadoras propuestas esc\u00e9nicas de prestigiosos artistas de C\u00f3rdoba, el pa\u00eds y del extranjero. Se caracteriza por profundizar en innovadoras propuestas teatrales, donde se presentan una gran variedad de tem\u00e1ticas que fundamentan una mirada inclusiva, diversa y creativa. 10 obras de teatro que comienzan en simult\u00e1neo con una duraci\u00f3n de 15 minutos. El p\u00fablico disfruta de 4 piezas en una misma noche y tambi\u00e9n es albergado en un espacio com\u00fan con una gran performance de apertura, que produce el encuentro de todos, artistas y espectadores, antes de las funciones, en los intervalos y al finalizar. Cada obra se presenta 4 veces por noche, creaciones de 15 minutos representadas en espacios ambientados no convencionales.\u00a0<strong>Repite s\u00e1bado 17 y domingo 18.<\/strong><\/p>\n<figure class=\" wp-block-image alignright eplus-wrapper\"><img decoding=\"async\" class=\"wp-image-99561\" src=\"https:\/\/cultura.cba.gov.ar\/wp-content\/uploads\/2025\/05\/Hip-hop-150x150.jpg\" alt=\"\" \/><\/figure>\n<p class=\" eplus-wrapper\">A las 20.\u00a0<strong>Competencia de Hip Hop Dance<br \/>\nCentro Cultural C\u00f3rdoba \u2013 Av. Poeta Lugones 401<br \/>\n<\/strong>Competencia de hip hop dance 2 vs 2, (enfrentamiento en grupo de 2 personas) tendr\u00e1n 45 segundos cada participante para demostrar lo que saben hacer individualmente y como dupla(esto sumar\u00e1 m\u00e1s puntos en la decisi\u00f3n del jurado), el equipo que gana va a ir avanzando hasta llegar a la batalla final donde se decidir\u00e1 cu\u00e1l es la dupla ganadora de la fecha. Entrada libre y gratuita\u00a0hasta agotar la capacidad sala.<\/p>\n<p class=\" eplus-wrapper\">A las 20:30.<strong>\u00a0Inauguraci\u00f3n de la muestra Ochenta\/Veinte: Mujeres Fot\u00f3grafas<br \/>\nCentro Cultural San Francisco \u2013 Mitre 535, San Francisco.<br \/>\n<\/strong>La muestra fotogr\u00e1fica Ochenta\/Veinte: Mujeres Fot\u00f3grafas, recientemente exhibida en la fotogaler\u00eda del Paseo del Buen Pastor, es una propuesta curatorial que visibiliza el trabajo de artistas mujeres que han participado en la secci\u00f3n Revelad\\@s de la revista digital cordobesa Tierra Media. En el marco del D\u00eda Internacional de los Museos y de la Noche de los Museos San Francisco, se expondr\u00e1 en el Centro Cultural de la localidad formando parte de una serie de actividades que celebran el valor del arte y la cultura en la vida comunitaria. La muestra cuenta con el apoyo de la Agencia C\u00f3rdoba Cultura. Entrada libre y gratuita.<\/p>\n<figure class=\" wp-block-image alignleft eplus-wrapper\"><img decoding=\"async\" class=\"wp-image-87866\" src=\"https:\/\/cultura.cba.gov.ar\/wp-content\/uploads\/2024\/07\/Orquesta-Sinfonica-de-Cordoba-1-150x150.jpg\" alt=\"\" \/><\/figure>\n<p class=\" eplus-wrapper\">A las 21.\u00a0<strong>Concierto de la Orquesta Sinf\u00f3nica de C\u00f3rdoba en Jes\u00fas Mar\u00eda<br \/>\nAnfiteatro Jos\u00e9 Hern\u00e1ndez<br \/>\n<\/strong>La Orquesta Sinf\u00f3nica de C\u00f3rdoba interpreta un programa que transparenta la relaci\u00f3n consustancial que existe entre el baile y la m\u00fasica, a trav\u00e9s de un atractivo repertorio titulado\u00a0Danzas y valses. Este programa re\u00fane piezas en las que el ritmo y la melod\u00eda sellan un v\u00ednculo indivisible. El concierto en el Anfiteatro Jos\u00e9 Hern\u00e1ndez en la ciudad de Jes\u00fas Mar\u00eda se realiza en el marco de las celebraciones por el 60\u00b0 Aniversario del Festival Nacional de Doma y Folclore. La direcci\u00f3n musical est\u00e1 a cargo del maestro JongWhi Vakh, titular de la orquesta.<\/p>\n<p class=\" eplus-wrapper\">Entrada gratuita, con retiro previo en la Oficina de Turismo de la Estaci\u00f3n de Ferrocarril (C\u00f3rdoba y John Kennedy, Jes\u00fas Mar\u00eda), de 9 a 19.<\/p>\n<figure class=\" wp-block-image alignright eplus-wrapper\"><img decoding=\"async\" class=\"wp-image-99560\" src=\"https:\/\/cultura.cba.gov.ar\/wp-content\/uploads\/2025\/05\/Habitacion-Macbeth-150x150.jpg\" alt=\"\" \/><\/figure>\n<p class=\" eplus-wrapper\">A las 21.\u00a0<strong>Habitaci\u00f3n Macbeth<br \/>\nTeatro Real \u2013 Sala Carlos Gim\u00e9nez \u2013 San Jer\u00f3nimo 66<br \/>\n<\/strong>Con la actuaci\u00f3n y direcci\u00f3n de Pompeyo Audivert, a trav\u00e9s del cuerpo de un actor (encontrado en la fosa del teatro), las Brujas Fat\u00eddicas del p\u00e1ramo de huesos representar\u00e1n la tragedia Habitaci\u00f3n Macbeth, para el goce, deleite, y catarsis metaf\u00edsica de nuestra majestad creadora H\u00e9cate, vulgarmente conocida como El P\u00fablico. El piedrazo en el espejo. Erigir un espejo para reflejar alguna circunstancia ficcional y producir as\u00ed una unidad referencial con los espectadores es una estrategia muy com\u00fan en la que el teatro suele quedar atrapado; apedrear el espejo en el momento en que esa unidad se ha producido y amenaza cristalizarse no lo es (por eso Shakespeare y Beckett son geniales, no quieren reflejar al mundo sino revelar su condici\u00f3n de l\u00e1pida). Edad recomendada: mayores de 8 a\u00f1os.\u00a0<strong>Repone el s\u00e1bado 17 y domingo 18 a las 21.<\/strong>\u00a0Entradas desde $23.5000, disponibles en\u00a0<a href=\"http:\/\/autoentrada.com\/\" target=\"_blank\" rel=\"noreferrer noopener\">autoentrada.com<\/a>\u00a0y en boleter\u00eda del teatro.<\/p>\n<p class=\" eplus-wrapper\">A las 21.\u00a0<strong>Cine: Tamales\u00a0<\/strong><em>(de Teodoro Ciampagna, Argentina, 2025)<\/em><br \/>\n<strong>Cine Arte C\u00f3rdoba \u2013 27 de abril 275<br \/>\n<\/strong>Rosa, una tamalera de la Quebrada de Humahuaca que puso los ahorros de toda su vida en pepitas de oro de repente muere. Su desaparici\u00f3n f\u00edsica de este mundo desata la locura de su dist\u00f3pica familia, la cual se va a desconocer entera para poder encontrar la fortuna que Rosa dej\u00f3. En medio del caos, Mat\u00edas, su nieto del coraz\u00f3n, deber\u00e1 decidir si escapa de la locura o abraza su destino. Funci\u00f3n especial libre y gratuita en simult\u00e1neo con el Festival Internacional de Cine de las Alturas a trav\u00e9s del programa de Cine M\u00f3vil C\u00f3rdoba dependiente de INCAA<\/p>\n<h4 class=\" wp-block-heading eplus-wrapper\"><strong>S\u00e1bado 17<\/strong>\u00a0de mayo<\/h4>\n<p class=\" eplus-wrapper\">A las 14.\u00a0<strong>Cocinando historias<br \/>\nCasa Museo Gdor Amadeo Sabattini-\u00a0 Mariano Moreno 270, Villa Mar\u00eda<br \/>\n<\/strong>En el D\u00eda Internacional de los Museos y en el marco del \u201cMuseando\u201d, un recorrido en bicicleta por diferentes museos de la ciudad que participan de la actividad, Mauro Ad\u00e1n espera a los bici visitantes en la Casa Museo con un personaje encantador, un cocinero de relatos, con sabrosas recetas para elaborar historias de un lugar muy especial. Actividad libre y gratuita.<\/p>\n<figure class=\" wp-block-image alignleft eplus-wrapper\"><img decoding=\"async\" class=\"wp-image-95402\" src=\"https:\/\/cultura.cba.gov.ar\/wp-content\/uploads\/2024\/12\/Sala-0-DHL-x-VGM-Heart-for-Art-Vincent_van_Gogh_-_Almond_blossom_-_-150x150.jpg\" alt=\"\" \/><\/figure>\n<p class=\" eplus-wrapper\">A las 16.\u00a0<strong>Taller: En MODO Vincent, Bordando a Van Gogh.<br \/>\nMuseo Emilio Caraffa \u2013 Av. Poeta Lugones 411<br \/>\n<\/strong>Taller l\u00fadico y creativo para ni\u00f1as y ni\u00f1os de 8 a 16 a\u00f1os y sus familias, con el objetivo de conocer a los artistas y sus obras y crear a partir de ellas. El taller \u00a1Club de copistas!, propone a las infancias aprender a imitar a Van Gogh. A trav\u00e9s de una visita al almendro en flor, una charla sobre la vida de Vincent van Gogh\u00a0 se realizar\u00e1 un taller de bordado donde los participantes podr\u00e1n aprender algunos puntos de bordado y realizar una mini copia de la obra de Vincent van Gogh. Actividad a cargo de Bordadoras en el Museo. Para realizar este taller no se requieren conocimientos previos. Para pre inscribirse en esta actividad hay que completar\u00a0<a href=\"https:\/\/forms.gle\/cYCbaM3zTX4dz8nY6\" target=\"_blank\" rel=\"noreferrer noopener\"><strong>AQU\u00cd<\/strong><\/a>\u00a0el formulario.<\/p>\n<p class=\" eplus-wrapper\">A las 16.\u00a0<strong>Jornada abierta de dibujo arquitect\u00f3nico<br \/>\nMuseo Hist\u00f3rico Provincial Marqu\u00e9s de Sobre Monte \u2013 Rosario de Santa Fe 218<br \/>\n<\/strong>Coordinada por el colectivo art\u00edstico Urban Sketchers invitando a los visitantes y peatones a participar de una jornada dibujando rincones de nuestro museo. Traer materiales de dibujo, hojas y l\u00e1pices. Entrada libre y gratuita.<\/p>\n<p class=\" eplus-wrapper\">A las 20.\u00a0<strong>Volar es humano, aterrizar es divino<br \/>\nTeatro del Libertador San Mart\u00edn \u2013 V\u00e9lez Sarsfield 365<br \/>\n<\/strong>Enrique Pi\u00f1eyro, Fernando Margenet y Patricio Gonz\u00e1lez Ericsson ofrecen su espect\u00e1culo teatral con recursos multimedia. Funci\u00f3n a beneficio de la Fundaci\u00f3n Banco de Alimentos. Entradas desde $13.200 disponibles en\u00a0<a href=\"http:\/\/autoentrada.com\/\" target=\"_blank\" rel=\"noreferrer noopener\">autoentrada.com<\/a>\u00a0o en boleter\u00edas del teatro.<\/p>\n<p class=\" eplus-wrapper\">A las 20.\u00a0<strong>Ciclo de Teatro Provincial: Flores rojas revolucionarias 1815-1822<br \/>\nCentro Cultural C\u00f3rdoba \u2013 Av. Poeta Lugones 401<br \/>\n<\/strong>Por segundo a\u00f1o consecutivo, los terceros s\u00e1bados de cada mes a las 20, se pone en escena el ciclo \u201cTeatro provincial\u201d con propuestas teatrales de las diversas regiones del interior provincial. Este a\u00f1o comenzamos con una propuesta proveniente de Sierras Chicas. Documental basado en la vida de dos mujeres salte\u00f1as que fueron parte de la Revoluci\u00f3n de Mayo: Macacha G\u00fcemes y Carmen Puch de G\u00fcemes. La primera, estratega y \u201cmano derecha\u201d de su hermano. La segunda, esposa y madre. Sin ellas (y sin tantas otras mujeres invisibilizadas por la historia) la independencia nacional, \u00bfhubiese sido posible?. La revoluci\u00f3n, \u00bfno fue tambi\u00e9n de las mujeres?. Entrada libre y gratuita\u00a0hasta agotar la capacidad sala.<\/p>\n<h4 class=\" wp-block-heading eplus-wrapper\"><strong>Domingo 18<\/strong>\u00a0de mayo<\/h4>\n<figure class=\" wp-block-image alignright eplus-wrapper\"><img decoding=\"async\" class=\"wp-image-65656\" src=\"https:\/\/cultura.cba.gov.ar\/wp-content\/uploads\/2023\/05\/Tejiendo-infancias-6-150x150.jpeg\" alt=\"\" \/><\/figure>\n<p class=\" eplus-wrapper\">A las 11.\u00a0<strong>Tejiendo infancias<br \/>\nTeatro Real \u2013 Hall de ingreso \u2013 San Jer\u00f3nimo 66<br \/>\n<\/strong>Hasta las 14, el hall del Teatro Real se transforma en un espacio participativo para los m\u00e1s chicos con espect\u00e1culos musicales, actividades art\u00edsticas, l\u00fadicas y creativas, donde los ni\u00f1os y ni\u00f1as son protagonistas. Entrada libre y gratuita.\u00a0 Entrada libre y gratuita.<\/p>\n<figure class=\" wp-block-image alignleft eplus-wrapper\"><img decoding=\"async\" class=\"wp-image-87393\" src=\"https:\/\/cultura.cba.gov.ar\/wp-content\/uploads\/2024\/07\/Cenicienta-Desencadenada-Real-150x150.jpg\" alt=\"\" \/><\/figure>\n<p class=\" eplus-wrapper\">A las 17.\u00a0<strong>Comedia Infanto Juvenil:<\/strong>\u00a0<strong>\u201cCenicienta Desencadenada\u201d<br \/>\nTeatro Real \u2013 Sala Azucena Carmona \u2013 San Jer\u00f3nimo 66<br \/>\n<\/strong>La historia mil veces contada de Cenicienta y el zapato se pone patas para arriba cuando la protagonista descubre que vivir entre la realeza puede darle m\u00e1s de un dolor de cabeza (a ella y a la realeza). Una Cenicienta distinta, capaz de mirar la vida desde su propio lugar de origen, en una historia que nos habla sobre la necesidad de trascender las diferencias y sobre las dificultades que debe enfrentar el amor cuando el primer flechazo pasa y los amantes se enfrentan a la aventura de vivir juntos en un mundo donde para la felicidad, nada est\u00e1 ni remotamente preparado. A la manera de los antiguos espect\u00e1culos medievales el relato est\u00e1 contado a trav\u00e9s de la participaci\u00f3n de payasos, acr\u00f3batas y malabaristas que invaden la escena, cambiando de personaje seg\u00fan la ocasi\u00f3n. Edad recomendada: mayores de 6 a\u00f1os. Entrada general $4.000, disponibles en\u00a0<a href=\"http:\/\/autoentrada.com\/\" target=\"_blank\" rel=\"noreferrer noopener\">autoentrada.com<\/a>\u00a0y en boleter\u00eda del teatro.<\/p>\n<p class=\" eplus-wrapper\">A las 17.\u00a0<strong>Tejiendo coplas<\/strong><br \/>\n<strong>Museo del Cuarteto \u2013 Col\u00f3n esquina Rivera Indarte<br \/>\n<\/strong>Un<strong>\u00a0<\/strong>encuentro-taller donde la poes\u00eda y la imaginaci\u00f3n se dan la mano. A partir de libros ilustrados pensados para las infancias, se crean coplas propias, \u00fanicas y con alma. Se usar\u00e1 el cuerpo, im\u00e1genes, palabras recortadas, dibujos\u2026 \u00a1y hasta el canto colectivo puede aparecer si nos animamos a soltar la voz! Una propuesta l\u00fadica, sensible y creativa para compartir en comunidad.Ideal para chicos, grandes y todos los que quieran jugar con la poes\u00eda. Entrada libre y gratuita con inscripci\u00f3n previa\u00a0<a href=\"https:\/\/forms.gle\/3UoXraSJ1hjm2vJq9\" target=\"_blank\" rel=\"noreferrer noopener\"><strong>AQU\u00cd<\/strong><\/a>\u00a0en el link.<\/p>\n<p class=\" eplus-wrapper\">A las 17.\u00a0<strong>\u201cAromas y recuerdos que habitan\u201d<\/strong><br \/>\n<strong>Museo Provincial de Fotograf\u00eda Palacio Dionisi \u2013 Av. Hip\u00f3lito Yrigoyen 622<br \/>\n<\/strong>En el D\u00eda Internacional de los Museos, que este a\u00f1o propone reflexionar sobre\u00a0<em>\u201cEl futuro de los museos en comunidades en constante cambio\u201d<\/em>, el espacio propone vivir dos experiencias complementarias que abren nuevas formas de habitar el museo repensando el rol de los museos como espacios vivos, donde lo personal y lo colectivo, lo sensorial y lo simb\u00f3lico se entrelazan para generar nuevas formas de conexi\u00f3n. Los interesados deber\u00e1n traer la fotograf\u00eda de su objeto favorito al museo. Al comenzar, recorrer\u00e1n las salas de exposici\u00f3n donde se encontrar\u00e1n con distintos aromas que podr\u00edan existir en cualquier casa. Por un lado, la exhibici\u00f3n \u201cTarimota\u201d de las artistas Florencia Ag\u00fcero, Olga Arga\u00f1araz, Ver\u00f3nica Cuello, Judith Mori y Gabriela P\u00e9rez Guaita, exhibida en las salas 7 y 8 del museo, que explora la intersecci\u00f3n entre el museo, la fotograf\u00eda y otras disciplinas art\u00edsticas, tomando como punto de partida un recorrido fotogr\u00e1fico por la arquitectura del palacio y \u201cAromas y recuerdos que habitan\u201d, recorre la casa desde el olfato y la memoria personal, recuperando historias \u00edntimas a partir de objetos, im\u00e1genes y sensaciones.\u00a0 Entrada gratuita con cupo limitado de 20 personas. Inscripciones\u00a0<strong><a href=\"https:\/\/forms.gle\/aCL9fvF3DsLt3kv4A\" target=\"_blank\" rel=\"noreferrer noopener\">AQU\u00cd\u00a0<\/a><\/strong>en el link.<\/p>\n<p class=\" eplus-wrapper\">A las 20.\u00a0<strong>Ballet Cl\u00e1sico de San Petersburgo<br \/>\nTeatro del Libertador San Mart\u00edn \u2013 V\u00e9lez Sarsfield 365<br \/>\n<\/strong>El Ballet Cl\u00e1sico de San Petersburgo se presenta en una \u00fanica funci\u00f3n con figuras estelares del ballet mundial. La funci\u00f3n se abrir\u00e1 con \u201cCarmen\u201d , una versi\u00f3n para ballet en un acto solo basada en la novela de Prosper M\u00e9rim\u00e9e y la inolvidable m\u00fasica de Georges Bizet. Ambientada en Sevilla, la historia gira en torno a la pasi\u00f3n arrebatadora y el destino tr\u00e1gico de sus protagonistas, Carmen y Don Jos\u00e9. Los papeles principales ser\u00e1n interpretados por dos figuras consagradas del ballet internacional: Mar\u00eda Tomilova , primera bailarina del legendario Yuri Grigorovich y Alexander Volchkov , primer ministro del prestigioso Ballet Bolshoi de Mosc\u00fa. La segunda parte\u00a0 incluye una selecci\u00f3n de grandes cl\u00e1sicos del repertorio mundial, entre ellos una suite de \u201cEl Lago de los Cisnes\u201d , el Grand Pas de \u201cDon Quijote\u201d y la emotiva pieza \u201cLa muerte del cisne\u201d. Entradas desde $35.000 disponibles en\u00a0<a href=\"http:\/\/autoentrada.com\/\" target=\"_blank\" rel=\"noreferrer noopener\">autoentrada.com<\/a>\u00a0o en boleter\u00edas del teatro.<\/p>\n<figure class=\" wp-block-image alignright eplus-wrapper\"><img decoding=\"async\" class=\"wp-image-93819\" src=\"https:\/\/cultura.cba.gov.ar\/wp-content\/uploads\/2024\/11\/Coro-Delfino-Quirici-150x150.jpg\" alt=\"\" \/><\/figure>\n<p class=\" eplus-wrapper\">A las 20.\u00a0<strong>El Coro Polif\u00f3nico Delfino Quirici presenta \u201cCaleidoscopio \u2013 M\u00fasica argentina\u201d<\/strong><br \/>\n<strong>Teatro Municipal \u2013 Constituci\u00f3n 945, R\u00edo Cuarto<br \/>\n<\/strong>\u201cCaleidoscopio \u2013 M\u00fasica argentina\u201d es un concierto \u00fanico que invita a un viaje sonoro a trav\u00e9s de la riqueza y diversidad del repertorio coral nacional. Bajo la direcci\u00f3n de la renombrada Maestra Virginia Bono (Santa Fe), una de las principales referentes del pa\u00eds en la interpretaci\u00f3n y direcci\u00f3n coral, el Coro Polif\u00f3nico Delfino Quirici presenta un programa que fusiona obras emblem\u00e1ticas de la m\u00fasica argentina con composiciones contempor\u00e1neas. A lo largo de la velada, el p\u00fablico disfrutar\u00e1 de piezas como las poderosas Lamentaciones del profeta Jerem\u00edas de Alberto Ginastera, el melanc\u00f3lico Romance de ausencias de Carlos Guastavino, y la innovadora Misa de dos mundos de Ariel Quintana, junto con las obras de los compositores Juan Ignacio Noro\u00f1a y Julieta Ocampo. Este recorrido musical, que abarca distintos estilos, \u00e9pocas e influencias, celebra la pluralidad sonora de la m\u00fasica argentina, y est\u00e1 acompa\u00f1ado por el pianista Vicente Ronza y la maestra preparadora Luciana Cazzola. Entrada libre y gratuita.<\/p>\n<p class=\" eplus-wrapper\"><strong>Muestras en espacios y museos provinciales vigentes en\u00a0<a href=\"http:\/\/cultura.cba.gov.ar\/\" target=\"_blank\" rel=\"noreferrer noopener\">cultura.cba.gov.ar<\/a><\/strong>. Se pueden visitar de martes a domingo de 10:00 a 19:00.<\/p>\n<p class=\" eplus-wrapper\">\n<\/div>\n<\/div>\n<\/article>\n","protected":false},"excerpt":{"rendered":"<p>Un repaso por las actividades de la Agencia C\u00f3rdoba Cultura, del lunes 12 al domingo 18 de mayo. La provincia ofrece una nutrida agenda con espect\u00e1culos gratuitos, exposiciones art\u00edsticas y propuestas para todos los gustos. El domingo 18, la entrada a todos los museos provinciales ser\u00e1 libre y gratuita. C\u00f3rdoba se prepara para una semana &hellip;<\/p>\n","protected":false},"author":1,"featured_media":7266,"comment_status":"open","ping_status":"open","sticky":false,"template":"","format":"standard","meta":{"footnotes":""},"categories":[50,48],"tags":[],"class_list":["post-7268","post","type-post","status-publish","format-standard","has-post-thumbnail","hentry","category-entretenimiento","category-info-general"],"_links":{"self":[{"href":"https:\/\/radiobeat97.com.ar\/beat\/wp-json\/wp\/v2\/posts\/7268","targetHints":{"allow":["GET"]}}],"collection":[{"href":"https:\/\/radiobeat97.com.ar\/beat\/wp-json\/wp\/v2\/posts"}],"about":[{"href":"https:\/\/radiobeat97.com.ar\/beat\/wp-json\/wp\/v2\/types\/post"}],"author":[{"embeddable":true,"href":"https:\/\/radiobeat97.com.ar\/beat\/wp-json\/wp\/v2\/users\/1"}],"replies":[{"embeddable":true,"href":"https:\/\/radiobeat97.com.ar\/beat\/wp-json\/wp\/v2\/comments?post=7268"}],"version-history":[{"count":2,"href":"https:\/\/radiobeat97.com.ar\/beat\/wp-json\/wp\/v2\/posts\/7268\/revisions"}],"predecessor-version":[{"id":7270,"href":"https:\/\/radiobeat97.com.ar\/beat\/wp-json\/wp\/v2\/posts\/7268\/revisions\/7270"}],"wp:featuredmedia":[{"embeddable":true,"href":"https:\/\/radiobeat97.com.ar\/beat\/wp-json\/wp\/v2\/media\/7266"}],"wp:attachment":[{"href":"https:\/\/radiobeat97.com.ar\/beat\/wp-json\/wp\/v2\/media?parent=7268"}],"wp:term":[{"taxonomy":"category","embeddable":true,"href":"https:\/\/radiobeat97.com.ar\/beat\/wp-json\/wp\/v2\/categories?post=7268"},{"taxonomy":"post_tag","embeddable":true,"href":"https:\/\/radiobeat97.com.ar\/beat\/wp-json\/wp\/v2\/tags?post=7268"}],"curies":[{"name":"wp","href":"https:\/\/api.w.org\/{rel}","templated":true}]}}