{"id":7272,"date":"2025-05-19T10:06:39","date_gmt":"2025-05-19T13:06:39","guid":{"rendered":"https:\/\/radiobeat97.com.ar\/beat\/?p=7272"},"modified":"2025-05-19T10:06:39","modified_gmt":"2025-05-19T13:06:39","slug":"compromiso-interprovincial-policia-ambiental-coordino-el-traslado-de-fauna-silvestre-rescatada-a-santa-fe","status":"publish","type":"post","link":"https:\/\/radiobeat97.com.ar\/beat\/compromiso-interprovincial-policia-ambiental-coordino-el-traslado-de-fauna-silvestre-rescatada-a-santa-fe\/","title":{"rendered":"Compromiso interprovincial: Polic\u00eda Ambiental coordin\u00f3 el traslado de fauna silvestre rescatada a Santa Fe"},"content":{"rendered":"<ul class=\" wp-block-list eplus-wrapper eplus-styles-uid-c97d97\">\n<li class=\" eplus-wrapper\"><strong>Se trata de animales silvestres rescatados en operativos de control de Polic\u00eda Ambiental y de la Patrulla Ambiental que no tienen distribuci\u00f3n natural en C\u00f3rdoba.<\/strong><\/li>\n<li class=\" eplus-wrapper\"><strong>Estos ejemplares fueron trasladados desde el Parque de la Biodiversidad hasta el Centro de Rescate La Esmeralda.<\/strong><\/li>\n<\/ul>\n<p class=\" eplus-wrapper\">Cinco ejemplares de fauna silvestre que no tienen distribuci\u00f3n natural en C\u00f3rdoba fueron trasladados desde el Parque de la Biodiversidad hasta el Centro de Rescate La Esmeralda, en la provincia de Santa Fe. El operativo fue fruto del trabajo conjunto entre la Polic\u00eda Ambiental del Ministerio de Ambiente y Econom\u00eda Circular de C\u00f3rdoba, la Subsecretar\u00eda de Biodiversidad y el Ministerio de Ambiente y Cambio Clim\u00e1tico santafesino.<\/p>\n<p class=\" eplus-wrapper\">Los animales \u2014dos yacar\u00e9s (<em>Caim\u00e1n latirrostris<\/em>), una pava de monte (<em>Pen\u00e9lope osbcura<\/em>), un tordo chaque\u00f1o (<em>Gnorimopsar chopi<\/em>) y una serpiente \u00f1acanina (<em>Hydrodynastes gigas<\/em>)\u2014 fueron rescatados en distintos operativos de control realizados por la Polic\u00eda Ambiental y la Patrulla Ambiental de la Polic\u00eda de C\u00f3rdoba. Durante su estad\u00eda en el Parque de la Biodiversidad, recibieron atenci\u00f3n veterinaria y rehabilitaci\u00f3n comportamental.<\/p>\n<p class=\" eplus-wrapper\">Dado que estas especies no forman parte del ecosistema natural cordob\u00e9s, se coordin\u00f3 su traslado a Santa Fe, donde podr\u00e1n ser reinsertadas en un ambiente acorde a sus necesidades ecol\u00f3gicas. La acci\u00f3n reafirma el compromiso compartido entre provincias por la conservaci\u00f3n de la biodiversidad y el respeto por los h\u00e1bitats naturales.<\/p>\n<p class=\" eplus-wrapper\"><em>\u201cUna vez que rescatamos a los animales en nuestros procedimientos de control, intentamos que puedan volver a su h\u00e1bitat natural, respetando su zona de distribuci\u00f3n, en donde entendemos que podr\u00e1n desarrollarse en libertad y en equilibrio con el ecosistema\u201d,<\/em>\u00a0explic\u00f3 Adri\u00e1n Rinaudo, secretario de Polic\u00eda Ambiental.<\/p>\n<p class=\" eplus-wrapper\">Actualmente, los ejemplares iniciaron un per\u00edodo de cuarentena sanitaria protocolar en el Centro de Rescate, Investigaci\u00f3n e Interpretaci\u00f3n de Fauna Silvestre La Esmeralda, donde especialistas evaluar\u00e1n su estado y condiciones para una futura liberaci\u00f3n.<\/p>\n<p class=\" eplus-wrapper\">\u201cGracias a este esfuerzo conjunto \u2014y teniendo en cuenta que no es la primera vez que trasladamos fauna silvestre rescatada en C\u00f3rdoba a otra provincia\u2014 seguimos trabajando por una fauna silvestre libre y protegida\u201d, concluy\u00f3 Rinaudo.<\/p>\n","protected":false},"excerpt":{"rendered":"<p>Se trata de animales silvestres rescatados en operativos de control de Polic\u00eda Ambiental y de la Patrulla Ambiental que no tienen distribuci\u00f3n natural en C\u00f3rdoba. Estos ejemplares fueron trasladados desde el Parque de la Biodiversidad hasta el Centro de Rescate La Esmeralda. Cinco ejemplares de fauna silvestre que no tienen distribuci\u00f3n natural en C\u00f3rdoba fueron &hellip;<\/p>\n","protected":false},"author":1,"featured_media":7273,"comment_status":"open","ping_status":"open","sticky":false,"template":"","format":"standard","meta":{"footnotes":""},"categories":[48],"tags":[],"class_list":["post-7272","post","type-post","status-publish","format-standard","has-post-thumbnail","hentry","category-info-general"],"_links":{"self":[{"href":"https:\/\/radiobeat97.com.ar\/beat\/wp-json\/wp\/v2\/posts\/7272","targetHints":{"allow":["GET"]}}],"collection":[{"href":"https:\/\/radiobeat97.com.ar\/beat\/wp-json\/wp\/v2\/posts"}],"about":[{"href":"https:\/\/radiobeat97.com.ar\/beat\/wp-json\/wp\/v2\/types\/post"}],"author":[{"embeddable":true,"href":"https:\/\/radiobeat97.com.ar\/beat\/wp-json\/wp\/v2\/users\/1"}],"replies":[{"embeddable":true,"href":"https:\/\/radiobeat97.com.ar\/beat\/wp-json\/wp\/v2\/comments?post=7272"}],"version-history":[{"count":1,"href":"https:\/\/radiobeat97.com.ar\/beat\/wp-json\/wp\/v2\/posts\/7272\/revisions"}],"predecessor-version":[{"id":7277,"href":"https:\/\/radiobeat97.com.ar\/beat\/wp-json\/wp\/v2\/posts\/7272\/revisions\/7277"}],"wp:featuredmedia":[{"embeddable":true,"href":"https:\/\/radiobeat97.com.ar\/beat\/wp-json\/wp\/v2\/media\/7273"}],"wp:attachment":[{"href":"https:\/\/radiobeat97.com.ar\/beat\/wp-json\/wp\/v2\/media?parent=7272"}],"wp:term":[{"taxonomy":"category","embeddable":true,"href":"https:\/\/radiobeat97.com.ar\/beat\/wp-json\/wp\/v2\/categories?post=7272"},{"taxonomy":"post_tag","embeddable":true,"href":"https:\/\/radiobeat97.com.ar\/beat\/wp-json\/wp\/v2\/tags?post=7272"}],"curies":[{"name":"wp","href":"https:\/\/api.w.org\/{rel}","templated":true}]}}