{"id":7278,"date":"2025-05-20T10:07:04","date_gmt":"2025-05-20T13:07:04","guid":{"rendered":"https:\/\/radiobeat97.com.ar\/beat\/?p=7278"},"modified":"2025-05-19T10:07:40","modified_gmt":"2025-05-19T13:07:40","slug":"la-provincia-creara-en-la-policia-una-division-de-drones","status":"publish","type":"post","link":"https:\/\/radiobeat97.com.ar\/beat\/la-provincia-creara-en-la-policia-una-division-de-drones\/","title":{"rendered":"La Provincia crear\u00e1 en la Polic\u00eda una divisi\u00f3n de drones"},"content":{"rendered":"<ul class=\" wp-block-list eplus-wrapper eplus-styles-uid-4c9232\">\n<li class=\" eplus-wrapper\"><strong>Llam\u00f3 a licitaci\u00f3n para equipar con 15 drones de \u00faltima generaci\u00f3n a la nueva unidad.<\/strong><\/li>\n<li class=\" eplus-wrapper\"><strong>Realizar\u00e1 patrullaje preventivo, b\u00fasqueda y rescate de personas, monitoreo de eventos masivos, participar\u00e1 en allanamientos ordenados por la Justicia, operativos antiterroristas, entre otras tareas.<\/strong><\/li>\n<li class=\" eplus-wrapper\"><strong>La divisi\u00f3n contar\u00e1 con centros m\u00f3viles de comando y sistema antidrones para interceptar actividades il\u00edcitas.<\/strong><\/li>\n<\/ul>\n<p class=\" eplus-wrapper\">La Polic\u00eda de C\u00f3rdoba pondr\u00e1 en marcha una divisi\u00f3n especializada en el uso de drones, denominada Svant (Sistema de Veh\u00edculos A\u00e9reos No Tripulados), que busca modernizar con tecnolog\u00eda de punta las capacidades de la fuerza de seguridad provincial.<\/p>\n<p class=\" eplus-wrapper\">La unidad tendr\u00e1 a su cargo patrullaje preventivo, b\u00fasqueda y rescate de personas, monitoreo de eventos masivos, apoyo en allanamientos ordenados por la Justicia, operativos antiterroristas, vigilancia de grandes concentraciones y zonas cr\u00edticas, entre otras tareas.<\/p>\n<p class=\" eplus-wrapper\">Para equipar la nueva divisi\u00f3n, el Gobierno de C\u00f3rdoba, a trav\u00e9s del Ministerio de Seguridad, lanz\u00f3 una licitaci\u00f3n p\u00fablica que contempla la adquisici\u00f3n de una flota de 15 aparatos de corto, mediano y largo alcance, con una inversi\u00f3n de 7.842.344.202,00 pesos.<\/p>\n<p class=\" eplus-wrapper\">La fuerza, adem\u00e1s, contar\u00e1 con tres veh\u00edculos utilitarios carrozados que funcionar\u00e1n como centros m\u00f3viles de comando y control de operaciones.<\/p>\n<p class=\" eplus-wrapper\">La Divisi\u00f3n Svant tambi\u00e9n dispondr\u00e1 de un sistema antidrones para establecer per\u00edmetros e inutilizar drones no autorizados. Esto se utilizar\u00e1, por ejemplo, para evitar el ingreso de elementos prohibidos en c\u00e1rceles.<\/p>\n<p class=\" eplus-wrapper\">Para optimizar el patrullaje, se contempla sumar aplicaciones de Inteligencia Artificial para el reconocimiento facial y de patentes, as\u00ed como la detecci\u00f3n de im\u00e1genes faciales en video e identificaci\u00f3n biom\u00e9trica.<\/p>\n<p class=\" eplus-wrapper\">La unidad tendr\u00e1 su sede principal en la Direcci\u00f3n Provincial de Aeron\u00e1utica, colindante al Aeropuerto Ambrosio Taravella, en la ciudad de C\u00f3rdoba, y una segunda sede funcionar\u00e1 en el aeroclub de Coronel Olmedo.<\/p>\n<p class=\" eplus-wrapper\">De esta manera la Provincia busca dotar a la Polic\u00eda de herramientas tecnol\u00f3gicas de \u00faltima generaci\u00f3n para fortalecer la seguridad y la capacidad operativa ante diversas situaciones.<\/p>\n","protected":false},"excerpt":{"rendered":"<p>Llam\u00f3 a licitaci\u00f3n para equipar con 15 drones de \u00faltima generaci\u00f3n a la nueva unidad. Realizar\u00e1 patrullaje preventivo, b\u00fasqueda y rescate de personas, monitoreo de eventos masivos, participar\u00e1 en allanamientos ordenados por la Justicia, operativos antiterroristas, entre otras tareas. La divisi\u00f3n contar\u00e1 con centros m\u00f3viles de comando y sistema antidrones para interceptar actividades il\u00edcitas. La &hellip;<\/p>\n","protected":false},"author":1,"featured_media":7274,"comment_status":"open","ping_status":"open","sticky":false,"template":"","format":"standard","meta":{"footnotes":""},"categories":[48],"tags":[],"class_list":["post-7278","post","type-post","status-publish","format-standard","has-post-thumbnail","hentry","category-info-general"],"_links":{"self":[{"href":"https:\/\/radiobeat97.com.ar\/beat\/wp-json\/wp\/v2\/posts\/7278","targetHints":{"allow":["GET"]}}],"collection":[{"href":"https:\/\/radiobeat97.com.ar\/beat\/wp-json\/wp\/v2\/posts"}],"about":[{"href":"https:\/\/radiobeat97.com.ar\/beat\/wp-json\/wp\/v2\/types\/post"}],"author":[{"embeddable":true,"href":"https:\/\/radiobeat97.com.ar\/beat\/wp-json\/wp\/v2\/users\/1"}],"replies":[{"embeddable":true,"href":"https:\/\/radiobeat97.com.ar\/beat\/wp-json\/wp\/v2\/comments?post=7278"}],"version-history":[{"count":1,"href":"https:\/\/radiobeat97.com.ar\/beat\/wp-json\/wp\/v2\/posts\/7278\/revisions"}],"predecessor-version":[{"id":7279,"href":"https:\/\/radiobeat97.com.ar\/beat\/wp-json\/wp\/v2\/posts\/7278\/revisions\/7279"}],"wp:featuredmedia":[{"embeddable":true,"href":"https:\/\/radiobeat97.com.ar\/beat\/wp-json\/wp\/v2\/media\/7274"}],"wp:attachment":[{"href":"https:\/\/radiobeat97.com.ar\/beat\/wp-json\/wp\/v2\/media?parent=7278"}],"wp:term":[{"taxonomy":"category","embeddable":true,"href":"https:\/\/radiobeat97.com.ar\/beat\/wp-json\/wp\/v2\/categories?post=7278"},{"taxonomy":"post_tag","embeddable":true,"href":"https:\/\/radiobeat97.com.ar\/beat\/wp-json\/wp\/v2\/tags?post=7278"}],"curies":[{"name":"wp","href":"https:\/\/api.w.org\/{rel}","templated":true}]}}