{"id":7286,"date":"2025-05-26T08:40:38","date_gmt":"2025-05-26T11:40:38","guid":{"rendered":"https:\/\/radiobeat97.com.ar\/beat\/?p=7286"},"modified":"2025-05-26T08:40:38","modified_gmt":"2025-05-26T11:40:38","slug":"en-carlos-paz-llaryora-encabezo-el-fogon-patrio","status":"publish","type":"post","link":"https:\/\/radiobeat97.com.ar\/beat\/en-carlos-paz-llaryora-encabezo-el-fogon-patrio\/","title":{"rendered":"En Carlos Paz, Llaryora encabez\u00f3 el Fog\u00f3n Patrio"},"content":{"rendered":"<ul class=\" wp-block-list eplus-wrapper eplus-styles-uid-8f0fdc\">\n<li class=\" eplus-wrapper\"><strong>Forma parte de las actividades en conmemoraci\u00f3n por los 215 a\u00f1os de la Revoluci\u00f3n de Mayo.<\/strong><\/li>\n<li class=\" eplus-wrapper\"><strong>El mandatario valor\u00f3 el trabajo coordinado con el municipio local y rol de las instituciones civiles.<\/strong><\/li>\n<li class=\" eplus-wrapper\"><strong>A las 11 horas comienza el desfile c\u00edvico militar.<\/strong><\/li>\n<\/ul>\n<p class=\" eplus-wrapper\">En Villa Carlos Paz, el gobernador Mart\u00edn Llaryora y el intendente Esteban Avil\u00e9s encabezaron el Fog\u00f3n Patrio, una emotiva velada en el espacio M\u00f3naco que reuni\u00f3 a autoridades provinciales y municipales para celebrar la identidad cultural cordobesa.<\/p>\n<p class=\" eplus-wrapper\">El Fog\u00f3n Patrio se enmarca dentro de la iniciativa \u201cCamino del Folklore del Norte Cordob\u00e9s\u201d, un programa que busca fortalecer la identidad cultural de la regi\u00f3n a trav\u00e9s del arte, la m\u00fasica y la gastronom\u00eda t\u00edpica.<\/p>\n<p class=\" eplus-wrapper\">La propuesta forma parte de una estrategia m\u00e1s amplia impulsada por la Agencia C\u00f3rdoba Cultura para promover el desarrollo del norte provincial.<\/p>\n<p class=\" eplus-wrapper\">El espect\u00e1culo \u00abPostales del Norte Cordob\u00e9s\u00bb recorrer\u00e1 distintas ciudades de la provincia y la Regi\u00f3n Centro, difundiendo la cultura de nuestro norte provincial.<\/p>\n<p class=\" eplus-wrapper\">El gobernador valor\u00f3 el trabajo conjunto con el municipio de Carlos Paz y sostuvo que\u00a0<em>\u201cen C\u00f3rdoba podemos pensar diferente, ser de distinta ideolog\u00eda y religi\u00f3n; pero podemos estar juntos, tirando todos para el mismo lado\u201d.<\/em><\/p>\n<figure class=\"wp-block-gallery has-nested-images columns-default is-cropped eplus-wrapper wp-block-gallery-1\">\n<figure class=\" wp-block-image size-large eplus-wrapper\"><img fetchpriority=\"high\" decoding=\"async\" class=\"wp-image-619982\" src=\"https:\/\/prensa.cba.gov.ar\/wp-content\/uploads\/2025\/05\/WhatsApp-Image-2025-05-25-at-10.18.06-1024x658.jpeg\" sizes=\"(max-width: 1024px) 100vw, 1024px\" srcset=\"https:\/\/prensa.cba.gov.ar\/wp-content\/uploads\/2025\/05\/WhatsApp-Image-2025-05-25-at-10.18.06-1024x658.jpeg 1024w, https:\/\/prensa.cba.gov.ar\/wp-content\/uploads\/2025\/05\/WhatsApp-Image-2025-05-25-at-10.18.06-300x193.jpeg 300w, https:\/\/prensa.cba.gov.ar\/wp-content\/uploads\/2025\/05\/WhatsApp-Image-2025-05-25-at-10.18.06-768x494.jpeg 768w, https:\/\/prensa.cba.gov.ar\/wp-content\/uploads\/2025\/05\/WhatsApp-Image-2025-05-25-at-10.18.06.jpeg 1066w\" alt=\"\" width=\"1024\" height=\"658\" data-id=\"619982\" \/><\/figure>\n<figure class=\" wp-block-image size-large eplus-wrapper\"><img decoding=\"async\" class=\"wp-image-619981\" src=\"https:\/\/prensa.cba.gov.ar\/wp-content\/uploads\/2025\/05\/WhatsApp-Image-2025-05-25-at-10.05.29-1024x651.jpeg\" sizes=\"(max-width: 1024px) 100vw, 1024px\" srcset=\"https:\/\/prensa.cba.gov.ar\/wp-content\/uploads\/2025\/05\/WhatsApp-Image-2025-05-25-at-10.05.29-1024x651.jpeg 1024w, https:\/\/prensa.cba.gov.ar\/wp-content\/uploads\/2025\/05\/WhatsApp-Image-2025-05-25-at-10.05.29-300x191.jpeg 300w, https:\/\/prensa.cba.gov.ar\/wp-content\/uploads\/2025\/05\/WhatsApp-Image-2025-05-25-at-10.05.29-768x488.jpeg 768w, https:\/\/prensa.cba.gov.ar\/wp-content\/uploads\/2025\/05\/WhatsApp-Image-2025-05-25-at-10.05.29.jpeg 1377w\" alt=\"\" width=\"1024\" height=\"651\" data-id=\"619981\" \/><\/figure>\n<\/figure>\n<p class=\" eplus-wrapper\"><em>\u201cSomos un pa\u00eds joven. Nuestro pa\u00eds, a lo largo de su historia, cobij\u00f3 a personas que llegaron desde diversos lugares. Y estando hoy en Carlos Paz, pienso que esta hermosa ciudad tambi\u00e9n a lo largo de su historia recibi\u00f3 gente que se radic\u00f3 aqu\u00ed viniendo de otras latitudes\u201d<\/em>, asegur\u00f3 Llaryora.<\/p>\n<p class=\" eplus-wrapper\">El mandatario valor\u00f3 luego el rol de las instituciones civiles para la sociedad porque\u00a0<em>\u201cen este momento tan dif\u00edcil, las instituciones cimientan el progreso y el crecimiento\u201d.<\/em><\/p>\n<p class=\" eplus-wrapper\">En ese sentido, Llaryora se comprometi\u00f3 en apoyar econ\u00f3micamente a las instituciones de Carlos Paz para fortificar estos espacios claves para la ciudad.<\/p>\n<p class=\" eplus-wrapper\">A su turno, el intendente de Carlos Paz, Esteban Avil\u00e9s, destac\u00f3 la visita del mandatario provincial a la localidad del departamento Punilla, en la que remarc\u00f3 la identidad carlospacense del trabajo conjunto. Adem\u00e1s, indic\u00f3 que las pr\u00f3ximas acciones en conjunto con el gobierno provincial<em>\u00a0\u201cvan a disparar muchos de los sue\u00f1os que tenemos instalados\u201d.<\/em><\/p>\n<p class=\" eplus-wrapper\">Estuvieron presentes, adem\u00e1s, la vicegobernadora Myrian Prunotto; ministros y miembros del gabinete provincial; legisladores, entre otras autoridades.<\/p>\n<p class=\" eplus-wrapper\">Cabe recordar que en el marco de la agenda oficial por los festejos del 25 de Mayo, el mandatario inici\u00f3 la celebraci\u00f3n patria con una velada de gala en la ciudad de Alta Gracia.<\/p>\n<p class=\" eplus-wrapper\">El evento tuvo lugar en el Teatro Monumental Sierras y cont\u00f3 con la destacada presentaci\u00f3n de Jorge Rojas, quien ofreci\u00f3 un concierto que convoc\u00f3 a vecinos y autoridades locales.<\/p>\n<figure class=\" wp-block-embed is-type-video is-provider-youtube wp-block-embed-youtube eplus-wrapper\">\n<div class=\"wp-block-embed__wrapper\">\n<div class=\"ast-oembed-container \"><iframe title=\"En Carlos Paz, Llaryora encabez\u00f3 anoche el Fog\u00f3n Patrio\" src=\"https:\/\/www.youtube.com\/embed\/dgLCLvkY6og?feature=oembed\" width=\"1000\" height=\"563\" frameborder=\"0\" allowfullscreen=\"allowfullscreen\" data-mce-fragment=\"1\"><\/iframe><\/div>\n<\/div>\n<\/figure>\n","protected":false},"excerpt":{"rendered":"<p>Forma parte de las actividades en conmemoraci\u00f3n por los 215 a\u00f1os de la Revoluci\u00f3n de Mayo. El mandatario valor\u00f3 el trabajo coordinado con el municipio local y rol de las instituciones civiles. A las 11 horas comienza el desfile c\u00edvico militar. En Villa Carlos Paz, el gobernador Mart\u00edn Llaryora y el intendente Esteban Avil\u00e9s encabezaron &hellip;<\/p>\n","protected":false},"author":1,"featured_media":7287,"comment_status":"open","ping_status":"open","sticky":false,"template":"","format":"standard","meta":{"footnotes":""},"categories":[48],"tags":[],"class_list":["post-7286","post","type-post","status-publish","format-standard","has-post-thumbnail","hentry","category-info-general"],"_links":{"self":[{"href":"https:\/\/radiobeat97.com.ar\/beat\/wp-json\/wp\/v2\/posts\/7286","targetHints":{"allow":["GET"]}}],"collection":[{"href":"https:\/\/radiobeat97.com.ar\/beat\/wp-json\/wp\/v2\/posts"}],"about":[{"href":"https:\/\/radiobeat97.com.ar\/beat\/wp-json\/wp\/v2\/types\/post"}],"author":[{"embeddable":true,"href":"https:\/\/radiobeat97.com.ar\/beat\/wp-json\/wp\/v2\/users\/1"}],"replies":[{"embeddable":true,"href":"https:\/\/radiobeat97.com.ar\/beat\/wp-json\/wp\/v2\/comments?post=7286"}],"version-history":[{"count":1,"href":"https:\/\/radiobeat97.com.ar\/beat\/wp-json\/wp\/v2\/posts\/7286\/revisions"}],"predecessor-version":[{"id":7288,"href":"https:\/\/radiobeat97.com.ar\/beat\/wp-json\/wp\/v2\/posts\/7286\/revisions\/7288"}],"wp:featuredmedia":[{"embeddable":true,"href":"https:\/\/radiobeat97.com.ar\/beat\/wp-json\/wp\/v2\/media\/7287"}],"wp:attachment":[{"href":"https:\/\/radiobeat97.com.ar\/beat\/wp-json\/wp\/v2\/media?parent=7286"}],"wp:term":[{"taxonomy":"category","embeddable":true,"href":"https:\/\/radiobeat97.com.ar\/beat\/wp-json\/wp\/v2\/categories?post=7286"},{"taxonomy":"post_tag","embeddable":true,"href":"https:\/\/radiobeat97.com.ar\/beat\/wp-json\/wp\/v2\/tags?post=7286"}],"curies":[{"name":"wp","href":"https:\/\/api.w.org\/{rel}","templated":true}]}}