{"id":7296,"date":"2025-06-03T13:04:55","date_gmt":"2025-06-03T16:04:55","guid":{"rendered":"https:\/\/radiobeat97.com.ar\/beat\/?p=7296"},"modified":"2025-06-03T13:04:55","modified_gmt":"2025-06-03T16:04:55","slug":"la-provincia-prueba-alternativas-para-controlar-el-avance-de-plantas-exoticas-en-pastizales","status":"publish","type":"post","link":"https:\/\/radiobeat97.com.ar\/beat\/la-provincia-prueba-alternativas-para-controlar-el-avance-de-plantas-exoticas-en-pastizales\/","title":{"rendered":"La Provincia prueba alternativas para controlar el avance de plantas ex\u00f3ticas en pastizales"},"content":{"rendered":"<ul class=\" wp-block-list eplus-wrapper eplus-styles-uid-29ab6b\">\n<li class=\" eplus-wrapper\"><strong>Un ensayo realizado en las sierras de C\u00f3rdoba mostr\u00f3 buenos resultados contra el avance de especies ex\u00f3ticas invasoras.<\/strong><\/li>\n<li class=\" eplus-wrapper\"><strong>La iniciativa integra a productores de ARSCH, e investigadores del INTA, la UNC, el CONICET y los Ministerios de Bioagroindustria y Ambiente y Econom\u00eda Circular de la provincia.<\/strong><\/li>\n<\/ul>\n<p class=\" eplus-wrapper\">En las sierras de C\u00f3rdoba, el avance de especies le\u00f1osas ex\u00f3ticas invasoras se convirti\u00f3 en un problema cr\u00edtico para la gesti\u00f3n de las cuencas h\u00eddricas, la conservaci\u00f3n del ambiente y la producci\u00f3n ganadera.<\/p>\n<p class=\" eplus-wrapper\">Este fen\u00f3meno, que transforma pastizales en arbustales y bosques de ex\u00f3ticas, afecta la productividad forrajera, la transitabilidad de los potreros, el rendimiento h\u00eddrico de las cuencas y la biodiversidad. Frente a esta amenaza, un equipo interdisciplinario integrado por productores e investigadores de instituciones p\u00fablico-privadas realiz\u00f3 ensayos con fitosanitarios para controlar la expansi\u00f3n de estas especies, con buenos resultados.<\/p>\n<p class=\" eplus-wrapper\">El estudio fue llevado adelante por la Asociaci\u00f3n Rural Sierras Chicas (ARSCH), la Estaci\u00f3n Experimental Agropecuaria Manfredi del INTA, los Ministerios de Bioagroindustria y de Ambiente y Econom\u00eda Circular de C\u00f3rdoba, con la colaboraci\u00f3n del Instituto Multidisciplinario de Biolog\u00eda Vegetal (IMBIV), perteneciente a la Universidad Nacional de C\u00f3rdoba (UNC) y al CONICET. El ensayo se realiz\u00f3 en la estancia San Miguel, cercana a la localidad de Ascochinga, en enero de 2025, y cont\u00f3 con las autorizaciones del Ministerio de Ambiente provincial y un permiso excepcional del SENASA para el uso del fitosanitario con fines de investigaci\u00f3n.<\/p>\n<p class=\" eplus-wrapper\">Los primeros resultados se dieron a conocer recientemente.<\/p>\n<p class=\" eplus-wrapper\">\n<figure class=\" wp-block-image size-full eplus-wrapper\"><img fetchpriority=\"high\" decoding=\"async\" class=\"wp-image-620554\" src=\"https:\/\/prensa.cba.gov.ar\/wp-content\/uploads\/2025\/06\/WhatsApp-Image-2025-06-03-at-09.25.58.jpeg\" sizes=\"(max-width: 990px) 100vw, 990px\" srcset=\"https:\/\/prensa.cba.gov.ar\/wp-content\/uploads\/2025\/06\/WhatsApp-Image-2025-06-03-at-09.25.58.jpeg 990w, https:\/\/prensa.cba.gov.ar\/wp-content\/uploads\/2025\/06\/WhatsApp-Image-2025-06-03-at-09.25.58-300x200.jpeg 300w, https:\/\/prensa.cba.gov.ar\/wp-content\/uploads\/2025\/06\/WhatsApp-Image-2025-06-03-at-09.25.58-768x512.jpeg 768w\" alt=\"\" width=\"990\" height=\"660\" \/><\/figure>\n<p class=\" eplus-wrapper\">El objetivo fue evaluar la eficacia de Aminopyralid, un herbicida selectivo de baja toxicidad (clase IV, banda verde), en el control de siete especies ex\u00f3ticas invasoras que afectan los pastizales serranos: Cotoneaster (Cotoneaster franchetii y C. glaucophyllus), Acacia Negra (Gleditsia triacanthos), Siempre Verde (Ligustrum lucidum), Pyracanta (Pyracantha angustifolia), Rosa Mosqueta (Rosa rubiginosa) y Zarzamora (Rubus Ulmifolius).<\/p>\n<p class=\" eplus-wrapper\">Se aplicaron cuatro tratamientos: aplicaci\u00f3n foliar, control mec\u00e1nico sin qu\u00edmicos, control combinado (corte m\u00e1s aplicaci\u00f3n al toc\u00f3n) y un testigo sin intervenci\u00f3n. En total se intervinieron 515 ejemplares, todos georreferenciados para su monitoreo.<\/p>\n<p class=\" eplus-wrapper\">Los primeros resultados, evaluados en abril de 2025, mostraron que el tratamiento qu\u00edmico al toc\u00f3n con Aminopyralid fue el m\u00e1s efectivo en todas las especies, con diferencias significativas respecto de los dem\u00e1s, mientras que los tratamientos mec\u00e1nicos sin fitosanitario mostraron bajo nivel de control.<\/p>\n<p class=\" eplus-wrapper\">Este primer ensayo, adem\u00e1s de aportar evidencia t\u00e9cnica concreta, representa un antecedente para gestionar una posible ampliaci\u00f3n de uso de este fitosanitario en especies invasoras.<\/p>\n<p class=\" eplus-wrapper\"><strong>Primeras conclusiones<\/strong><\/p>\n<p class=\" eplus-wrapper\"><em>\u201cEl Aminopyralid es uno de los fitosanitarios m\u00e1s utilizados para controlar especies le\u00f1osas, pero no estaba registrado en SENASA para ese uso en la mayor\u00eda de especies ex\u00f3ticas invasoras que tenemos en las sierras\u201d, explic\u00f3 Torcuato Tessi, del INTA Manfredi. \u201cPor eso, primero obtuvimos la autorizaci\u00f3n del Ministerio de Ambiente para intervenir sobre especies ex\u00f3ticas, y luego un permiso especial de SENASA, gestionado a trav\u00e9s del Ministerio de Bioagroindustria, con asesoramiento del CONICET desde una perspectiva ambiental. Finalmente, realizamos los ensayos junto a la Asociaci\u00f3n Rural Sierras Chicas\u201d<\/em>, detall\u00f3.<\/p>\n<p class=\" eplus-wrapper\">Los ensayos incluyeron aplicaciones dirigidas, focalizadas en cada planta.<em>\u00a0\u201cEso permite hacer una aplicaci\u00f3n puntual, estrat\u00e9gica, muy distinta del uso en agricultura, donde se aplica sistem\u00e1ticamente<\/em>\u201d, aclar\u00f3. Adem\u00e1s, adelant\u00f3 que en la pr\u00f3xima primavera se har\u00e1n estudios para evaluar la persistencia del principio activo en el suelo, las muestras se analizar\u00e1n en laboratorios especializados de INTA.<\/p>\n<p class=\" eplus-wrapper\">\n<figure class=\" wp-block-image size-full eplus-wrapper\"><img decoding=\"async\" class=\"wp-image-620553\" src=\"https:\/\/prensa.cba.gov.ar\/wp-content\/uploads\/2025\/06\/WhatsApp-Image-2025-06-03-at-09.25.58-1.jpeg\" sizes=\"(max-width: 990px) 100vw, 990px\" srcset=\"https:\/\/prensa.cba.gov.ar\/wp-content\/uploads\/2025\/06\/WhatsApp-Image-2025-06-03-at-09.25.58-1.jpeg 990w, https:\/\/prensa.cba.gov.ar\/wp-content\/uploads\/2025\/06\/WhatsApp-Image-2025-06-03-at-09.25.58-1-300x200.jpeg 300w, https:\/\/prensa.cba.gov.ar\/wp-content\/uploads\/2025\/06\/WhatsApp-Image-2025-06-03-at-09.25.58-1-768x512.jpeg 768w\" alt=\"\" width=\"990\" height=\"660\" \/><\/figure>\n<p class=\" eplus-wrapper\"><em>\u201cEl objetivo es encontrar una soluci\u00f3n econ\u00f3micamente viable para que los productores ganaderos puedan sostener este tipo de control en el tiempo, por el impacto ambiental de estas especies invasoras: consumen agua, modifican h\u00e1bitats nativos y alteran el paisaje, que tambi\u00e9n tiene valor tur\u00edstico\u201d<\/em>, indic\u00f3.<\/p>\n<p class=\" eplus-wrapper\">Respecto a los resultados, detall\u00f3: \u201c<em>La aplicaci\u00f3n al toc\u00f3n logr\u00f3 una eficiencia del aproximada del 90%, seg\u00fan la especie. Nos sorprendi\u00f3 su buen desempe\u00f1o en las siete especies m\u00e1s problem\u00e1ticas de las sierras. En cambio, el control mec\u00e1nico \u2014solo corte sin producto\u2014 funcion\u00f3 en pocos casos: los ejemplares j\u00f3venes rebrotan con facilidad\u201d.<\/em><\/p>\n<p class=\" eplus-wrapper\">Carlos C\u00e1rcano, presidente de ARSCH, explic\u00f3:\u00a0<em>\u201cEste es el primer resultado dentro de una metodolog\u00eda posible, enmarcada en la misi\u00f3n de nuestra asociaci\u00f3n, que es preservar el ecosistema serrano. La invasi\u00f3n de especies ex\u00f3ticas avanza r\u00e1pidamente y, como vecinos de las sierras, sentimos la responsabilidad de actuar\u201d.<\/em><\/p>\n<p class=\" eplus-wrapper\">Para ello, impulsaron un trabajo conjunto entre productores, organismos estatales y t\u00e9cnicos.\u00a0<em>\u201cFormamos un equipo multidisciplinario para alinear criterios y consensuar metodolog\u00edas que nos permitan abordar este problema\u201d<\/em>, se\u00f1al\u00f3.<\/p>\n<p class=\" eplus-wrapper\">Luisina Battist\u00f3n, del Ministerio de Bioagroindustria de C\u00f3rdoba, detall\u00f3 que\u00a0<em>\u201cel proyecto se desarroll\u00f3 en conjunto con el \u00e1rea de Sanidad Vegetal del ministerio, que realiz\u00f3 capacitaciones en el uso de protecci\u00f3n personal y en el marco de la Ley 9164 sobre el uso de productos agropecuarios. Tambi\u00e9n se gestion\u00f3 ante SENASA una excepci\u00f3n de uso con fines de investigaci\u00f3n\u201d.<\/em><\/p>\n<p class=\" eplus-wrapper\"><em>\u201cLuego de comparar los tratamientos de control mec\u00e1nico y qu\u00edmico, estamos evaluando tasas de rebrote para generar un protocolo replicable\u201d,<\/em>\u00a0a\u00f1adi\u00f3.<\/p>\n<p class=\" eplus-wrapper\"><strong>Pr\u00f3ximos pasos<\/strong><\/p>\n<p class=\" eplus-wrapper\">Hacia adelante, Melisa Giorgis, investigadora del IMBIV (CONICET\u2013UNC), que colabor\u00f3 con el trabajo, destac\u00f3 que \u201cesta t\u00e9cnica de control es una herramienta m\u00e1s que puede contribuir a mejorar el manejo integral de los ecosistemas serranos, tanto pastizales, como matorrales y bosques\u201d.<\/p>\n<p class=\" eplus-wrapper\">Giorgis, quien adem\u00e1s es directora de la Reserva Natural Vaquer\u00edas, perteneciente a la UNC, se\u00f1al\u00f3 que all\u00ed tambi\u00e9n est\u00e1n planificando realizar ensayos similares, y mencion\u00f3 que Parques Nacionales realiza estudios con este tipo de metodolog\u00eda en la Quebrada del Condorito. \u201cLos resultados preliminares nuevamente indican buena efectividad de esta t\u00e9cnica de control, pero necesitamos m\u00e1s estudios con rigor cient\u00edfico, recursos y financiamiento para tener conclusiones extrapolables\u201d.<\/p>\n<p class=\" eplus-wrapper\"><em>\u201cHay que analizar c\u00f3mo reaccionan las plantas en el tiempo, si rebrotan o no, pero tambi\u00e9n evaluar la operatividad de las aplicaciones y el cumplimiento de los protocolos<\/em>\u201d, dijo, y advirti\u00f3 que a\u00fan quedan estudios pendientes sobre residuos en el suelo y su impacto en los microorganismos.<\/p>\n<p class=\" eplus-wrapper\">En la misma l\u00ednea, Battist\u00f3n adelant\u00f3 que uno de los pr\u00f3ximos pasos ser\u00e1 cuantificar la deriva del producto.\u00a0<em>\u201cSi bien es un fitosanitario de aplicaci\u00f3n dirigida con baja posibilidad de dispersi\u00f3n, queremos medir c\u00f3mo se comporta en suelos con pendientes y con otras caracter\u00edsticas\u201d,<\/em>\u00a0se\u00f1al\u00f3.<\/p>\n<p class=\" eplus-wrapper\">Adem\u00e1s, explic\u00f3 que los resultados permitir\u00e1n aportar informaci\u00f3n b\u00e1sica para futuras ampliaciones de uso del producto: \u201cQueremos contar con un protocolo t\u00e9cnico para especies ya habilitadas, y evaluar su desempe\u00f1o en otras especies a\u00fan no registradas. Pero antes necesitamos evidencias claras del impacto en el ambiente, especialmente en zonas sensibles como las cabeceras de cuenca\u201d.<\/p>\n<p class=\" eplus-wrapper\">Seg\u00fan C\u00e1rcano, se trata de un proceso a largo plazo. \u201cLa idea es realizar otros ensayos y contar con documentaci\u00f3n de la mayor cantidad posibles de productos y metodolog\u00edas para erradicar las plantas ex\u00f3ticas. En este sentido, hoy estamos a la espera de la aprobaci\u00f3n, por parte de SENASA, para avanzar con otras evaluaciones de tipo foliar y con nuevos productos, y a partir de ah\u00ed tomar decisiones\u201d, concluy\u00f3.<\/p>\n<p class=\" eplus-wrapper\">Mart\u00edn Medina, jefe del \u00e1rea de Bosques de la Secretar\u00eda de Desarrollo Sostenible del Ministerio de Ambiente y Econom\u00eda Circular de C\u00f3rdoba, afirm\u00f3:\u00a0<em>\u201cLa invasi\u00f3n de especies vegetales ex\u00f3ticas es una de las principales causas de p\u00e9rdida de biodiversidad a nivel global, y en C\u00f3rdoba su avance ha sido exponencial\u201d.<\/em><\/p>\n<p class=\" eplus-wrapper\">Al respecto, agreg\u00f3 que desde el Ministerio respaldan la iniciativa en las sierras cordobesas y acompa\u00f1an la realizaci\u00f3n de nuevos ensayos. \u201c<em>Generan informaci\u00f3n clave para impulsar nuevas acciones que involucren al Estado, organizaciones de la sociedad civil y actores privados, con el objetivo de utilizar esta herramienta de manera efectiva en el futuro\u201d.<\/em><\/p>\n<p class=\" eplus-wrapper\">Por su parte, Sebasti\u00e1n Jara, director de Bosques del mismo ministerio, remarc\u00f3 que el proyecto fue evaluado desde distintos enfoques: ecol\u00f3gico, de biodiversidad y en relaci\u00f3n al aporte a la conservaci\u00f3n del bosque nativo. \u201c<em>Destacamos que el ensayo se haya llevado a cabo mediante una mesa interdisciplinaria, con participaci\u00f3n de actores privados, ministerios, INTA y la universidad. Eso le aporta transparencia, solidez y permite estandarizar el proceso. Contar con una prueba piloto y resultados concretos nos va a posibilitar coordinar nuevas acciones en el territorio bajo un lineamiento t\u00e9cnico unificado\u201d.<\/em><\/p>\n<p class=\" eplus-wrapper\">Por \u00faltimo, Jara se\u00f1al\u00f3 que el Ministerio desarrolla un programa de control de especies ex\u00f3ticas invasoras y que, a trav\u00e9s del Programa Piloto de Pagos Basados en Resultados de REDD+ , financiado por el Fondo Verde del Clima (FVC) de las Naciones Unidas, trabajan en la construcci\u00f3n de indicadores para mejorar su gesti\u00f3n. \u201c<em>Este ensayo ser\u00e1 un insumo fundamental para avanzar en esa l\u00ednea. Es un punto de partida para explorar nuevas posibilidades de control\u201d.<\/em><\/p>\n","protected":false},"excerpt":{"rendered":"<p>Un ensayo realizado en las sierras de C\u00f3rdoba mostr\u00f3 buenos resultados contra el avance de especies ex\u00f3ticas invasoras. La iniciativa integra a productores de ARSCH, e investigadores del INTA, la UNC, el CONICET y los Ministerios de Bioagroindustria y Ambiente y Econom\u00eda Circular de la provincia. En las sierras de C\u00f3rdoba, el avance de especies &hellip;<\/p>\n","protected":false},"author":1,"featured_media":7298,"comment_status":"open","ping_status":"open","sticky":false,"template":"","format":"standard","meta":{"footnotes":""},"categories":[48],"tags":[],"class_list":["post-7296","post","type-post","status-publish","format-standard","has-post-thumbnail","hentry","category-info-general"],"_links":{"self":[{"href":"https:\/\/radiobeat97.com.ar\/beat\/wp-json\/wp\/v2\/posts\/7296","targetHints":{"allow":["GET"]}}],"collection":[{"href":"https:\/\/radiobeat97.com.ar\/beat\/wp-json\/wp\/v2\/posts"}],"about":[{"href":"https:\/\/radiobeat97.com.ar\/beat\/wp-json\/wp\/v2\/types\/post"}],"author":[{"embeddable":true,"href":"https:\/\/radiobeat97.com.ar\/beat\/wp-json\/wp\/v2\/users\/1"}],"replies":[{"embeddable":true,"href":"https:\/\/radiobeat97.com.ar\/beat\/wp-json\/wp\/v2\/comments?post=7296"}],"version-history":[{"count":1,"href":"https:\/\/radiobeat97.com.ar\/beat\/wp-json\/wp\/v2\/posts\/7296\/revisions"}],"predecessor-version":[{"id":7299,"href":"https:\/\/radiobeat97.com.ar\/beat\/wp-json\/wp\/v2\/posts\/7296\/revisions\/7299"}],"wp:featuredmedia":[{"embeddable":true,"href":"https:\/\/radiobeat97.com.ar\/beat\/wp-json\/wp\/v2\/media\/7298"}],"wp:attachment":[{"href":"https:\/\/radiobeat97.com.ar\/beat\/wp-json\/wp\/v2\/media?parent=7296"}],"wp:term":[{"taxonomy":"category","embeddable":true,"href":"https:\/\/radiobeat97.com.ar\/beat\/wp-json\/wp\/v2\/categories?post=7296"},{"taxonomy":"post_tag","embeddable":true,"href":"https:\/\/radiobeat97.com.ar\/beat\/wp-json\/wp\/v2\/tags?post=7296"}],"curies":[{"name":"wp","href":"https:\/\/api.w.org\/{rel}","templated":true}]}}