{"id":7319,"date":"2025-06-17T08:44:45","date_gmt":"2025-06-17T11:44:45","guid":{"rendered":"https:\/\/radiobeat97.com.ar\/beat\/?p=7319"},"modified":"2025-06-17T08:44:45","modified_gmt":"2025-06-17T11:44:45","slug":"el-ipcam-dicto-los-cursos-de-comunicacion-efectiva-y-comunicacion-digital-para-gobiernos-locales","status":"publish","type":"post","link":"https:\/\/radiobeat97.com.ar\/beat\/el-ipcam-dicto-los-cursos-de-comunicacion-efectiva-y-comunicacion-digital-para-gobiernos-locales\/","title":{"rendered":"El IPCAM dict\u00f3 los cursos de comunicaci\u00f3n efectiva y comunicaci\u00f3n digital para gobiernos locales"},"content":{"rendered":"<ul class=\" wp-block-list eplus-wrapper eplus-styles-uid-273714\">\n<li class=\" eplus-wrapper\"><strong>Ambas capacitaciones ofrecieron espacios de aprendizaje y pr\u00e1ctica para agentes y funcionarios, encargados de la comunicaci\u00f3n gubernamental en municipios y comunas.<\/strong><\/li>\n<\/ul>\n<p class=\" eplus-wrapper\">Continuando con las propuestas acad\u00e9micas que ofrece el Instituto Provincial de Capacitaci\u00f3n Municipal, dependiente del Ministerio de Gobierno, se dictaron dos nuevas capacitaciones dirigidas a funcionarios y agentes de municipios y comunas.<\/p>\n<p class=\" eplus-wrapper\">En esta oportunidad los contenidos se presentaron en torno a la comunicaci\u00f3n y sus formatos, en el \u00e1mbito de organismos gubernamentales.<\/p>\n<p class=\" eplus-wrapper\">En primer lugar, se present\u00f3 el curso \u201cComunicaci\u00f3n p\u00fablica efectiva\u201d, una instancia de intercambio desarrollada por el Colegio Universitario de Periodismo donde se brindaron conceptos y herramientas para elaborar mensajes adecuados seg\u00fan cada p\u00fablico.<\/p>\n<p class=\" eplus-wrapper\">All\u00ed, los participantes tuvieron la oportunidad de entrenar competencias comunicacionales esenciales para el desempe\u00f1o p\u00fablico en entrevistas, disertaciones, reuniones y declaraciones. Tambi\u00e9n, sumaron a su aprendizaje herramientas para adquirir seguridad y confianza en cualquier situaci\u00f3n de comunicaci\u00f3n p\u00fablica, y definiciones para construir un mensaje propio.<\/p>\n<p class=\" eplus-wrapper\">Los contenidos estuvieron a cargo de Jos\u00e9 Luis Valle Tuli\u00e1n, coach ontol\u00f3gico que capitaliza tambi\u00e9n su experiencia como reportero televisivo, conductor, creador de contenidos, y exsecretario de Prensa del Gobierno de C\u00f3rdoba. Esto se combina con sus competencias como docente en el Colegio Universitario de Periodismo de C\u00f3rdoba.<\/p>\n<p class=\" eplus-wrapper\"><strong>La comunicaci\u00f3n digital en los gobiernos locales<\/strong><\/p>\n<p class=\" eplus-wrapper\">Seguidamente, y con el objetivo de fortalecer las capacidades de comunicaci\u00f3n en redes sociales de los municipios y comunas de la provincia, el IPCAM organiz\u00f3 una charla virtual sobre \u201cAdministraci\u00f3n de comunidades digitales\u201d.<\/p>\n<p class=\" eplus-wrapper\">La actividad, a cargo de Nelson Lastiri, docente del Colegio Universitario de Periodismo, estuvo dirigida a funcionarios y agentes responsables de la comunicaci\u00f3n en los gobiernos locales.<\/p>\n<p class=\" eplus-wrapper\">Durante el encuentro se compartieron herramientas para comprender c\u00f3mo construir comunidad en entornos digitales, reconocer la importancia de escuchar a la audiencia y generar contenidos de valor para los vecinos. Tambi\u00e9n se abordaron estrategias para comunicar de manera clara y generar conversaciones asertivas a trav\u00e9s de redes sociales oficiales.<\/p>\n<p class=\" eplus-wrapper\">El secretario de Gobierno Abierto, Gabriel Roberi, destac\u00f3 la iniciativa y puso en valor el aporte de los equipos municipales:\u00a0<em>\u201cManuel Calvo nos pidi\u00f3 que promovi\u00e9ramos actividades no solo espec\u00edficas de nuestra \u00e1rea de gobierno, sino que apunten a desarrollar habilidades concretas. Nos resulta muy valioso el feedback que ustedes nos brindan para personalizar tanto las charlas como las capacitaciones, y que realmente respondan a las necesidades del territorio\u201d.<\/em><\/p>\n<p class=\" eplus-wrapper\">La charla fue presentada como una instancia previa al curso de formaci\u00f3n sobre la misma tem\u00e1tica, que ser\u00e1 dictado en agosto.<\/p>\n","protected":false},"excerpt":{"rendered":"<p>Ambas capacitaciones ofrecieron espacios de aprendizaje y pr\u00e1ctica para agentes y funcionarios, encargados de la comunicaci\u00f3n gubernamental en municipios y comunas. Continuando con las propuestas acad\u00e9micas que ofrece el Instituto Provincial de Capacitaci\u00f3n Municipal, dependiente del Ministerio de Gobierno, se dictaron dos nuevas capacitaciones dirigidas a funcionarios y agentes de municipios y comunas. En esta &hellip;<\/p>\n","protected":false},"author":1,"featured_media":7320,"comment_status":"open","ping_status":"open","sticky":false,"template":"","format":"standard","meta":{"footnotes":""},"categories":[48],"tags":[],"class_list":["post-7319","post","type-post","status-publish","format-standard","has-post-thumbnail","hentry","category-info-general"],"_links":{"self":[{"href":"https:\/\/radiobeat97.com.ar\/beat\/wp-json\/wp\/v2\/posts\/7319","targetHints":{"allow":["GET"]}}],"collection":[{"href":"https:\/\/radiobeat97.com.ar\/beat\/wp-json\/wp\/v2\/posts"}],"about":[{"href":"https:\/\/radiobeat97.com.ar\/beat\/wp-json\/wp\/v2\/types\/post"}],"author":[{"embeddable":true,"href":"https:\/\/radiobeat97.com.ar\/beat\/wp-json\/wp\/v2\/users\/1"}],"replies":[{"embeddable":true,"href":"https:\/\/radiobeat97.com.ar\/beat\/wp-json\/wp\/v2\/comments?post=7319"}],"version-history":[{"count":1,"href":"https:\/\/radiobeat97.com.ar\/beat\/wp-json\/wp\/v2\/posts\/7319\/revisions"}],"predecessor-version":[{"id":7321,"href":"https:\/\/radiobeat97.com.ar\/beat\/wp-json\/wp\/v2\/posts\/7319\/revisions\/7321"}],"wp:featuredmedia":[{"embeddable":true,"href":"https:\/\/radiobeat97.com.ar\/beat\/wp-json\/wp\/v2\/media\/7320"}],"wp:attachment":[{"href":"https:\/\/radiobeat97.com.ar\/beat\/wp-json\/wp\/v2\/media?parent=7319"}],"wp:term":[{"taxonomy":"category","embeddable":true,"href":"https:\/\/radiobeat97.com.ar\/beat\/wp-json\/wp\/v2\/categories?post=7319"},{"taxonomy":"post_tag","embeddable":true,"href":"https:\/\/radiobeat97.com.ar\/beat\/wp-json\/wp\/v2\/tags?post=7319"}],"curies":[{"name":"wp","href":"https:\/\/api.w.org\/{rel}","templated":true}]}}