{"id":7326,"date":"2025-06-18T08:52:38","date_gmt":"2025-06-18T11:52:38","guid":{"rendered":"https:\/\/radiobeat97.com.ar\/beat\/?p=7326"},"modified":"2025-06-18T08:52:38","modified_gmt":"2025-06-18T11:52:38","slug":"capital-ideas-y-conexiones-vuelve-el-cordoba-vc-summit","status":"publish","type":"post","link":"https:\/\/radiobeat97.com.ar\/beat\/capital-ideas-y-conexiones-vuelve-el-cordoba-vc-summit\/","title":{"rendered":"Capital, ideas y conexiones: Vuelve el C\u00f3rdoba VC Summit"},"content":{"rendered":"<ul class=\" wp-block-list eplus-wrapper eplus-styles-uid-78f41b\">\n<li class=\" eplus-wrapper\"><strong>Del 2 al 4 de julio, C\u00f3rdoba ser\u00e1 sede de la sexta edici\u00f3n del Foro de Capital Emprendedor.<\/strong><\/li>\n<li class=\" eplus-wrapper\"><strong>El evento es organizado por la Provincia, junto a ARCAP y aliados estrat\u00e9gicos, y re\u00fane a referentes del capital de riesgo, empresas, instituciones y startups.<\/strong><\/li>\n<li class=\" eplus-wrapper\"><strong>Este encuentro busca impulsar alianzas y proyectar a la provincia como hub regional de innovaci\u00f3n.<\/strong><\/li>\n<\/ul>\n<p class=\" eplus-wrapper\">Consolidado como uno de los encuentros m\u00e1s importantes del ecosistema inversor a nivel nacional y regional, el C\u00f3rdoba VC Summit tendr\u00e1 una nueva edici\u00f3n del 2 al 4 de julio en el Hotel Quinto Centenario de la ciudad de C\u00f3rdoba.<\/p>\n<p class=\" eplus-wrapper\">Organizado por la Provincia, a trav\u00e9s de la Agencia C\u00f3rdoba Innovar y Emprender junto a ARCAP y aliados estrat\u00e9gicos, el evento reunir\u00e1 a referentes del capital de riesgo, fondos de inversi\u00f3n, instituciones y startups de alto potencial, en una cita que vuelve a poner a la provincia en el centro de la conversaci\u00f3n sobre innovaci\u00f3n, financiamiento y desarrollo emprendedor.<\/p>\n<p class=\" eplus-wrapper\"><em>\u201cEste foro re\u00fane a todo el ecosistema: universidades, emprendedores, empresarios y, especialmente, fondos de venture capital que estimulan el crecimiento de las startups, permiti\u00e9ndoles escalar, generar empleo de calidad y convertirse en compa\u00f1\u00edas con impacto real en la regi\u00f3n\u201d<\/em>, expres\u00f3 Manuel Ron, presidente de la Agencia C\u00f3rdoba Innovar y Emprender.<\/p>\n<p class=\" eplus-wrapper\"><em>\u201cEntendemos que lo m\u00e1s valioso que generamos desde la Agencia es el networking. Las conexiones que se construyen en este evento son herramientas clave para impulsar nuevas oportunidades. Por eso, invitamos a todos a sumarse, inspirarse y hacer parte de esta red de innovaci\u00f3n que crece desde C\u00f3rdoba hacia el pa\u00eds y el mundo\u201d<\/em>, agreg\u00f3 el funcionario.<\/p>\n<figure class=\" wp-block-audio eplus-wrapper\"><audio src=\"https:\/\/prensa.cba.gov.ar\/wp-content\/uploads\/2025\/06\/Audio-Gonzalo-Valenci-director-ejecutivo-de-la-Agencia-Cordoba-Innovar-y-Emprender-1.ogg\" controls=\"controls\" data-mce-fragment=\"1\"><\/audio><figcaption class=\"wp-element-caption\"><strong><em>Audio:<\/em><\/strong>\u00a0Gonzalo Valenci, director Ejecutivo de la Agencia Innovar y Emprender<\/figcaption><\/figure>\n<p class=\" eplus-wrapper\">\n<h3 class=\" wp-block-heading eplus-wrapper\">Una agenda que re\u00fane a l\u00edderes globales<\/h3>\n<p class=\" eplus-wrapper\">La jornada central ser\u00e1 el 3 de julio, de 13:30 a 18 horas, con un ciclo exclusivo de conferencias y entrevistas protagonizadas por figuras de renombre internacional y nacional.<\/p>\n<p class=\" eplus-wrapper\">Entre los primeros confirmados se encuentra Ram\u00f3n Escobar, Managing Partner de Actum LLC (Estados Unidos), especialista en fondos globales con foco en crecimiento estrat\u00e9gico.<\/p>\n<p class=\" eplus-wrapper\">Asimismo estar\u00e1 presente Mona Hautala, inversora en DSM Capital (Finlandia), reconocida por su trabajo en financiamiento de impacto. Tambi\u00e9n llegar\u00e1 Crist\u00f3bal Perdomo, cofundador del fondo mexicano Wollef, uno de los m\u00e1s activos en venture capital en la regi\u00f3n.<\/p>\n<p class=\" eplus-wrapper\">Del plano local, participar\u00e1 Mariano Mayer, managing partner de Newtopia VC y presidente de ARCAP, con amplia trayectoria en pol\u00edticas p\u00fablicas y fondos de inversi\u00f3n en etapas tempranas. Tambi\u00e9n dir\u00e1 presente Alejandro Carboni, al frente de Impacta VC, fondo argentino enfocado en innovaci\u00f3n con prop\u00f3sito.<\/p>\n<p class=\" eplus-wrapper\">La jornada incluir\u00e1 una charla a cargo del economista Claudio Zuchovicky, director en BYMA, con una mirada estrat\u00e9gica sobre el contexto econ\u00f3mico y financiero. La conducci\u00f3n estar\u00e1 a cargo de la periodista Martina Rua, especializada en innovaci\u00f3n del diario La Naci\u00f3n.<\/p>\n<h3 class=\" wp-block-heading eplus-wrapper\">Side events y competencia de startups<\/h3>\n<p class=\" eplus-wrapper\">El 2 de julio comenzar\u00e1 la actividad con una serie de side events organizados por fondos e instituciones del ecosistema, dise\u00f1ados para fortalecer v\u00ednculos entre emprendedores, empresas e inversores.<\/p>\n<p class=\" eplus-wrapper\">El 4 de julio, de 9:30 a 12 horas, ser\u00e1 el turno de la Startup Competition, una jornada en la que diez startups seleccionadas presentar\u00e1n sus proyectos frente a referentes del capital emprendedor y fondos latinoamericanos.<\/p>\n<p class=\" eplus-wrapper\">Se espera una competencia de alto nivel, con proyectos innovadores compitiendo por premios y visibilidad.<\/p>\n<h3 class=\" wp-block-heading eplus-wrapper\">C\u00f3mo participar del evento<\/h3>\n<p class=\" eplus-wrapper\">Para inscripciones, conocer la agenda completa y novedades del evento, ingresar a:\u00a0<a href=\"https:\/\/innovaryemprendercba.com.ar\/cordoba-vc-summit\" target=\"_blank\" rel=\"noreferrer noopener\">https:\/\/innovaryemprendercba.com.ar\/cordoba-vc-summit<\/a><\/p>\n","protected":false},"excerpt":{"rendered":"<p>Del 2 al 4 de julio, C\u00f3rdoba ser\u00e1 sede de la sexta edici\u00f3n del Foro de Capital Emprendedor. El evento es organizado por la Provincia, junto a ARCAP y aliados estrat\u00e9gicos, y re\u00fane a referentes del capital de riesgo, empresas, instituciones y startups. Este encuentro busca impulsar alianzas y proyectar a la provincia como hub &hellip;<\/p>\n","protected":false},"author":1,"featured_media":7327,"comment_status":"open","ping_status":"open","sticky":false,"template":"","format":"standard","meta":{"footnotes":""},"categories":[48],"tags":[],"class_list":["post-7326","post","type-post","status-publish","format-standard","has-post-thumbnail","hentry","category-info-general"],"_links":{"self":[{"href":"https:\/\/radiobeat97.com.ar\/beat\/wp-json\/wp\/v2\/posts\/7326","targetHints":{"allow":["GET"]}}],"collection":[{"href":"https:\/\/radiobeat97.com.ar\/beat\/wp-json\/wp\/v2\/posts"}],"about":[{"href":"https:\/\/radiobeat97.com.ar\/beat\/wp-json\/wp\/v2\/types\/post"}],"author":[{"embeddable":true,"href":"https:\/\/radiobeat97.com.ar\/beat\/wp-json\/wp\/v2\/users\/1"}],"replies":[{"embeddable":true,"href":"https:\/\/radiobeat97.com.ar\/beat\/wp-json\/wp\/v2\/comments?post=7326"}],"version-history":[{"count":1,"href":"https:\/\/radiobeat97.com.ar\/beat\/wp-json\/wp\/v2\/posts\/7326\/revisions"}],"predecessor-version":[{"id":7328,"href":"https:\/\/radiobeat97.com.ar\/beat\/wp-json\/wp\/v2\/posts\/7326\/revisions\/7328"}],"wp:featuredmedia":[{"embeddable":true,"href":"https:\/\/radiobeat97.com.ar\/beat\/wp-json\/wp\/v2\/media\/7327"}],"wp:attachment":[{"href":"https:\/\/radiobeat97.com.ar\/beat\/wp-json\/wp\/v2\/media?parent=7326"}],"wp:term":[{"taxonomy":"category","embeddable":true,"href":"https:\/\/radiobeat97.com.ar\/beat\/wp-json\/wp\/v2\/categories?post=7326"},{"taxonomy":"post_tag","embeddable":true,"href":"https:\/\/radiobeat97.com.ar\/beat\/wp-json\/wp\/v2\/tags?post=7326"}],"curies":[{"name":"wp","href":"https:\/\/api.w.org\/{rel}","templated":true}]}}