{"id":7341,"date":"2025-06-24T09:03:27","date_gmt":"2025-06-24T12:03:27","guid":{"rendered":"https:\/\/radiobeat97.com.ar\/beat\/?p=7341"},"modified":"2025-06-23T09:04:20","modified_gmt":"2025-06-23T12:04:20","slug":"cordoba-sera-sede-del-proximo-encuentro-nacional-de-ciencia-y-tecnologia","status":"publish","type":"post","link":"https:\/\/radiobeat97.com.ar\/beat\/cordoba-sera-sede-del-proximo-encuentro-nacional-de-ciencia-y-tecnologia\/","title":{"rendered":"C\u00f3rdoba ser\u00e1 sede del pr\u00f3ximo encuentro nacional de ciencia y tecnolog\u00eda"},"content":{"rendered":"<ul class=\" wp-block-list eplus-wrapper eplus-styles-uid-e4b86e\">\n<li class=\" eplus-wrapper\"><strong>La provincia fue elegida para ocupar la Vicepresidencia Primera del COFECyT.<\/strong><\/li>\n<li class=\" eplus-wrapper\"><strong>En septiembre, recibir\u00e1 a referentes de todo el pa\u00eds para impulsar una agenda federal, aplicada y productiva.<\/strong><\/li>\n<\/ul>\n<p class=\" eplus-wrapper\">C\u00f3rdoba fue elegida para ejercer la Vicepresidencia Primera del Consejo Federal de Ciencia, Tecnolog\u00eda e Innovaci\u00f3n (COFECyT), y adem\u00e1s ser\u00e1 sede del pr\u00f3ximo encuentro nacional del organismo, que se realizar\u00e1 en septiembre.<\/p>\n<p class=\" eplus-wrapper\">Este doble reconocimiento consolida a la provincia como referente clave en el dise\u00f1o y articulaci\u00f3n de pol\u00edticas cient\u00edfico-tecnol\u00f3gicas en la Argentina.<\/p>\n<p class=\" eplus-wrapper\">El nuevo rol en el COFECyT posiciona a C\u00f3rdoba en un espacio estrat\u00e9gico de liderazgo dentro del sistema nacional de ciencia y tecnolog\u00eda. Desde all\u00ed podr\u00e1 articular pol\u00edticas p\u00fablicas junto al Gobierno Nacional y las dem\u00e1s provincias, promoviendo una mirada federal, pr\u00e1ctica y orientada al desarrollo productivo.<\/p>\n<p class=\" eplus-wrapper\">Durante la \u00faltima reuni\u00f3n del Consejo, la provincia present\u00f3 los avances de la Misi\u00f3n Agtech 2025, una pol\u00edtica que busca transformar desarrollos cient\u00edficos en startups, soluciones tecnol\u00f3gicas y servicios aplicados al entramado econ\u00f3mico local.<\/p>\n<p class=\" eplus-wrapper\">\u201c<em>Desde C\u00f3rdoba apostamos a una ciencia que conecta, innova y transforma. Este nuevo rol en el COFECyT es una gran oportunidad para seguir construyendo futuro junto a todas las provincias argentinas<\/em>\u201d, se\u00f1al\u00f3 Gerardo Garc\u00eda Oro, secretario de Ciencia y Tecnolog\u00eda del Ministerio de Producci\u00f3n, Ciencia e Innovaci\u00f3n Tecnol\u00f3gica de la Provincia.<\/p>\n<figure class=\" wp-block-audio eplus-wrapper\"><audio src=\"https:\/\/prensa.cba.gov.ar\/wp-content\/uploads\/2025\/06\/Gerardo-Garcia-Oro-secretario-de-Ciencia-y-Tecnologia.ogg\" controls=\"controls\" data-mce-fragment=\"1\"><\/audio><\/figure>\n<p class=\" eplus-wrapper\"><strong>Propuestas cordobesas para una ciencia con impacto real<\/strong><\/p>\n<p class=\" eplus-wrapper\">Entre los principales aportes realizados se destacaron:<\/p>\n<ul class=\" wp-block-list eplus-wrapper eplus-styles-uid-3355bd\">\n<li class=\" eplus-wrapper\">Convocatorias nacionales con foco en sectores estrat\u00e9gicos como salud, energ\u00eda, agroindustria, econom\u00eda del conocimiento y miner\u00eda.<\/li>\n<li class=\" eplus-wrapper\">Propuestas para la integraci\u00f3n de datos entre Naci\u00f3n y provincias.<br \/>\nContribuciones al desarrollo de un manual federal de vinculaci\u00f3n tecnol\u00f3gica.<\/li>\n<li class=\" eplus-wrapper\">Iniciativas para alinear incentivos en la carrera cient\u00edfica con impacto social y productivo.<\/li>\n<\/ul>\n<p class=\" eplus-wrapper\">En septiembre, C\u00f3rdoba recibir\u00e1 a autoridades y referentes del sistema cient\u00edfico-tecnol\u00f3gico de todo el pa\u00eds, reafirmando su compromiso con una ciencia transformadora, inclusiva y generadora de soluciones concretas a los desaf\u00edos de cada regi\u00f3n.<\/p>\n<div class=\" wp-block-file eplus-wrapper\"><a id=\"wp-block-file--media-db16021c-7429-4084-a926-f45b24b56b69\" href=\"https:\/\/prensa.cba.gov.ar\/wp-content\/uploads\/2025\/06\/Gerardo-Garcia-Oro-secretario-de-Ciencia-y-Tecnologia-1.ogg\">Gerardo Garc\u00eda Oro, secretario de Ciencia y Tecnolog\u00eda<\/a><a class=\"wp-block-file__button wp-element-button\" href=\"https:\/\/prensa.cba.gov.ar\/wp-content\/uploads\/2025\/06\/Gerardo-Garcia-Oro-secretario-de-Ciencia-y-Tecnologia-1.ogg\" download=\"\" aria-describedby=\"wp-block-file--media-db16021c-7429-4084-a926-f45b24b56b69\">Descarga<\/a><\/div>\n","protected":false},"excerpt":{"rendered":"<p>La provincia fue elegida para ocupar la Vicepresidencia Primera del COFECyT. En septiembre, recibir\u00e1 a referentes de todo el pa\u00eds para impulsar una agenda federal, aplicada y productiva. C\u00f3rdoba fue elegida para ejercer la Vicepresidencia Primera del Consejo Federal de Ciencia, Tecnolog\u00eda e Innovaci\u00f3n (COFECyT), y adem\u00e1s ser\u00e1 sede del pr\u00f3ximo encuentro nacional del organismo, &hellip;<\/p>\n","protected":false},"author":1,"featured_media":7342,"comment_status":"open","ping_status":"open","sticky":false,"template":"","format":"standard","meta":{"footnotes":""},"categories":[48],"tags":[],"class_list":["post-7341","post","type-post","status-publish","format-standard","has-post-thumbnail","hentry","category-info-general"],"_links":{"self":[{"href":"https:\/\/radiobeat97.com.ar\/beat\/wp-json\/wp\/v2\/posts\/7341","targetHints":{"allow":["GET"]}}],"collection":[{"href":"https:\/\/radiobeat97.com.ar\/beat\/wp-json\/wp\/v2\/posts"}],"about":[{"href":"https:\/\/radiobeat97.com.ar\/beat\/wp-json\/wp\/v2\/types\/post"}],"author":[{"embeddable":true,"href":"https:\/\/radiobeat97.com.ar\/beat\/wp-json\/wp\/v2\/users\/1"}],"replies":[{"embeddable":true,"href":"https:\/\/radiobeat97.com.ar\/beat\/wp-json\/wp\/v2\/comments?post=7341"}],"version-history":[{"count":1,"href":"https:\/\/radiobeat97.com.ar\/beat\/wp-json\/wp\/v2\/posts\/7341\/revisions"}],"predecessor-version":[{"id":7343,"href":"https:\/\/radiobeat97.com.ar\/beat\/wp-json\/wp\/v2\/posts\/7341\/revisions\/7343"}],"wp:featuredmedia":[{"embeddable":true,"href":"https:\/\/radiobeat97.com.ar\/beat\/wp-json\/wp\/v2\/media\/7342"}],"wp:attachment":[{"href":"https:\/\/radiobeat97.com.ar\/beat\/wp-json\/wp\/v2\/media?parent=7341"}],"wp:term":[{"taxonomy":"category","embeddable":true,"href":"https:\/\/radiobeat97.com.ar\/beat\/wp-json\/wp\/v2\/categories?post=7341"},{"taxonomy":"post_tag","embeddable":true,"href":"https:\/\/radiobeat97.com.ar\/beat\/wp-json\/wp\/v2\/tags?post=7341"}],"curies":[{"name":"wp","href":"https:\/\/api.w.org\/{rel}","templated":true}]}}