{"id":7359,"date":"2025-06-30T14:30:55","date_gmt":"2025-06-30T17:30:55","guid":{"rendered":"https:\/\/radiobeat97.com.ar\/beat\/?p=7359"},"modified":"2025-06-30T09:32:01","modified_gmt":"2025-06-30T12:32:01","slug":"rio-cuarto-revive-la-pasion-del-rally-cordobes","status":"publish","type":"post","link":"https:\/\/radiobeat97.com.ar\/beat\/rio-cuarto-revive-la-pasion-del-rally-cordobes\/","title":{"rendered":"R\u00edo Cuarto revive la pasi\u00f3n del Rally Cordob\u00e9s"},"content":{"rendered":"<ul class=\" wp-block-list eplus-wrapper eplus-styles-uid-5b9996\">\n<li class=\" eplus-wrapper\"><strong>Despu\u00e9s de 12 a\u00f1os de ausencia, los motores volvieron a rugir en la ciudad, con una largada que se realiz\u00f3 en la explanada del Palacio Municipal.\u00a0<\/strong><\/li>\n<li class=\" eplus-wrapper\"><strong>El p\u00fablico acompa\u00f1\u00f3, en gran n\u00famero, a los m\u00e1s de 90 veh\u00edculos que dieron inicio a la competencia, en el marco de la cuarta fecha del calendario 2025.\u00a0<\/strong><\/li>\n<li class=\" eplus-wrapper\"><strong>Los pilotos recorrer\u00e1n distintos tramos en las tres localidades que componen el Gran R\u00edo Cuarto: Santa Catalina- Holmberg, Las Higueras, y la propia capital alterna de la provincia.<\/strong><\/li>\n<\/ul>\n<p class=\" eplus-wrapper\">Ante un gran marco de p\u00fablico reunido a pesar de las bajas temperaturas, se llev\u00f3 a cabo la largada simb\u00f3lica del\u00a0<strong>Rally Cordob\u00e9s<\/strong>\u00a0en la explanada del\u00a0<strong>Palacio Municipal<\/strong>. Se trata de la\u00a0<strong>cuarta fecha del calendario 2025 del Rally Cordob\u00e9s<\/strong>\u00a0y significa el regreso de la disciplina al\u00a0<strong>Gran R\u00edo Cuarto<\/strong>,\u00a0<strong>tras doce a\u00f1os de ausencia<\/strong>.<\/p>\n<p class=\" eplus-wrapper\">La vuelta de la competencia a la capital alterna y zonas aleda\u00f1as, se enmarca en la decisi\u00f3n del Gobierno de C\u00f3rdoba de impulsar el desarrollo de grandes eventos en toda la geograf\u00eda provincial.<\/p>\n<p class=\" eplus-wrapper\">En la jornada inicial, la actividad reuni\u00f3 a una gran cantidad de vecinos y vecinas que acompa\u00f1aron el paso de los 90 veh\u00edculos que le dieron inicio formal a la competencia.<\/p>\n<p class=\" eplus-wrapper\">La ceremonia de largada fue encabezada por el intendente\u00a0<strong>Guillermo De Rivas<\/strong>, quien destac\u00f3 el valor que tiene para la ciudad recuperar una competencia como el Rally Cordob\u00e9s.<\/p>\n<p class=\" eplus-wrapper\">\n<figure class=\"wp-block-gallery has-nested-images columns-default is-cropped eplus-wrapper wp-block-gallery-1\">\n<figure class=\"wp-block-image size-large eplus-wrapper\"><img fetchpriority=\"high\" decoding=\"async\" class=\"wp-image-622415\" src=\"https:\/\/prensa.cba.gov.ar\/wp-content\/uploads\/2025\/06\/WhatsApp-Image-2025-06-29-at-11.52.36-8.jpg\" sizes=\"(max-width: 990px) 100vw, 990px\" srcset=\"https:\/\/prensa.cba.gov.ar\/wp-content\/uploads\/2025\/06\/WhatsApp-Image-2025-06-29-at-11.52.36-8.jpg 990w, https:\/\/prensa.cba.gov.ar\/wp-content\/uploads\/2025\/06\/WhatsApp-Image-2025-06-29-at-11.52.36-8-300x200.jpg 300w, https:\/\/prensa.cba.gov.ar\/wp-content\/uploads\/2025\/06\/WhatsApp-Image-2025-06-29-at-11.52.36-8-768x513.jpg 768w\" alt=\"\" width=\"990\" height=\"661\" data-id=\"622415\" \/><\/figure>\n<figure class=\"wp-block-image size-large eplus-wrapper\"><img decoding=\"async\" class=\"wp-image-622414\" src=\"https:\/\/prensa.cba.gov.ar\/wp-content\/uploads\/2025\/06\/WhatsApp-Image-2025-06-29-at-11.52.36-7.jpg\" sizes=\"(max-width: 990px) 100vw, 990px\" srcset=\"https:\/\/prensa.cba.gov.ar\/wp-content\/uploads\/2025\/06\/WhatsApp-Image-2025-06-29-at-11.52.36-7.jpg 990w, https:\/\/prensa.cba.gov.ar\/wp-content\/uploads\/2025\/06\/WhatsApp-Image-2025-06-29-at-11.52.36-7-300x200.jpg 300w, https:\/\/prensa.cba.gov.ar\/wp-content\/uploads\/2025\/06\/WhatsApp-Image-2025-06-29-at-11.52.36-7-768x513.jpg 768w\" alt=\"\" width=\"990\" height=\"661\" data-id=\"622414\" \/><\/figure>\n<\/figure>\n<p class=\" eplus-wrapper\">\u201c<em>Es una gran alegr\u00eda porque R\u00edo Cuarto sigue siendo sede de grandes eventos, y en este caso del deporte motor, como tantas fechas en nuestro aut\u00f3dromo, maratones, espect\u00e1culos deportivos, culturales. Por eso estamos acompa\u00f1ando en esta fr\u00eda noche, pero con gran calidez de la gente, esperando poder ver estos autos no s\u00f3lo ac\u00e1 sino tambi\u00e9n en los caminos de tierra<\/em>\u201d, expres\u00f3 el\u00a0<strong>mandatario municipal<\/strong>, quien adem\u00e1s agradeci\u00f3 al\u00a0<strong>Gobierno de C\u00f3rdoba<\/strong>, a la\u00a0<strong>Agencia C\u00f3rdoba Deportes\u00a0<\/strong>y a\u00a0<strong>Deportes R\u00edo Cuarto<\/strong>\u00a0por el trabajo en este evento.<\/p>\n<p class=\" eplus-wrapper\">\u00a0A su turno,\u00a0<strong>Araceli Isla<\/strong>, Secretaria de Deporte y Turismo, subray\u00f3 la relevancia del regreso de esta iniciativa al Gran R\u00edo Cuarto, por lo que significa para la econom\u00eda naranja, en lo que respecta al gran movimiento tur\u00edstico y deportivo.<\/p>\n<p class=\" eplus-wrapper\">Por su parte<strong>, Maximiliano Rossetto<\/strong>, intendente de Santa Catalina Holmberg, resalt\u00f3 que este tipo de eventos son una \u201c<em>muestra clara de lo que se puede lograr cuando se trabaja en conjunto entre localidades vecinas<\/em>,\u00a0<em>esto potencia el trabajo que venimos realizando con ambos intendentes, y coincide con la mirada que tiene nuestro gobernador de que estos grandes eventos potencian el desarrollo de la regi\u00f3n y nos sit\u00faa como un lugar de gran impacto en el sur de la Provincia de C\u00f3rdoba<\/em>\u201d.<\/p>\n<p class=\" eplus-wrapper\">\n<figure class=\"wp-block-gallery has-nested-images columns-default is-cropped eplus-wrapper wp-block-gallery-2\">\n<figure class=\"wp-block-image size-large eplus-wrapper\"><img decoding=\"async\" class=\"wp-image-622416\" src=\"https:\/\/prensa.cba.gov.ar\/wp-content\/uploads\/2025\/06\/WhatsApp-Image-2025-06-29-at-11.52.36-5.jpg\" sizes=\"(max-width: 990px) 100vw, 990px\" srcset=\"https:\/\/prensa.cba.gov.ar\/wp-content\/uploads\/2025\/06\/WhatsApp-Image-2025-06-29-at-11.52.36-5.jpg 990w, https:\/\/prensa.cba.gov.ar\/wp-content\/uploads\/2025\/06\/WhatsApp-Image-2025-06-29-at-11.52.36-5-300x200.jpg 300w, https:\/\/prensa.cba.gov.ar\/wp-content\/uploads\/2025\/06\/WhatsApp-Image-2025-06-29-at-11.52.36-5-768x513.jpg 768w\" alt=\"\" width=\"990\" height=\"661\" data-id=\"622416\" \/><\/figure>\n<figure class=\"wp-block-image size-large eplus-wrapper\"><img loading=\"lazy\" decoding=\"async\" class=\"wp-image-622417\" src=\"https:\/\/prensa.cba.gov.ar\/wp-content\/uploads\/2025\/06\/WhatsApp-Image-2025-06-29-at-11.52.36-2.jpg\" sizes=\"(max-width: 990px) 100vw, 990px\" srcset=\"https:\/\/prensa.cba.gov.ar\/wp-content\/uploads\/2025\/06\/WhatsApp-Image-2025-06-29-at-11.52.36-2.jpg 990w, https:\/\/prensa.cba.gov.ar\/wp-content\/uploads\/2025\/06\/WhatsApp-Image-2025-06-29-at-11.52.36-2-300x200.jpg 300w, https:\/\/prensa.cba.gov.ar\/wp-content\/uploads\/2025\/06\/WhatsApp-Image-2025-06-29-at-11.52.36-2-768x513.jpg 768w\" alt=\"\" width=\"990\" height=\"661\" data-id=\"622417\" \/><\/figure>\n<\/figure>\n<p class=\" eplus-wrapper\">Cabe recordar que la actividad deportiva comenz\u00f3 el s\u00e1bado con la disputa de una\u00a0<strong>prueba especial de 14 kil\u00f3metros<\/strong>, que uni\u00f3 la Planta Bio4 con el Aut\u00f3dromo Parque Ciudad de R\u00edo Cuarto. En esa instancia,\u00a0<strong>Santiago Baldo<\/strong>, piloto de Jes\u00fas Mar\u00eda, fue el m\u00e1s r\u00e1pido del d\u00eda y qued\u00f3 como l\u00edder parcial de la clasificaci\u00f3n general.<\/p>\n<p class=\" eplus-wrapper\">Estuvieron presentes durante el lanzamiento, el presidente de la Agencia C\u00f3rdoba Joven, Jos\u00e9 Ignacio Scotto; el presidente y vicepresidente del Autom\u00f3vil Club de R\u00edo Cuarto, Federico Garc\u00eda C\u00f3rdoba y Daniel Lacase, y dem\u00e1s autoridades municipales.<\/p>\n<p class=\" eplus-wrapper\"><strong>Domingo a pura velocidad<\/strong><\/p>\n<p class=\" eplus-wrapper\">El rally contin\u00faa este domingo con la jornada definitiva, que incluye seis pruebas especiales en los tramos de R\u00edo Cuarto, Las Higueras y Santa Catalina Holmberg.<\/p>\n<p class=\" eplus-wrapper\">Hoy el Rally Cordob\u00e9s presentar\u00e1 variedad de caminos y terrenos, con sectores exigentes y una gran visibilidad para el p\u00fablico, que podr\u00e1 disfrutar desde diversos lugares especialmente se\u00f1alizados y habilitados.<\/p>\n<p class=\" eplus-wrapper\"><strong>Cronograma domingo 29 de junio<\/strong><\/p>\n<p class=\" eplus-wrapper\">8:51 hs \u2013 PE2: Santa Catalina \u2013 R\u00edo Cuarto (I) \u2013 12,26 km<\/p>\n<p class=\" eplus-wrapper\">9:37 hs \u2013 PE3: Las Higueras \u2013 \u00c1rea Material (I) \u2013 13,58 km<\/p>\n<p class=\" eplus-wrapper\">10:40 hs \u2013 PE4: Planta Bio4 \u2013 Aut\u00f3dromo (II) \u2013 14,18 km<\/p>\n<p class=\" eplus-wrapper\">13:16 hs \u2013 PE5: Santa Catalina \u2013 R\u00edo Cuarto (II) \u2013 12,26 km<\/p>\n<p class=\" eplus-wrapper\">14:02 hs \u2013 PE6: Las Higueras \u2013 \u00c1rea Material (II) \u2013 13,58 km<\/p>\n<p class=\" eplus-wrapper\">15:05 hs \u2013 PE7: Planta Bio4 \u2013 Aut\u00f3dromo (III) \u2013 14,18 km (Power Stage)<\/p>\n<p class=\" eplus-wrapper\">15:30 hs \u2013 Podio final \u2013 Aut\u00f3dromo\u00a0R\u00edo\u00a0Cuarto<\/p>\n","protected":false},"excerpt":{"rendered":"<p>Despu\u00e9s de 12 a\u00f1os de ausencia, los motores volvieron a rugir en la ciudad, con una largada que se realiz\u00f3 en la explanada del Palacio Municipal.\u00a0 El p\u00fablico acompa\u00f1\u00f3, en gran n\u00famero, a los m\u00e1s de 90 veh\u00edculos que dieron inicio a la competencia, en el marco de la cuarta fecha del calendario 2025.\u00a0 Los &hellip;<\/p>\n","protected":false},"author":1,"featured_media":7360,"comment_status":"open","ping_status":"open","sticky":false,"template":"","format":"standard","meta":{"footnotes":""},"categories":[47],"tags":[],"class_list":["post-7359","post","type-post","status-publish","format-standard","has-post-thumbnail","hentry","category-deportes"],"_links":{"self":[{"href":"https:\/\/radiobeat97.com.ar\/beat\/wp-json\/wp\/v2\/posts\/7359","targetHints":{"allow":["GET"]}}],"collection":[{"href":"https:\/\/radiobeat97.com.ar\/beat\/wp-json\/wp\/v2\/posts"}],"about":[{"href":"https:\/\/radiobeat97.com.ar\/beat\/wp-json\/wp\/v2\/types\/post"}],"author":[{"embeddable":true,"href":"https:\/\/radiobeat97.com.ar\/beat\/wp-json\/wp\/v2\/users\/1"}],"replies":[{"embeddable":true,"href":"https:\/\/radiobeat97.com.ar\/beat\/wp-json\/wp\/v2\/comments?post=7359"}],"version-history":[{"count":1,"href":"https:\/\/radiobeat97.com.ar\/beat\/wp-json\/wp\/v2\/posts\/7359\/revisions"}],"predecessor-version":[{"id":7361,"href":"https:\/\/radiobeat97.com.ar\/beat\/wp-json\/wp\/v2\/posts\/7359\/revisions\/7361"}],"wp:featuredmedia":[{"embeddable":true,"href":"https:\/\/radiobeat97.com.ar\/beat\/wp-json\/wp\/v2\/media\/7360"}],"wp:attachment":[{"href":"https:\/\/radiobeat97.com.ar\/beat\/wp-json\/wp\/v2\/media?parent=7359"}],"wp:term":[{"taxonomy":"category","embeddable":true,"href":"https:\/\/radiobeat97.com.ar\/beat\/wp-json\/wp\/v2\/categories?post=7359"},{"taxonomy":"post_tag","embeddable":true,"href":"https:\/\/radiobeat97.com.ar\/beat\/wp-json\/wp\/v2\/tags?post=7359"}],"curies":[{"name":"wp","href":"https:\/\/api.w.org\/{rel}","templated":true}]}}