{"id":7365,"date":"2025-07-02T15:35:53","date_gmt":"2025-07-02T18:35:53","guid":{"rendered":"https:\/\/radiobeat97.com.ar\/beat\/?p=7365"},"modified":"2025-06-30T09:37:58","modified_gmt":"2025-06-30T12:37:58","slug":"la-conferencia-climatica-internacional-abordara-el-impacto-del-cambio-climatico-en-mujeres-y-ninas","status":"publish","type":"post","link":"https:\/\/radiobeat97.com.ar\/beat\/la-conferencia-climatica-internacional-abordara-el-impacto-del-cambio-climatico-en-mujeres-y-ninas\/","title":{"rendered":"La Conferencia Clim\u00e1tica Internacional abordar\u00e1 el impacto del cambio clim\u00e1tico en mujeres y ni\u00f1as"},"content":{"rendered":"<ul class=\" wp-block-list eplus-wrapper eplus-styles-uid-6cc0d4\">\n<li class=\" eplus-wrapper\"><strong>Representantes de organizaciones internacionales, especialistas y autoridades gubernamentales mantendr\u00e1n sesiones plenarias para proponer v\u00edas de acci\u00f3n.<\/strong><\/li>\n<li class=\" eplus-wrapper\"><strong>Se presentar\u00e1n iniciativas innovadoras que integren una perspectiva de g\u00e9nero en la acci\u00f3n clim\u00e1tica.<\/strong><\/li>\n<li class=\" eplus-wrapper\"><strong>El p\u00fablico general puede participar de manera gratuita y con inscripci\u00f3n previa a trav\u00e9s de\u00a0<a href=\"https:\/\/conferenciaclimatica.cba.gov.ar\/\">https:\/\/conferenciaclimatica.cba.gov.ar<\/a>\/<\/strong><\/li>\n<\/ul>\n<p class=\" eplus-wrapper\">La primera Conferencia Clim\u00e1tica Internacional \u201cCompromiso Latinoamericano\u201d (CCI), que se desarrollar\u00e1 del 1 al 3 de julio en el Complejo Ferial C\u00f3rdoba, con la organizaci\u00f3n del Gobierno de C\u00f3rdoba, dedicar\u00e1 un espacio relevante a debatir el impacto del cambio clim\u00e1tico sobre mujeres y ni\u00f1as, y las v\u00edas de acci\u00f3n para atender estas realidades.<\/p>\n<p class=\" eplus-wrapper\">Para abordar estos desaf\u00edos, el CCI ofrecer\u00e1 dos sesiones plenarias el martes 1\u00b0 de julio, que contar\u00e1n con la participaci\u00f3n de representantes de organizaciones internacionales, especialistas y autoridades gubernamentales de pa\u00edses de la regi\u00f3n, Europa y Asia.<\/p>\n<p class=\" eplus-wrapper\">La actividad est\u00e1 organizada por el Pacto Global de Alcaldes por el Clima y la Energ\u00eda (GCoM), conjuntamente con ONU Mujeres, el Instituto Alziras, la Red de Innovaci\u00f3n Local (RIL) e ICLEI Argentina.<\/p>\n<p class=\" eplus-wrapper\">Los encuentros buscar\u00e1n aumentar la visibilidad del impacto desigual del cambio clim\u00e1tico en mujeres y ni\u00f1as. Un reporte de Naciones Unidas citado por organizadores de la CCI indica que el 80% de las personas desplazadas por desastres clim\u00e1ticos son mujeres.<\/p>\n<p class=\" eplus-wrapper\">Ante estos desaf\u00edos, se abordar\u00e1n temas como:<\/p>\n<ul class=\" wp-block-list eplus-wrapper eplus-styles-uid-356b07\">\n<li class=\" eplus-wrapper\">Liderazgo y representaci\u00f3n de las mujeres. Ejemplos y contribuciones a la sostenibilidad y justicia clim\u00e1tica.<\/li>\n<li class=\" eplus-wrapper\">Enfoques sist\u00e9micos y pol\u00edticos transformadores: C\u00f3mo las pol\u00edticas p\u00fablicas inclusivas abordan las desigualdades estructurales en la transici\u00f3n hacia econom\u00edas sostenibles.<\/li>\n<li class=\" eplus-wrapper\">Barreras para la participaci\u00f3n: Explorar l\u00edmites a la participaci\u00f3n de mujeres en la toma de decisiones clim\u00e1ticas.<\/li>\n<li class=\" eplus-wrapper\">Perspectivas de comunidades marginadas: Experiencias, saberes tradicionales y estrategias de resistencia de comunidades racializadas, disidentes e ind\u00edgenas.<\/li>\n<\/ul>\n<p class=\" eplus-wrapper\">\n<figure class=\" wp-block-image size-large eplus-wrapper\"><img fetchpriority=\"high\" decoding=\"async\" class=\"wp-image-622449\" src=\"https:\/\/prensa.cba.gov.ar\/wp-content\/uploads\/2025\/06\/WhatsApp-Image-2025-06-29-at-16.18.30-1024x682.jpeg\" sizes=\"(max-width: 1024px) 100vw, 1024px\" srcset=\"https:\/\/prensa.cba.gov.ar\/wp-content\/uploads\/2025\/06\/WhatsApp-Image-2025-06-29-at-16.18.30-1024x682.jpeg 1024w, https:\/\/prensa.cba.gov.ar\/wp-content\/uploads\/2025\/06\/WhatsApp-Image-2025-06-29-at-16.18.30-300x200.jpeg 300w, https:\/\/prensa.cba.gov.ar\/wp-content\/uploads\/2025\/06\/WhatsApp-Image-2025-06-29-at-16.18.30-768x512.jpeg 768w, https:\/\/prensa.cba.gov.ar\/wp-content\/uploads\/2025\/06\/WhatsApp-Image-2025-06-29-at-16.18.30-1536x1023.jpeg 1536w, https:\/\/prensa.cba.gov.ar\/wp-content\/uploads\/2025\/06\/WhatsApp-Image-2025-06-29-at-16.18.30.jpeg 1600w\" alt=\"\" width=\"1024\" height=\"682\" \/><\/figure>\n<p class=\" eplus-wrapper\"><strong>Impulso a la acci\u00f3n<\/strong><\/p>\n<p class=\" eplus-wrapper\">Durante las sesiones plenarias se presentar\u00e1n iniciativas innovadoras que integren una perspectiva de g\u00e9nero en la acci\u00f3n clim\u00e1tica.<\/p>\n<p class=\" eplus-wrapper\">En especial se ahondar\u00e1 en el rol de las mujeres lideresas en gobiernos, la sociedad civil y organizaciones juveniles, compartiendo experiencias y protagonismo en la lucha por la justicia clim\u00e1tica y social.<\/p>\n<p class=\" eplus-wrapper\">Tambi\u00e9n se lanzar\u00e1 el Kit de Herramientas de G\u00e9nero e Inclusi\u00f3n del GCoM, un conjunto de recursos dise\u00f1ados para ayudar a las ciudades a integrar la perspectiva de g\u00e9nero y la inclusi\u00f3n en sus pol\u00edticas y programas.<\/p>\n<h4 class=\" wp-block-heading eplus-wrapper\"><strong>Expositoras de las sesiones plenarias de g\u00e9nero e inclusi\u00f3n<\/strong><\/h4>\n<p class=\" eplus-wrapper\"><strong>Sesi\u00f3n Plenaria 1 \u2013 Clima y G\u00e9nero en la Encrucijada: Pol\u00edticas Basadas en la Ciencia para una Transformaci\u00f3n Inclusiva (14.30 a 16).<\/strong><\/p>\n<ul class=\" wp-block-list eplus-wrapper eplus-styles-uid-0b1283\">\n<li class=\" eplus-wrapper\">Victoria Flores, Ministra de Ambiente y Econom\u00eda Circular (Provincia de C\u00f3rdoba)<\/li>\n<li class=\" eplus-wrapper\">Carolina Basualdo, Intendenta de Despe\u00f1aderos, Argentina (Moderadora y Oradora)<\/li>\n<li class=\" eplus-wrapper\">Nidya Pesantez, Representante de ONU Mujeres Bolivia<\/li>\n<li class=\" eplus-wrapper\">Vanessa Dolce de Faria, Alta Representante para Asuntos de G\u00e9nero del Ministerio de Relaciones Exteriores de Brasil (TBC)<\/li>\n<li class=\" eplus-wrapper\">Sandra Patricia Aguilar Carabal\u00ed, Presidenta de la Red Juvenil del Departamento del Cauca (REDEJOCA), Colombia<\/li>\n<li class=\" eplus-wrapper\">Giulia Maci, Cities Alliance \u2013 UNOPS (TBC)<\/li>\n<li class=\" eplus-wrapper\">Barbara Rambousek, Directora de G\u00e9nero e Inclusi\u00f3n Econ\u00f3mica en el Banco Europeo para la Reconstrucci\u00f3n y el Desarrollo (BERD) (TBC)<\/li>\n<\/ul>\n<p class=\" eplus-wrapper\"><strong>Sesi\u00f3n Plenaria 2 \u2013 Del Cumplimiento M\u00ednimo al Cambio Estructural: Soluciones Inclusivas de G\u00e9nero para la Acci\u00f3n Clim\u00e1tica (16 a 17.30)<\/strong><\/p>\n<ul class=\" wp-block-list eplus-wrapper eplus-styles-uid-0214ff\">\n<li class=\" eplus-wrapper\">Elise Abbes (Moderadora)<\/li>\n<li class=\" eplus-wrapper\">Asma Jhina, Especialista en g\u00e9nero e inclusi\u00f3n, GCoM<\/li>\n<li class=\" eplus-wrapper\">Laura Marrero, PNUD<\/li>\n<li class=\" eplus-wrapper\">Cida Falabella, Concejala de Belo Horizonte, Brasil (TBC)<\/li>\n<li class=\" eplus-wrapper\">Cristina Smolenschi, Vicealcaldesa de Straseni, Moldavia<\/li>\n<li class=\" eplus-wrapper\">Michelle Ferreti, Directora del Instituto Alziras<\/li>\n<li class=\" eplus-wrapper\">Illiza Sa\u2019aduddin Djamal, Alcaldesa de Banda Aceh, Indonesia<\/li>\n<li class=\" eplus-wrapper\">Norma Cabiudo, Presidenta de la Cooperativa Fortaleza de mi Tierra<\/li>\n<li class=\" eplus-wrapper\">Anabela Aldaz, Coordinadora de Programas, ONU Mujeres Uruguay<\/li>\n<li class=\" eplus-wrapper\">Amanda Costa (TBC)<\/li>\n<\/ul>\n<p class=\" eplus-wrapper\"><strong>En n\u00famero: cambio clim\u00e1tico y g\u00e9nero<\/strong><\/p>\n<p class=\" eplus-wrapper\">Emisiones de carbono y pobreza: Los 20 multimillonarios m\u00e1s ricos generan 8.000 veces m\u00e1s emisiones que los 1.300 millones de personas m\u00e1s pobres, de las cuales el 70% son mujeres (Oxfam).<\/p>\n<p class=\" eplus-wrapper\">Sur Global y riesgos para mujeres: Los pa\u00edses m\u00e1s expuestos al cambio clim\u00e1tico (todos en el sur global) son tambi\u00e9n donde mujeres y ni\u00f1as enfrentan mayores peligros (alta mortalidad materna, matrimonios infantiles, embarazos adolescentes, violencia de g\u00e9nero) (UNFPA).<\/p>\n","protected":false},"excerpt":{"rendered":"<p>Representantes de organizaciones internacionales, especialistas y autoridades gubernamentales mantendr\u00e1n sesiones plenarias para proponer v\u00edas de acci\u00f3n. Se presentar\u00e1n iniciativas innovadoras que integren una perspectiva de g\u00e9nero en la acci\u00f3n clim\u00e1tica. El p\u00fablico general puede participar de manera gratuita y con inscripci\u00f3n previa a trav\u00e9s de\u00a0https:\/\/conferenciaclimatica.cba.gov.ar\/ La primera Conferencia Clim\u00e1tica Internacional \u201cCompromiso Latinoamericano\u201d (CCI), que se &hellip;<\/p>\n","protected":false},"author":1,"featured_media":7366,"comment_status":"open","ping_status":"open","sticky":false,"template":"","format":"standard","meta":{"footnotes":""},"categories":[48],"tags":[],"class_list":["post-7365","post","type-post","status-publish","format-standard","has-post-thumbnail","hentry","category-info-general"],"_links":{"self":[{"href":"https:\/\/radiobeat97.com.ar\/beat\/wp-json\/wp\/v2\/posts\/7365","targetHints":{"allow":["GET"]}}],"collection":[{"href":"https:\/\/radiobeat97.com.ar\/beat\/wp-json\/wp\/v2\/posts"}],"about":[{"href":"https:\/\/radiobeat97.com.ar\/beat\/wp-json\/wp\/v2\/types\/post"}],"author":[{"embeddable":true,"href":"https:\/\/radiobeat97.com.ar\/beat\/wp-json\/wp\/v2\/users\/1"}],"replies":[{"embeddable":true,"href":"https:\/\/radiobeat97.com.ar\/beat\/wp-json\/wp\/v2\/comments?post=7365"}],"version-history":[{"count":1,"href":"https:\/\/radiobeat97.com.ar\/beat\/wp-json\/wp\/v2\/posts\/7365\/revisions"}],"predecessor-version":[{"id":7367,"href":"https:\/\/radiobeat97.com.ar\/beat\/wp-json\/wp\/v2\/posts\/7365\/revisions\/7367"}],"wp:featuredmedia":[{"embeddable":true,"href":"https:\/\/radiobeat97.com.ar\/beat\/wp-json\/wp\/v2\/media\/7366"}],"wp:attachment":[{"href":"https:\/\/radiobeat97.com.ar\/beat\/wp-json\/wp\/v2\/media?parent=7365"}],"wp:term":[{"taxonomy":"category","embeddable":true,"href":"https:\/\/radiobeat97.com.ar\/beat\/wp-json\/wp\/v2\/categories?post=7365"},{"taxonomy":"post_tag","embeddable":true,"href":"https:\/\/radiobeat97.com.ar\/beat\/wp-json\/wp\/v2\/tags?post=7365"}],"curies":[{"name":"wp","href":"https:\/\/api.w.org\/{rel}","templated":true}]}}