{"id":7403,"date":"2025-07-15T10:16:27","date_gmt":"2025-07-15T13:16:27","guid":{"rendered":"https:\/\/radiobeat97.com.ar\/beat\/?p=7403"},"modified":"2025-07-14T10:17:48","modified_gmt":"2025-07-14T13:17:48","slug":"la-startup-cordobesa-que-crece-en-el-mercado-asegurador-y-se-lanza-a-espana","status":"publish","type":"post","link":"https:\/\/radiobeat97.com.ar\/beat\/la-startup-cordobesa-que-crece-en-el-mercado-asegurador-y-se-lanza-a-espana\/","title":{"rendered":"La startup cordobesa que crece en el mercado asegurador y se lanza a Espa\u00f1a"},"content":{"rendered":"<ul class=\" wp-block-list eplus-wrapper eplus-styles-uid-72a7e5\">\n<li class=\" eplus-wrapper\"><strong>Vaitty ofrece una plataforma tecnol\u00f3gica que conecta a usuarios y empresas con soluciones para el hogar, la movilidad, la asistencia personal y el cuidado de mascotas.<\/strong><\/li>\n<li class=\" eplus-wrapper\"><strong>La startup tiene fuerte presencia en el mercado asegurador argentino, donde integra sus servicios con compa\u00f1\u00edas l\u00edderes del sector.<\/strong><\/li>\n<li class=\" eplus-wrapper\"><strong>El proyecto recibi\u00f3 apoyo de la Provincia, a trav\u00e9s de la Agencia Innovar y Emprender y del programa \u201cEmprende Industria\u201d.<\/strong><\/li>\n<\/ul>\n<p class=\" eplus-wrapper\">Lo que comenz\u00f3 como RapiHogar, una plataforma para conectar usuarios con servicios de reparaci\u00f3n y mantenimiento en el hogar, es hoy Vaitty, una empresa consolidada con una fuerte presencia en el mercado asegurador argentino.<\/p>\n<p class=\" eplus-wrapper\">Esta startup cordobesa, que ha renovado su imagen y ampliado sus servicios, abri\u00f3 una filial en Espa\u00f1a, donde prepara su lanzamiento operativo.<\/p>\n<p class=\" eplus-wrapper\">Hace ocho a\u00f1os, la empresa se lanz\u00f3 en C\u00f3rdoba como una soluci\u00f3n para conectar a usuarios con cerrajeros, plomeros y electricistas, entre otros servicios para el hogar.<\/p>\n<p class=\" eplus-wrapper\">Sin embargo, su evoluci\u00f3n la llev\u00f3 a un cambio de marca y a la diversificaci\u00f3n de sus soluciones.<\/p>\n<p class=\" eplus-wrapper\"><em>\u00abEstamos en un proceso de rebranding. El cambio de nombre refleja nuestra evoluci\u00f3n. Ya no somos solo una plataforma de servicios para el hogar; hoy operamos en cinco verticales, que adem\u00e1s del hogar incluyen movilidad, electrodom\u00e9sticos, mascotas y asistencia de personas\u201d<\/em>, explic\u00f3 Mariano Buxdorf, fundador y CFO de Vaitty.<\/p>\n<p class=\" eplus-wrapper\">Inicialmente, la plataforma trabaj\u00f3 con inmobiliarias y administradores de consorcios. En 2021, la empresa dio un giro estrat\u00e9gico para enfocarse en el mercado asegurador a escala nacional, proporcionando la interfaz tecnol\u00f3gica que permite a las aseguradoras ofrecer una amplia gama de servicios y soluciones a sus clientes.<\/p>\n<p class=\" eplus-wrapper\">Actualmente, gestiona servicios en Argentina, conectando a usuarios con una red de unos 7.000 proveedores en m\u00e1s de 20 oficios y especialidades.<\/p>\n<p class=\" eplus-wrapper\">Vaitty proyecta una facturaci\u00f3n de unos seis millones de d\u00f3lares para 2025 y cuenta entre sus clientes a grandes empresas del sector como BBVA, Naranja X, Galicia Seguros, Allianz, La Caja e Hipotecario Seguros.<\/p>\n<p class=\" eplus-wrapper\">Con la mira en la internacionalizaci\u00f3n, la empresa ya ha desarrollado redes de proveedores y constituido una filial en Espa\u00f1a.<\/p>\n<figure class=\"wp-block-gallery has-nested-images columns-default is-cropped eplus-wrapper wp-block-gallery-1\">\n<figure class=\"wp-block-image size-large eplus-wrapper\"><img fetchpriority=\"high\" decoding=\"async\" class=\"wp-image-623401\" src=\"https:\/\/prensa.cba.gov.ar\/wp-content\/uploads\/2025\/07\/Nota_2427.jpg\" sizes=\"(max-width: 993px) 100vw, 993px\" srcset=\"https:\/\/prensa.cba.gov.ar\/wp-content\/uploads\/2025\/07\/Nota_2427.jpg 993w, https:\/\/prensa.cba.gov.ar\/wp-content\/uploads\/2025\/07\/Nota_2427-300x200.jpg 300w, https:\/\/prensa.cba.gov.ar\/wp-content\/uploads\/2025\/07\/Nota_2427-768x513.jpg 768w\" alt=\"\" width=\"993\" height=\"663\" data-id=\"623401\" \/><\/figure>\n<figure class=\"wp-block-image size-large eplus-wrapper\"><img decoding=\"async\" class=\"wp-image-623400\" src=\"https:\/\/prensa.cba.gov.ar\/wp-content\/uploads\/2025\/07\/Nota_2444.jpg\" sizes=\"(max-width: 993px) 100vw, 993px\" srcset=\"https:\/\/prensa.cba.gov.ar\/wp-content\/uploads\/2025\/07\/Nota_2444.jpg 993w, https:\/\/prensa.cba.gov.ar\/wp-content\/uploads\/2025\/07\/Nota_2444-300x200.jpg 300w, https:\/\/prensa.cba.gov.ar\/wp-content\/uploads\/2025\/07\/Nota_2444-768x513.jpg 768w\" alt=\"\" width=\"993\" height=\"663\" data-id=\"623400\" \/><\/figure>\n<\/figure>\n<h3 class=\" wp-block-heading eplus-wrapper\"><strong>Un polo de innovaci\u00f3n en crecimiento<\/strong><\/h3>\n<p class=\" eplus-wrapper\">En la etapa inicial, la startup recibi\u00f3 apoyo del Gobierno de C\u00f3rdoba, a trav\u00e9s de la Agencia Innovar y Emprender y del programa provincial \u00abEmprende Industria\u00bb.<\/p>\n<p class=\" eplus-wrapper\"><em>\u00abEstos y otros programas ayudaron a la empresa a sentar bases, validar su modelo de negocio, armar estructura, formar equipos e invertir en tecnolog\u00eda\u201d<\/em>, se\u00f1al\u00f3 Buxdorf, destacando que este acompa\u00f1amiento en la fase inicial es clave para el crecimiento de las startups.<\/p>\n<p class=\" eplus-wrapper\">El ecosistema tecnol\u00f3gico de C\u00f3rdoba experiment\u00f3 un sostenido crecimiento en los \u00faltimos a\u00f1os, obteniendo un incipiente reconocimiento internacional.\u00a0<em>\u201cTuve la oportunidad de viajar por el mundo y me sorprendi\u00f3 ver que cuando mencion\u00e1s a C\u00f3rdoba, muchos ya saben lo que est\u00e1 pasando. Reconocen a emprendedores y empresas que nacieron en la provincia. Que estemos en el radar internacional y que nos identifiquen por la innovaci\u00f3n y el talento que surge desde ac\u00e1 es algo realmente valioso<\/em>\u201d, apunt\u00f3 Buxdorf.<\/p>\n<p class=\" eplus-wrapper\">Recientemente, C\u00f3rdoba fue reconocida por el Global Startup Ecosystem Report (GSER) como uno de los ecosistemas emergentes m\u00e1s din\u00e1micos de Am\u00e9rica Latina. Este informe, que analiz\u00f3 m\u00e1s de 4,5 millones de empresas en 300 ecosistemas globales, destac\u00f3 el crecimiento sostenido de la provincia en infraestructura, financiamiento y talento emprendedor.<\/p>\n<p class=\" eplus-wrapper\">El reporte contabiliz\u00f3 400 startups en la provincia. Entre julio de 2021 y diciembre de 2023, el sector gener\u00f3 USD 321 millones en Valor del Ecosistema, lo que representa un crecimiento del 287% respecto al per\u00edodo anterior.<\/p>\n<p class=\" eplus-wrapper\">Adem\u00e1s, se ubic\u00f3 entre las diez mejores regiones de Am\u00e9rica Latina en capacidad para contratar talento tecnol\u00f3gico y en el Top 15 por su actividad en financiamiento temprano e inversores activos.<\/p>\n<p class=\" eplus-wrapper\">Creada en 2017, la Agencia Innovar y Emprender ya incub\u00f3 1.000 proyectos (no s\u00f3lo en el \u00e1mbito startup) y aceler\u00f3 otros 250. En cuanto al financiamiento, el organismo lleva coinvertidos 393.508.800 pesos.<\/p>\n<figure class=\"wp-embed-aspect-16-9 wp-has-aspect-ratio wp-block-embed is-type-video is-provider-youtube wp-block-embed-youtube eplus-wrapper\">\n<div class=\"wp-block-embed__wrapper\">\n<div class=\"ast-oembed-container \"><iframe title=\"La startup cordobesa que crece en el mercado asegurador y llega a Espa\u00f1a\" src=\"https:\/\/www.youtube.com\/embed\/Aw3xggcANXI?feature=oembed\" width=\"1000\" height=\"563\" frameborder=\"0\" allowfullscreen=\"allowfullscreen\" data-mce-fragment=\"1\"><\/iframe><\/div>\n<\/div>\n<\/figure>\n<h3 class=\" wp-block-heading eplus-wrapper\"><strong>El salto a Espa\u00f1a<\/strong><\/h3>\n<p class=\" eplus-wrapper\">La internacionalizaci\u00f3n de Vaitty se centra en Espa\u00f1a, un mercado de habla hispana con alta emisi\u00f3n de p\u00f3lizas de seguro y servicios para el hogar. Nadir Doremberg, CEO y fundador, destac\u00f3 que este mercado, aunque maduro, presenta desaf\u00edos similares a otros como Argentina, en cuanto a la necesidad de automatizaci\u00f3n, la adopci\u00f3n de inteligencia artificial, mayor velocidad y mejores precios.<\/p>\n<p class=\" eplus-wrapper\"><em>\u00abEs un mercado muy maduro, pero con grandes necesidades<\/em>\u201d, afirm\u00f3 Doremberg.<\/p>\n<p class=\" eplus-wrapper\">El camino hacia Espa\u00f1a comenz\u00f3 en 2023, cuando Vaitty recibi\u00f3 el premio a la mejor Insurtech de LATAM en Madrid. Este reconocimiento facilit\u00f3 el acercamiento al mercado espa\u00f1ol y la identificaci\u00f3n de sus necesidades tecnol\u00f3gicas en la industria aseguradora y de servicios.<\/p>\n<p class=\" eplus-wrapper\">En 2024, la empresa recibi\u00f3 una inversi\u00f3n de 300.000 euros de Telef\u00f3nica Seguros, a trav\u00e9s de su gestora de fondos Waira y el Fondo IOPE Ventures. Adem\u00e1s, Vaitty particip\u00f3 y gan\u00f3 la edici\u00f3n 2025 del programa Acelerar Espa\u00f1a, un programa de\u00a0<em>soft landing<\/em>\u00a0para empresas argentinas en Espa\u00f1a.<\/p>\n<p class=\" eplus-wrapper\">El objetivo para 2025 es potenciar su posicionamiento en Argentina con el producto de asistencia veh\u00edcular, el uber de la gr\u00faas y concretar el primer cliente en Espa\u00f1a. Tras la puesta en marcha de una filial en el pa\u00eds europeo, trabajan actualmente en el pr\u00f3ximo paso, el lanzamiento operativo.<\/p>\n<p class=\" eplus-wrapper\">El segmento objetivo en este mercado incluye compa\u00f1\u00edas de seguros, bancos, empresas de retail y real estate.<\/p>\n<h3 class=\" wp-block-heading eplus-wrapper\"><strong>Tecnolog\u00eda y talento: El diferencial de Vaitty<\/strong><\/h3>\n<p class=\" eplus-wrapper\"><strong>Javier Cuenca, fundador y CFO de la empresa<\/strong>, resalt\u00f3 el papel fundamental de la tecnolog\u00eda como diferencial de Vaitty en el mercado. La empresa busca la escalabilidad a trav\u00e9s de la adopci\u00f3n de nuevos desarrollos como la inteligencia artificial, chatbots y voicebots.\u00a0<em>\u00abAportamos valor a las compa\u00f1\u00edas a trav\u00e9s de la tecnolog\u00eda, integrando con los \u2018cores\u2019 de las plataformas de nuestros clientes\u201d<\/em>, afirm\u00f3 Cuenca.<\/p>\n<p class=\" eplus-wrapper\">De las m\u00e1s de 85 personas que trabajan en Vaitty, una parte significativa se dedica al \u00e1rea tecnol\u00f3gica, con perfiles desarrolladores IA, programadores back-end y front-end, y dise\u00f1adores UX\/UI. La empresa tambi\u00e9n cuenta con \u00e1reas operativas, administrativas, de recursos humanos, comercial y especialistas en procesos y normas ISO.<\/p>\n<h3 class=\" wp-block-heading eplus-wrapper\"><strong>Soluciones para personas, hogares y empresas<\/strong><\/h3>\n<p class=\" eplus-wrapper\">La plataforma de Vaitty ofrece m\u00e1s de 20 l\u00edneas de servicios en cinco segmentos principales. A modo ilustrativo, se mencionan a continuaci\u00f3n algunas soluciones en las cinco verticales que ofrece la plataforma.<\/p>\n<ul class=\" wp-block-list eplus-wrapper eplus-styles-uid-ca7e35\">\n<li class=\" eplus-wrapper\"><strong>Hogar:<\/strong>\u00a0Asistencia en cerrajer\u00eda, plomer\u00eda, electricidad, entre otros.<\/li>\n<li class=\" eplus-wrapper\"><strong>Movilidad:<\/strong>\u00a0Remolque, auxilio en ruta y rastreo GPS.<\/li>\n<li class=\" eplus-wrapper\"><strong>Dispositivos electr\u00f3nicos:<\/strong>\u00a0Garant\u00eda extendida de electrodom\u00e9sticos, instalaci\u00f3n de equipos, protecci\u00f3n contra malware y reparaci\u00f3n.<\/li>\n<li class=\" eplus-wrapper\"><strong>Cuidado de mascotas:<\/strong>\u00a0Guarder\u00eda, cirug\u00edas y vacunaciones.<\/li>\n<li class=\" eplus-wrapper\"><strong>Asistencia a personas:<\/strong>\u00a0Atenci\u00f3n m\u00e9dica online, coordinaci\u00f3n de ambulancias y acompa\u00f1amiento a personas mayores.<\/li>\n<\/ul>\n<p class=\" eplus-wrapper\">Todos estos servicios se gestionan desde una\u00a0<strong>\u00fanica plataforma interoperable<\/strong>, dise\u00f1ada para ser escalable y adaptable a las necesidades de empresas de seguros, bancos, retail y real estate bajo un concepto de marca blanca.<\/p>\n","protected":false},"excerpt":{"rendered":"<p>Vaitty ofrece una plataforma tecnol\u00f3gica que conecta a usuarios y empresas con soluciones para el hogar, la movilidad, la asistencia personal y el cuidado de mascotas. La startup tiene fuerte presencia en el mercado asegurador argentino, donde integra sus servicios con compa\u00f1\u00edas l\u00edderes del sector. El proyecto recibi\u00f3 apoyo de la Provincia, a trav\u00e9s de &hellip;<\/p>\n","protected":false},"author":1,"featured_media":7404,"comment_status":"open","ping_status":"open","sticky":false,"template":"","format":"standard","meta":{"footnotes":""},"categories":[48],"tags":[],"class_list":["post-7403","post","type-post","status-publish","format-standard","has-post-thumbnail","hentry","category-info-general"],"_links":{"self":[{"href":"https:\/\/radiobeat97.com.ar\/beat\/wp-json\/wp\/v2\/posts\/7403","targetHints":{"allow":["GET"]}}],"collection":[{"href":"https:\/\/radiobeat97.com.ar\/beat\/wp-json\/wp\/v2\/posts"}],"about":[{"href":"https:\/\/radiobeat97.com.ar\/beat\/wp-json\/wp\/v2\/types\/post"}],"author":[{"embeddable":true,"href":"https:\/\/radiobeat97.com.ar\/beat\/wp-json\/wp\/v2\/users\/1"}],"replies":[{"embeddable":true,"href":"https:\/\/radiobeat97.com.ar\/beat\/wp-json\/wp\/v2\/comments?post=7403"}],"version-history":[{"count":1,"href":"https:\/\/radiobeat97.com.ar\/beat\/wp-json\/wp\/v2\/posts\/7403\/revisions"}],"predecessor-version":[{"id":7405,"href":"https:\/\/radiobeat97.com.ar\/beat\/wp-json\/wp\/v2\/posts\/7403\/revisions\/7405"}],"wp:featuredmedia":[{"embeddable":true,"href":"https:\/\/radiobeat97.com.ar\/beat\/wp-json\/wp\/v2\/media\/7404"}],"wp:attachment":[{"href":"https:\/\/radiobeat97.com.ar\/beat\/wp-json\/wp\/v2\/media?parent=7403"}],"wp:term":[{"taxonomy":"category","embeddable":true,"href":"https:\/\/radiobeat97.com.ar\/beat\/wp-json\/wp\/v2\/categories?post=7403"},{"taxonomy":"post_tag","embeddable":true,"href":"https:\/\/radiobeat97.com.ar\/beat\/wp-json\/wp\/v2\/tags?post=7403"}],"curies":[{"name":"wp","href":"https:\/\/api.w.org\/{rel}","templated":true}]}}