{"id":7437,"date":"2025-07-31T11:34:48","date_gmt":"2025-07-31T14:34:48","guid":{"rendered":"https:\/\/radiobeat97.com.ar\/beat\/?p=7437"},"modified":"2025-07-31T11:34:48","modified_gmt":"2025-07-31T14:34:48","slug":"ambiente-continua-con-el-ciclo-de-workshops-para-impulsar-practicas-productivas-circulares-en-empresas-cordobesas","status":"publish","type":"post","link":"https:\/\/radiobeat97.com.ar\/beat\/ambiente-continua-con-el-ciclo-de-workshops-para-impulsar-practicas-productivas-circulares-en-empresas-cordobesas\/","title":{"rendered":"Ambiente contin\u00faa con el ciclo de workshops para impulsar pr\u00e1cticas productivas circulares en empresas cordobesas"},"content":{"rendered":"<article id=\"post-624423\" class=\"post-624423 post type-post status-publish format-standard has-post-thumbnail hentry category-ambiente category-informacion-general ast-article-single\">\n<div class=\"ast-post-format- single-layout-1\">\n<div class=\"entry-content clear\">\n<ul class=\" wp-block-list eplus-wrapper eplus-styles-uid-d5b5ac\">\n<li class=\" eplus-wrapper\"><strong>Los encuentros se realizaron en R\u00edo Cuarto y Villa Mar\u00eda, y participaron m\u00e1s de 50 empresas locales y regionales.<\/strong><\/li>\n<li class=\" eplus-wrapper\"><strong>Se trata de una iniciativa que promueve la transici\u00f3n hacia procesos de residuo cero y modelos empresariales responsables con el ambiente.<\/strong><\/li>\n<\/ul>\n<p class=\" eplus-wrapper\">El Ministerio de Ambiente y Econom\u00eda Circular de la Provincia de C\u00f3rdoba contin\u00faa desarrollando el ciclo de Workshops en Econom\u00eda Circular, una iniciativa destinada a acompa\u00f1ar al sector productivo en su transici\u00f3n hacia modelos m\u00e1s sostenibles y responsables.<\/p>\n<p class=\" eplus-wrapper\">La propuesta es impulsada por la Secretar\u00eda de Econom\u00eda Circular y Empleo Verde, a cargo de Nicol\u00e1s Vottero, y tiene como principal objetivo expandir el modelo de econom\u00eda circular como herramienta para alcanzar un desarrollo sostenible que preserve los ecosistemas, genere empleo verde y fortalezca la competitividad empresarial.<\/p>\n<p class=\" eplus-wrapper\">Estos encuentros constituyen espacios de intercambio y formaci\u00f3n, donde representantes de empresas de distintos rubros acceden a conocimientos pr\u00e1cticos, herramientas concretas y experiencias reales que les permiten transformar sus procesos productivos.<\/p>\n<figure class=\"wp-block-gallery has-nested-images columns-default is-cropped eplus-wrapper wp-block-gallery-1\">\n<figure class=\"wp-block-image size-full eplus-wrapper\"><a href=\"https:\/\/prensa.cba.gov.ar\/wp-content\/uploads\/2025\/07\/Ambiente-continua-con-el-ciclo-de-workshops-para-impulsar-practicas-productivas-circulares-en-empresas-cordobesas-4-1.jpg\"><img fetchpriority=\"high\" decoding=\"async\" class=\"wp-image-624425\" src=\"https:\/\/prensa.cba.gov.ar\/wp-content\/uploads\/2025\/07\/Ambiente-continua-con-el-ciclo-de-workshops-para-impulsar-practicas-productivas-circulares-en-empresas-cordobesas-4-1.jpg\" sizes=\"(max-width: 990px) 100vw, 990px\" srcset=\"https:\/\/prensa.cba.gov.ar\/wp-content\/uploads\/2025\/07\/Ambiente-continua-con-el-ciclo-de-workshops-para-impulsar-practicas-productivas-circulares-en-empresas-cordobesas-4-1.jpg 990w, https:\/\/prensa.cba.gov.ar\/wp-content\/uploads\/2025\/07\/Ambiente-continua-con-el-ciclo-de-workshops-para-impulsar-practicas-productivas-circulares-en-empresas-cordobesas-4-1-300x200.jpg 300w, https:\/\/prensa.cba.gov.ar\/wp-content\/uploads\/2025\/07\/Ambiente-continua-con-el-ciclo-de-workshops-para-impulsar-practicas-productivas-circulares-en-empresas-cordobesas-4-1-768x512.jpg 768w\" alt=\"\" width=\"990\" height=\"660\" data-id=\"624425\" \/><\/a><\/figure>\n<figure class=\"wp-block-image size-full eplus-wrapper\"><a href=\"https:\/\/prensa.cba.gov.ar\/wp-content\/uploads\/2025\/07\/Ambiente-continua-con-el-ciclo-de-workshops-para-impulsar-practicas-productivas-circulares-en-empresas-cordobesas-9-1.jpg\"><img decoding=\"async\" class=\"wp-image-624427\" src=\"https:\/\/prensa.cba.gov.ar\/wp-content\/uploads\/2025\/07\/Ambiente-continua-con-el-ciclo-de-workshops-para-impulsar-practicas-productivas-circulares-en-empresas-cordobesas-9-1.jpg\" sizes=\"(max-width: 990px) 100vw, 990px\" srcset=\"https:\/\/prensa.cba.gov.ar\/wp-content\/uploads\/2025\/07\/Ambiente-continua-con-el-ciclo-de-workshops-para-impulsar-practicas-productivas-circulares-en-empresas-cordobesas-9-1.jpg 990w, https:\/\/prensa.cba.gov.ar\/wp-content\/uploads\/2025\/07\/Ambiente-continua-con-el-ciclo-de-workshops-para-impulsar-practicas-productivas-circulares-en-empresas-cordobesas-9-1-300x200.jpg 300w, https:\/\/prensa.cba.gov.ar\/wp-content\/uploads\/2025\/07\/Ambiente-continua-con-el-ciclo-de-workshops-para-impulsar-practicas-productivas-circulares-en-empresas-cordobesas-9-1-768x512.jpg 768w\" alt=\"\" width=\"990\" height=\"660\" data-id=\"624427\" \/><\/a><\/figure>\n<figure class=\"wp-block-image size-full eplus-wrapper\"><a href=\"https:\/\/prensa.cba.gov.ar\/wp-content\/uploads\/2025\/07\/Ambiente-continua-con-el-ciclo-de-workshops-para-impulsar-practicas-productivas-circulares-en-empresas-cordobesas-6-1.jpg\"><img decoding=\"async\" class=\"wp-image-624424\" src=\"https:\/\/prensa.cba.gov.ar\/wp-content\/uploads\/2025\/07\/Ambiente-continua-con-el-ciclo-de-workshops-para-impulsar-practicas-productivas-circulares-en-empresas-cordobesas-6-1.jpg\" sizes=\"(max-width: 990px) 100vw, 990px\" srcset=\"https:\/\/prensa.cba.gov.ar\/wp-content\/uploads\/2025\/07\/Ambiente-continua-con-el-ciclo-de-workshops-para-impulsar-practicas-productivas-circulares-en-empresas-cordobesas-6-1.jpg 990w, https:\/\/prensa.cba.gov.ar\/wp-content\/uploads\/2025\/07\/Ambiente-continua-con-el-ciclo-de-workshops-para-impulsar-practicas-productivas-circulares-en-empresas-cordobesas-6-1-300x200.jpg 300w, https:\/\/prensa.cba.gov.ar\/wp-content\/uploads\/2025\/07\/Ambiente-continua-con-el-ciclo-de-workshops-para-impulsar-practicas-productivas-circulares-en-empresas-cordobesas-6-1-768x512.jpg 768w\" alt=\"\" width=\"990\" height=\"660\" data-id=\"624424\" \/><\/a><\/figure>\n<\/figure>\n<p class=\" eplus-wrapper\">\n<p class=\" eplus-wrapper\">En R\u00edo Cuarto, el segundo ciclo del Workshop \u201c<strong>\u00bfC\u00f3mo implementar proyectos circulares generando triple impacto?<\/strong>\u201d cont\u00f3 con la participaci\u00f3n de m\u00e1s de 50 empresas locales y regionales.<\/p>\n<p class=\" eplus-wrapper\">La jornada fue coordinada por la Direcci\u00f3n de Educaci\u00f3n Ambiental, a cargo de Mar\u00eda Soledad Flores, en articulaci\u00f3n con el Centro Empresario, Comercial, Industrial y de Servicios de R\u00edo Cuarto (CECIS).<\/p>\n<p class=\" eplus-wrapper\">Durante la actividad, las y los participantes se capacitaron en herramientas para incorporar la econom\u00eda circular en sus procesos productivos, optimizando el uso de recursos, reduciendo la generaci\u00f3n de residuos y promoviendo modelos m\u00e1s responsables con el ambiente.<\/p>\n<p class=\" eplus-wrapper\">Adem\u00e1s, se presentaron casos concretos de empresas que ya est\u00e1n avanzando hacia procesos de residuo cero y una gesti\u00f3n ambiental m\u00e1s sostenible.<\/p>\n<p class=\" eplus-wrapper\">La directora de Educaci\u00f3n Ambiental, Mar\u00eda Soledad Flores, destac\u00f3 la importancia de estas instancias de articulaci\u00f3n p\u00fablico-privada como motor para impulsar transformaciones de fondo: \u201c<em>compartir con las empresas estrategias que les permitan transicionar hacia la circularidad y la sostenibilidad genera oportunidades reales y construye futuro<\/em>\u201d.<\/p>\n<p class=\" eplus-wrapper\">En Villa Mar\u00eda tambi\u00e9n se llev\u00f3 a cabo una nueva edici\u00f3n del workshop, en conjunto con la Asociaci\u00f3n de Empresarios Regi\u00f3n Centro Argentino (AERCA), como continuaci\u00f3n del primer encuentro realizado en marzo.<\/p>\n<p class=\" eplus-wrapper\">A trav\u00e9s de estos espacios, el Ministerio busca construir capacidades, fomentar alianzas y brindar acompa\u00f1amiento t\u00e9cnico para que cada vez m\u00e1s empresas puedan repensar sus modelos de negocio bajo una l\u00f3gica circular y sostenible.<\/p>\n<\/div>\n<\/div>\n<\/article>\n","protected":false},"excerpt":{"rendered":"<p>Los encuentros se realizaron en R\u00edo Cuarto y Villa Mar\u00eda, y participaron m\u00e1s de 50 empresas locales y regionales. Se trata de una iniciativa que promueve la transici\u00f3n hacia procesos de residuo cero y modelos empresariales responsables con el ambiente. El Ministerio de Ambiente y Econom\u00eda Circular de la Provincia de C\u00f3rdoba contin\u00faa desarrollando el &hellip;<\/p>\n","protected":false},"author":1,"featured_media":7438,"comment_status":"open","ping_status":"open","sticky":false,"template":"","format":"standard","meta":{"footnotes":""},"categories":[48],"tags":[],"class_list":["post-7437","post","type-post","status-publish","format-standard","has-post-thumbnail","hentry","category-info-general"],"_links":{"self":[{"href":"https:\/\/radiobeat97.com.ar\/beat\/wp-json\/wp\/v2\/posts\/7437","targetHints":{"allow":["GET"]}}],"collection":[{"href":"https:\/\/radiobeat97.com.ar\/beat\/wp-json\/wp\/v2\/posts"}],"about":[{"href":"https:\/\/radiobeat97.com.ar\/beat\/wp-json\/wp\/v2\/types\/post"}],"author":[{"embeddable":true,"href":"https:\/\/radiobeat97.com.ar\/beat\/wp-json\/wp\/v2\/users\/1"}],"replies":[{"embeddable":true,"href":"https:\/\/radiobeat97.com.ar\/beat\/wp-json\/wp\/v2\/comments?post=7437"}],"version-history":[{"count":1,"href":"https:\/\/radiobeat97.com.ar\/beat\/wp-json\/wp\/v2\/posts\/7437\/revisions"}],"predecessor-version":[{"id":7439,"href":"https:\/\/radiobeat97.com.ar\/beat\/wp-json\/wp\/v2\/posts\/7437\/revisions\/7439"}],"wp:featuredmedia":[{"embeddable":true,"href":"https:\/\/radiobeat97.com.ar\/beat\/wp-json\/wp\/v2\/media\/7438"}],"wp:attachment":[{"href":"https:\/\/radiobeat97.com.ar\/beat\/wp-json\/wp\/v2\/media?parent=7437"}],"wp:term":[{"taxonomy":"category","embeddable":true,"href":"https:\/\/radiobeat97.com.ar\/beat\/wp-json\/wp\/v2\/categories?post=7437"},{"taxonomy":"post_tag","embeddable":true,"href":"https:\/\/radiobeat97.com.ar\/beat\/wp-json\/wp\/v2\/tags?post=7437"}],"curies":[{"name":"wp","href":"https:\/\/api.w.org\/{rel}","templated":true}]}}