{"id":7479,"date":"2025-08-18T09:35:30","date_gmt":"2025-08-18T12:35:30","guid":{"rendered":"https:\/\/radiobeat97.com.ar\/beat\/?p=7479"},"modified":"2025-08-18T09:35:30","modified_gmt":"2025-08-18T12:35:30","slug":"en-el-mes-de-las-infancias-el-teatro-itinerante-continua-recorriendo-la-provincia","status":"publish","type":"post","link":"https:\/\/radiobeat97.com.ar\/beat\/en-el-mes-de-las-infancias-el-teatro-itinerante-continua-recorriendo-la-provincia\/","title":{"rendered":"En el Mes de las Infancias, el teatro itinerante contin\u00faa recorriendo la provincia"},"content":{"rendered":"<div id=\"content\" class=\"site-content\">\n<div class=\"ast-container\">\n<div id=\"primary\" class=\"content-area primary\"><main id=\"main\" class=\"site-main\"><\/p>\n<article id=\"post-625643\" class=\"post-625643 post type-post status-publish format-standard has-post-thumbnail hentry category-cultura-y-espectaculos category-informacion-general ast-article-single\">\n<div class=\"ast-post-format- single-layout-1\">\n<div class=\"entry-content clear\">\n<ul class=\" wp-block-list eplus-wrapper eplus-styles-uid-fa5134\">\n<li class=\" eplus-wrapper\"><strong>Durante el mes de agosto, la provincia de C\u00f3rdoba se convertir\u00e1 en un gran escenario para festejar a las ni\u00f1eces.\u00a0<\/strong><\/li>\n<li class=\" eplus-wrapper\"><strong>La programaci\u00f3n incluye una gran variedad de espect\u00e1culos art\u00edsticos. Habr\u00e1 funciones de t\u00edteres, m\u00fasica en vivo, danza, acrobacias, malabares y narraciones interactivas.<\/strong><\/li>\n<li class=\" eplus-wrapper\"><strong>Todas las propuestas tendr\u00e1n entrada libre y gratuita.<\/strong><\/li>\n<\/ul>\n<p class=\" eplus-wrapper\">La provincia de C\u00f3rdoba se convertir\u00e1 en un gran escenario para celebrar el Mes de las Infancias con una propuesta cultural \u00fanica y accesible.<\/p>\n<p class=\" eplus-wrapper\">Con entrada libre y gratuita, durante el mes de agosto, ni\u00f1as y ni\u00f1os de todas las edades podr\u00e1n disfrutar de una variada programaci\u00f3n de espect\u00e1culos que recorrer\u00e1n m\u00e1s de\u00a0<strong>63 localidades<\/strong>\u00a0a lo largo y ancho del territorio provincial.<\/p>\n<p class=\" eplus-wrapper\">La iniciativa es organizada por la\u00a0<strong>Agencia C\u00f3rdoba Cultura<\/strong>, en articulaci\u00f3n con la\u00a0<strong>Red de Gestores Itinerantes de Artes Esc\u00e9nicas<\/strong>\u00a0de las regiones norte, sur, este y oeste. El objetivo principal es\u00a0<strong>democratizar el acceso a la cultura<\/strong>\u00a0y fomentar la imaginaci\u00f3n, la creatividad y la sensibilidad art\u00edstica desde la ni\u00f1ez.<\/p>\n<p class=\" eplus-wrapper\">Durante este mes festivo, se ofrecer\u00e1n\u00a0<strong>65 funciones<\/strong>\u00a0protagonizadas por 60 grupos de teatro, m\u00fasica y narraci\u00f3n, que llevar\u00e1n su arte a escuelas, plazas, centros culturales, cines, polideportivos, parques y otros espacios p\u00fablicos.<\/p>\n<p class=\" eplus-wrapper\">El ciclo se caracteriza por una\u00a0<strong>programaci\u00f3n diversa y de calidad,<\/strong>\u00a0con obras que abordan tem\u00e1ticas universales desde una mirada l\u00fadica, creativa y cercana a las infancias. Habr\u00e1 funciones de t\u00edteres, m\u00fasica en vivo, danza, acrobacias, malabares, narraciones interactivas y humor, entre otras expresiones esc\u00e9nicas.<\/p>\n<p class=\" eplus-wrapper\">Este a\u00f1o, se destacan tambi\u00e9n propuestas que rescatan la tradici\u00f3n oral, el respeto por el territorio, las ceremonias ancestrales y el cuidado de los sue\u00f1os, con funciones que llegar\u00e1n a los\u00a0<strong>26 departamentos<\/strong>\u00a0de C\u00f3rdoba.<\/p>\n<p class=\" eplus-wrapper\">El teatro, como herramienta transformadora, estimula la imaginaci\u00f3n, la empat\u00eda, el pensamiento cr\u00edtico y el encuentro con los dem\u00e1s. A trav\u00e9s de esta propuesta itinerante, se busca garantizar que todas las infancias, sin importar su lugar de residencia, tengan acceso al universo m\u00e1gico de las artes esc\u00e9nicas.<\/p>\n<p class=\" eplus-wrapper\">La grilla de la programaci\u00f3n completa del Mes de las Infancias 2025 se puede consultar a continuaci\u00f3n.<\/p>\n<div class=\" wp-block-file eplus-wrapper\" data-wp-interactive=\"core\/file\"><object class=\"wp-block-file__embed\" data=\"https:\/\/prensa.cba.gov.ar\/wp-content\/uploads\/2025\/08\/Grilla-Agosto.pdf\" type=\"application\/pdf\" width=\"300\" height=\"150\" data-wp-bind--hidden=\"!state.hasPdfPreview\" aria-label=\"Incrustado de Grilla-Agosto.\" data-mce-fragment=\"1\"><\/object><a id=\"wp-block-file--media-e28f76bf-34d1-4166-8c5b-728807df91f5\" href=\"https:\/\/prensa.cba.gov.ar\/wp-content\/uploads\/2025\/08\/Grilla-Agosto.pdf\">Grilla-Agosto<\/a><a class=\"wp-block-file__button wp-element-button\" href=\"https:\/\/prensa.cba.gov.ar\/wp-content\/uploads\/2025\/08\/Grilla-Agosto.pdf\" download=\"\" aria-describedby=\"wp-block-file--media-e28f76bf-34d1-4166-8c5b-728807df91f5\">Descarga<\/a><\/div>\n<p class=\" eplus-wrapper\">\n<\/div>\n<\/div>\n<\/article>\n<nav class=\"navigation post-navigation\" aria-label=\"Navegaci\u00f3n de entradas\"><span class=\"screen-reader-text\">Navegaci\u00f3n de entradas<\/span><\/nav>\n<p><\/main><\/div>\n<\/div>\n<\/div>\n<footer id=\"colophon\" class=\"site-footer\">\n<div class=\"footer-adv footer-adv-layout-4\">\n<section class=\"colores\">\n<section class=\"color\"><\/section>\n<section class=\"color\"><\/section>\n<section class=\"color\"><\/section>\n<section class=\"color\"><\/section>\n<\/section>\n<div class=\"footer-adv-overlay\">\n<div class=\"ast-container\">\n<div class=\"ast-row\">\n<div class=\"ast-col-lg-4 ast-col-md-4 ast-col-sm-12 ast-col-xs-12 footer-adv-widget footer-adv-widget-1\"><\/div>\n<div class=\"ast-col-lg-4 ast-col-md-4 ast-col-sm-12 ast-col-xs-12 footer-adv-widget footer-adv-widget-2\"><\/div>\n<\/div>\n<\/div>\n<\/div>\n<\/div>\n<\/footer>\n","protected":false},"excerpt":{"rendered":"<p>Durante el mes de agosto, la provincia de C\u00f3rdoba se convertir\u00e1 en un gran escenario para festejar a las ni\u00f1eces.\u00a0 La programaci\u00f3n incluye una gran variedad de espect\u00e1culos art\u00edsticos. Habr\u00e1 funciones de t\u00edteres, m\u00fasica en vivo, danza, acrobacias, malabares y narraciones interactivas. Todas las propuestas tendr\u00e1n entrada libre y gratuita. La provincia de C\u00f3rdoba se &hellip;<\/p>\n","protected":false},"author":1,"featured_media":7480,"comment_status":"open","ping_status":"open","sticky":false,"template":"","format":"standard","meta":{"footnotes":""},"categories":[48],"tags":[],"class_list":["post-7479","post","type-post","status-publish","format-standard","has-post-thumbnail","hentry","category-info-general"],"_links":{"self":[{"href":"https:\/\/radiobeat97.com.ar\/beat\/wp-json\/wp\/v2\/posts\/7479","targetHints":{"allow":["GET"]}}],"collection":[{"href":"https:\/\/radiobeat97.com.ar\/beat\/wp-json\/wp\/v2\/posts"}],"about":[{"href":"https:\/\/radiobeat97.com.ar\/beat\/wp-json\/wp\/v2\/types\/post"}],"author":[{"embeddable":true,"href":"https:\/\/radiobeat97.com.ar\/beat\/wp-json\/wp\/v2\/users\/1"}],"replies":[{"embeddable":true,"href":"https:\/\/radiobeat97.com.ar\/beat\/wp-json\/wp\/v2\/comments?post=7479"}],"version-history":[{"count":1,"href":"https:\/\/radiobeat97.com.ar\/beat\/wp-json\/wp\/v2\/posts\/7479\/revisions"}],"predecessor-version":[{"id":7481,"href":"https:\/\/radiobeat97.com.ar\/beat\/wp-json\/wp\/v2\/posts\/7479\/revisions\/7481"}],"wp:featuredmedia":[{"embeddable":true,"href":"https:\/\/radiobeat97.com.ar\/beat\/wp-json\/wp\/v2\/media\/7480"}],"wp:attachment":[{"href":"https:\/\/radiobeat97.com.ar\/beat\/wp-json\/wp\/v2\/media?parent=7479"}],"wp:term":[{"taxonomy":"category","embeddable":true,"href":"https:\/\/radiobeat97.com.ar\/beat\/wp-json\/wp\/v2\/categories?post=7479"},{"taxonomy":"post_tag","embeddable":true,"href":"https:\/\/radiobeat97.com.ar\/beat\/wp-json\/wp\/v2\/tags?post=7479"}],"curies":[{"name":"wp","href":"https:\/\/api.w.org\/{rel}","templated":true}]}}