{"id":7493,"date":"2025-08-25T08:48:23","date_gmt":"2025-08-25T11:48:23","guid":{"rendered":"https:\/\/radiobeat97.com.ar\/beat\/?p=7493"},"modified":"2025-08-25T08:48:23","modified_gmt":"2025-08-25T11:48:23","slug":"cordoba-se-prepara-para-la-segunda-edicion-de-la-expo-parques-industriales","status":"publish","type":"post","link":"https:\/\/radiobeat97.com.ar\/beat\/cordoba-se-prepara-para-la-segunda-edicion-de-la-expo-parques-industriales\/","title":{"rendered":"C\u00f3rdoba se prepara para la segunda edici\u00f3n de la Expo Parques Industriales"},"content":{"rendered":"<ul class=\" wp-block-list eplus-wrapper eplus-styles-uid-19bafc\">\n<li class=\" eplus-wrapper\"><strong>El evento m\u00e1s importante del sector en el pa\u00eds se llevar\u00e1 a cabo \u00a0el 27 y 28 de agosto en el Centro de Convenciones C\u00f3rdoba.<\/strong><\/li>\n<li class=\" eplus-wrapper\"><strong>El eje ser\u00e1 la eficiencia energ\u00e9tica, econom\u00eda circular e innovaci\u00f3n<\/strong>.<\/li>\n<li class=\" eplus-wrapper\"><strong>Previo a la exposici\u00f3n, se realizar\u00e1 el Primer Encuentro Nacional e Internacional de Parques Industriales, Log\u00edsticos y Tecnol\u00f3gicos, con visitas a parques y actividades en La Voz del Interior.<\/strong><\/li>\n<\/ul>\n<p class=\" eplus-wrapper\">La Expo Parques Industriales C\u00f3rdoba 2025 vuelve con una propuesta renovada. Luego del \u00e9xito de su primera edici\u00f3n, que reuni\u00f3 a m\u00e1s de 1.400 asistentes y 40 expositores en una sola jornada, este a\u00f1o el evento sumar\u00e1 un d\u00eda m\u00e1s para consolidarse como el principal punto de encuentro del sector industrial argentino.<\/p>\n<p class=\" eplus-wrapper\">Organizada por el<strong>\u00a0<\/strong>Ministerio de Producci\u00f3n, Ciencia e Innovaci\u00f3n Tecnol\u00f3gica de C\u00f3rdoba, junto con la Asociaci\u00f3n de Parques Industriales Argentinos (APIA)<strong>,\u00a0<\/strong>La Voz<strong>\u00a0<\/strong>y DEYC\u00c9<strong>,\u00a0<\/strong>la exposici\u00f3n contar\u00e1 con entrada libre y gratuita y convocar\u00e1 a empresarios, inversores, referentes industriales, startups y autoridades p\u00fablicas de todo el pa\u00eds.<\/p>\n<p class=\" eplus-wrapper\"><strong>Primer Encuentro Nacional e Internacional de Parques Industriales, Log\u00edsticos y Tecnol\u00f3gicos<\/strong><\/p>\n<p class=\" eplus-wrapper\">Como antesala de la Expo, el<strong>\u00a0<\/strong>26 de agosto<strong>\u00a0<\/strong>se realizar\u00e1 el<strong>\u00a0<\/strong>Primer Encuentro Nacional e Internacional de Parques Industriales, Log\u00edsticos y Tecnol\u00f3gicos, que incluir\u00e1 visitas a los parques PI Polo 52, PI Pol\u00edgono Industrial C\u00f3rdoba y PI de Econom\u00eda Circular<strong>\u00a0<\/strong>con transporte gratuito desde La Voz del Interior, y un encuentro presencial en el<strong>\u00a0<\/strong>Auditorio Carlos Ortiz de La Voz<strong>.\u00a0<\/strong>Durante la tarde se desarrollar\u00e1n talleres, ponencias e intercambios sobre sustentabilidad, econom\u00eda circular, internacionalizaci\u00f3n, financiamiento para infraestructura y startups, nuevas tecnolog\u00edas, y se cerrar\u00e1 con un taller participativo para la elaboraci\u00f3n de un documento conjunto.<\/p>\n<p class=\" eplus-wrapper\"><strong>Un evento para impulsar el desarrollo industrial<\/strong><\/p>\n<p class=\" eplus-wrapper\">La realizaci\u00f3n de esta segunda edici\u00f3n refuerza la pol\u00edtica provincial de promoci\u00f3n y consolidaci\u00f3n de parques industriales<strong>,<\/strong>\u00a0espacios que generan empleo, potencian el entramado productivo y favorecen el desarrollo equilibrado del territorio.<\/p>\n<p class=\" eplus-wrapper\">\nCon 60 parques industriales en funcionamiento y la meta de llegar a<strong>\u00a0<\/strong>100, C\u00f3rdoba sigue apostando por la infraestructura y las condiciones necesarias para que m\u00e1s empresas inviertan, innoven y exporten desde la provincia.<\/p>\n<p class=\" eplus-wrapper\"><strong>Agenda y ejes tem\u00e1ticos<\/strong><\/p>\n<p class=\" eplus-wrapper\">Los ejes centrales de la Expo ser\u00e1n eficiencia energ\u00e9tica, econom\u00eda circular e innovaci\u00f3n<strong>.<\/strong><\/p>\n<p class=\" eplus-wrapper\"><strong>Durante dos jornadas, habr\u00e1:<\/strong><\/p>\n<ul class=\" wp-block-list eplus-wrapper eplus-styles-uid-3d3428\">\n<li class=\" eplus-wrapper\">Rondas de negocios y espacios para startups.<\/li>\n<li class=\" eplus-wrapper\">Paneles con expertos nacionales e internacionales sobre log\u00edstica, financiamiento, ecoparques y sustentabilidad.<\/li>\n<li class=\" eplus-wrapper\">Conversatorios y conferencias magistrales con referentes como Mart\u00edn Redrado y Dami\u00e1n Di Pace.<\/li>\n<li class=\" eplus-wrapper\">Foro de intendentes con la participaci\u00f3n de autoridades de C\u00f3rdoba, San Francisco, Villa Mar\u00eda, Malague\u00f1o, Alvear (Santa Fe) y referentes del sector productivo.<\/li>\n<\/ul>\n<p class=\" eplus-wrapper\">Entre las actividades destacadas, el 27 de agosto se realizar\u00e1 la apertura oficial con el ministro Pedro Dellarossa, el presidente de Apia Rodolfo Games y autoridades provinciales, y el acto inaugural contar\u00e1 con la presencia del gobernador Mart\u00edn Llaryora. Adem\u00e1s, habr\u00e1 disertaciones sobre sustentabilidad, energ\u00edas renovables, nuevas tecnolog\u00edas y econom\u00eda circular, y una conferencia del economista Mart\u00edn Redrado sobre los desaf\u00edos econ\u00f3micos del pa\u00eds.<\/p>\n<p class=\" eplus-wrapper\">El 28 de agosto, la jornada incluir\u00e1 un foro de intendentes, charlas sobre modelos urban\u00edsticos sostenibles, integraci\u00f3n productiva, log\u00edstica inteligente, financiamiento para empresas, startups tecnol\u00f3gicas y el cierre a cargo del ministro Pedro Dellarossa.<\/p>\n<p class=\" eplus-wrapper\"><strong>Inscripciones<\/strong><\/p>\n<p class=\" eplus-wrapper\">La participaci\u00f3n es libre y gratuita, con inscripci\u00f3n previa a trav\u00e9s del siguiente formulario:\u00a0<a href=\"https:\/\/docs.google.com\/forms\/d\/e\/1FAIpQLSfKcJwpOBdYI4D_1ozvTnoyOsUiRVec8mgFSQKSIW9kzvZmCg\/viewform\">https:\/\/docs.google.com\/forms\/d\/e\/1FAIpQLSfKcJwpOBdYI4D_1ozvTnoyOsUiRVec8mgFSQKSIW9kzvZmCg\/viewform<\/a><\/p>\n","protected":false},"excerpt":{"rendered":"<p>El evento m\u00e1s importante del sector en el pa\u00eds se llevar\u00e1 a cabo \u00a0el 27 y 28 de agosto en el Centro de Convenciones C\u00f3rdoba. El eje ser\u00e1 la eficiencia energ\u00e9tica, econom\u00eda circular e innovaci\u00f3n. Previo a la exposici\u00f3n, se realizar\u00e1 el Primer Encuentro Nacional e Internacional de Parques Industriales, Log\u00edsticos y Tecnol\u00f3gicos, con visitas &hellip;<\/p>\n","protected":false},"author":1,"featured_media":7494,"comment_status":"open","ping_status":"open","sticky":false,"template":"","format":"standard","meta":{"footnotes":""},"categories":[48],"tags":[],"class_list":["post-7493","post","type-post","status-publish","format-standard","has-post-thumbnail","hentry","category-info-general"],"_links":{"self":[{"href":"https:\/\/radiobeat97.com.ar\/beat\/wp-json\/wp\/v2\/posts\/7493","targetHints":{"allow":["GET"]}}],"collection":[{"href":"https:\/\/radiobeat97.com.ar\/beat\/wp-json\/wp\/v2\/posts"}],"about":[{"href":"https:\/\/radiobeat97.com.ar\/beat\/wp-json\/wp\/v2\/types\/post"}],"author":[{"embeddable":true,"href":"https:\/\/radiobeat97.com.ar\/beat\/wp-json\/wp\/v2\/users\/1"}],"replies":[{"embeddable":true,"href":"https:\/\/radiobeat97.com.ar\/beat\/wp-json\/wp\/v2\/comments?post=7493"}],"version-history":[{"count":1,"href":"https:\/\/radiobeat97.com.ar\/beat\/wp-json\/wp\/v2\/posts\/7493\/revisions"}],"predecessor-version":[{"id":7495,"href":"https:\/\/radiobeat97.com.ar\/beat\/wp-json\/wp\/v2\/posts\/7493\/revisions\/7495"}],"wp:featuredmedia":[{"embeddable":true,"href":"https:\/\/radiobeat97.com.ar\/beat\/wp-json\/wp\/v2\/media\/7494"}],"wp:attachment":[{"href":"https:\/\/radiobeat97.com.ar\/beat\/wp-json\/wp\/v2\/media?parent=7493"}],"wp:term":[{"taxonomy":"category","embeddable":true,"href":"https:\/\/radiobeat97.com.ar\/beat\/wp-json\/wp\/v2\/categories?post=7493"},{"taxonomy":"post_tag","embeddable":true,"href":"https:\/\/radiobeat97.com.ar\/beat\/wp-json\/wp\/v2\/tags?post=7493"}],"curies":[{"name":"wp","href":"https:\/\/api.w.org\/{rel}","templated":true}]}}