{"id":7547,"date":"2025-09-12T08:26:20","date_gmt":"2025-09-12T11:26:20","guid":{"rendered":"https:\/\/radiobeat97.com.ar\/beat\/?p=7547"},"modified":"2025-09-11T08:27:09","modified_gmt":"2025-09-11T11:27:09","slug":"reconocimiento-de-saberes-un-puente-entre-la-secundaria-tecnica-y-el-nivel-superior","status":"publish","type":"post","link":"https:\/\/radiobeat97.com.ar\/beat\/reconocimiento-de-saberes-un-puente-entre-la-secundaria-tecnica-y-el-nivel-superior\/","title":{"rendered":"Reconocimiento de saberes: un puente entre la secundaria t\u00e9cnica y el nivel superior"},"content":{"rendered":"<ul class=\" wp-block-list eplus-wrapper eplus-styles-uid-4c3046\">\n<li class=\" eplus-wrapper\"><strong>La Provincia aprob\u00f3 un programa innovador que homologar\u00e1 espacios curriculares de las escuelas t\u00e9cnicas en las tecnicaturas superiores.\u00a0<\/strong><\/li>\n<li class=\" eplus-wrapper\"><strong>El objetivo es valorar integralmente las trayectorias de los estudiantes y facilitar la continuidad de sus estudios.<\/strong><\/li>\n<\/ul>\n<p class=\" eplus-wrapper\">El Ministerio de Educaci\u00f3n, a trav\u00e9s de la Direcci\u00f3n General de Educaci\u00f3n T\u00e9cnica y Formaci\u00f3n Profesional y Direcci\u00f3n General de Institutos Privados de Ense\u00f1anza, aprob\u00f3 el Programa de Articulaci\u00f3n Operativa entre la Educaci\u00f3n Secundaria T\u00e9cnica y las Tecnicaturas de Nivel Superior estatales y privadas, a trav\u00e9s de la Resoluci\u00f3n Ministerial 371\/2024 y ampliatoria.<\/p>\n<p class=\" eplus-wrapper\">Esta nueva pol\u00edtica acad\u00e9mica permitir\u00e1 que espacios curriculares aprobados en la secundaria t\u00e9cnica sean homologados en las carreras superiores que ofrecen los Institutos Superiores de gesti\u00f3n estatal y privada, beneficiando a j\u00f3venes egresados de las 19 especialidades. Un sistema similar de reconocimiento para los egresados t\u00e9cnicos de secundaria est\u00e1 vigente en la Universidad Provincial de C\u00f3rdoba.<\/p>\n<p class=\" eplus-wrapper\">Este sistema, denominado Reconocimiento de Saberes, parte de la valoraci\u00f3n integral de los conocimientos, destrezas y competencias adquiridas en la trayectoria acad\u00e9mica de cada persona. De este modo, se reconoce a las y los estudiantes como protagonistas de un recorrido formativo, para potenciar sus proyecciones futuras.<\/p>\n<p class=\" eplus-wrapper\">La homologaci\u00f3n de contenidos entre ambos niveles permitir\u00e1 evitar repeticiones, optimizar el tiempo y los recursos de estudio, lo que favorece la profundizaci\u00f3n de contenidos y la formaci\u00f3n especializada.<\/p>\n<p class=\" eplus-wrapper\">Adem\u00e1s, el programa busca promover la continuidad de los estudios superiores para los egresados de escuelas t\u00e9cnicas, generando m\u00e1s y mejores oportunidades educativas. Para ello, el equipo t\u00e9cnico de la Direcci\u00f3n General de Educaci\u00f3n T\u00e9cnica elabor\u00f3 un esquema de equivalencias que indica qu\u00e9 espacios curriculares de cada especialidad ser\u00e1n reconocidos en las tecnicaturas superiores, siempre respetando el perfil de egreso de cada carrera.<\/p>\n<p class=\" eplus-wrapper\"><em><strong>Acced\u00e9 al cuadro interactivo donde encontrar\u00e1s el detalle de equivalencias. Hac\u00e9 clic en la especialidad t\u00e9cnica cursada para conocer en qu\u00e9 tecnicaturas y materias se otorga reconocimiento:<\/strong><\/em><a href=\"https:\/\/view.genially.com\/68adf995f04dda1becd6e55a\/interactive-content-especialidades?utm_source=chatgpt.com\"><strong><em>\u00a0<\/em><\/strong><\/a><\/p>\n<div>\n<div><iframe title=\"ESPECIALIDADES\" src=\"https:\/\/view.genially.com\/68adf995f04dda1becd6e55a\" width=\"1200\" height=\"675\" frameborder=\"0\" scrolling=\"yes\" allowfullscreen=\"allowfullscreen\" data-mce-fragment=\"1\"><\/iframe><\/div>\n<\/div>\n<p class=\" eplus-wrapper\"><em>\u201cCon el Reconocimiento de Saberes seguimos construyendo una C\u00f3rdoba m\u00e1s inclusiva e innovadora. Esta pol\u00edtica educativa reconoce el esfuerzo y la trayectoria de nuestras y nuestros estudiantes, y abre un puente concreto entre la secundaria t\u00e9cnica y el nivel superior. Es una manera de garantizar m\u00e1s oportunidades, optimizar los tiempos de formaci\u00f3n y acompa\u00f1ar a los j\u00f3venes en la construcci\u00f3n de su futuro\u201d<\/em>, remarc\u00f3 el ministro de Educaci\u00f3n, Horacio Ferreyra.<\/p>\n<figure class=\" wp-block-audio eplus-wrapper\"><audio src=\"https:\/\/prensa.cba.gov.ar\/wp-content\/uploads\/2025\/09\/Ministro-de-Educacion-Horacio-Ferreyra.mp3\" controls=\"controls\" data-mce-fragment=\"1\"><\/audio><figcaption class=\"wp-element-caption\"><strong><em>Audio:<\/em><\/strong>\u00a0ministro de Educaci\u00f3n, Horacio Ferreyra<\/figcaption><\/figure>\n<p class=\" eplus-wrapper\">\n<p class=\" eplus-wrapper\"><em>\u201cEste es un verdadero cambio de paradigma que implica una contribuci\u00f3n sustancial a la pol\u00edtica educativa, volviendo el sistema superior m\u00e1s inclusivo, flexible y eficiente\u201d<\/em>, destac\u00f3 el director de Educaci\u00f3n T\u00e9cnica y Formaci\u00f3n Profesional Diego Suarez.<\/p>\n<p class=\" eplus-wrapper\"><strong>Resoluci\u00f3n Ministerial 371\/2024<\/strong><\/p>\n<div class=\" wp-block-file eplus-wrapper\" data-wp-interactive=\"core\/file\"><object class=\"wp-block-file__embed\" data=\"https:\/\/prensa.cba.gov.ar\/wp-content\/uploads\/2025\/09\/RESM371-2024-2.pdf\" type=\"application\/pdf\" width=\"300\" height=\"150\" data-wp-bind--hidden=\"!state.hasPdfPreview\" aria-label=\"Incrustado de RES(M)371-2024 (2).\" data-mce-fragment=\"1\"><\/object><a id=\"wp-block-file--media-48665530-af83-42aa-bdda-7258c816ec77\" href=\"https:\/\/prensa.cba.gov.ar\/wp-content\/uploads\/2025\/09\/RESM371-2024-2.pdf\">RES(M)371-2024 (2)<\/a><a class=\"wp-block-file__button wp-element-button\" href=\"https:\/\/prensa.cba.gov.ar\/wp-content\/uploads\/2025\/09\/RESM371-2024-2.pdf\" download=\"\" aria-describedby=\"wp-block-file--media-48665530-af83-42aa-bdda-7258c816ec77\">Descarga<\/a><\/div>\n<p class=\" eplus-wrapper\">\n<p class=\" eplus-wrapper\"><strong>Ampliatoria<\/strong><\/p>\n<div class=\" wp-block-file eplus-wrapper\" data-wp-interactive=\"core\/file\"><object class=\"wp-block-file__embed\" data=\"https:\/\/prensa.cba.gov.ar\/wp-content\/uploads\/2025\/09\/RES.-MINISTERIAL-218-2025-1-1.pdf\" type=\"application\/pdf\" width=\"300\" height=\"150\" data-wp-bind--hidden=\"!state.hasPdfPreview\" aria-label=\"Incrustado de RES. MINISTERIAL 218-2025 (1) (1).\" data-mce-fragment=\"1\"><\/object><a id=\"wp-block-file--media-35874ec4-6621-4988-a96f-85f0a66a10e8\" href=\"https:\/\/prensa.cba.gov.ar\/wp-content\/uploads\/2025\/09\/RES.-MINISTERIAL-218-2025-1-1.pdf\">RES. MINISTERIAL 218-2025 (1) (1)<\/a><a class=\"wp-block-file__button wp-element-button\" href=\"https:\/\/prensa.cba.gov.ar\/wp-content\/uploads\/2025\/09\/RES.-MINISTERIAL-218-2025-1-1.pdf\" download=\"\" aria-describedby=\"wp-block-file--media-35874ec4-6621-4988-a96f-85f0a66a10e8\">Descarga<\/a><\/div>\n","protected":false},"excerpt":{"rendered":"<p>La Provincia aprob\u00f3 un programa innovador que homologar\u00e1 espacios curriculares de las escuelas t\u00e9cnicas en las tecnicaturas superiores.\u00a0 El objetivo es valorar integralmente las trayectorias de los estudiantes y facilitar la continuidad de sus estudios. El Ministerio de Educaci\u00f3n, a trav\u00e9s de la Direcci\u00f3n General de Educaci\u00f3n T\u00e9cnica y Formaci\u00f3n Profesional y Direcci\u00f3n General de &hellip;<\/p>\n","protected":false},"author":1,"featured_media":7548,"comment_status":"open","ping_status":"open","sticky":false,"template":"","format":"standard","meta":{"footnotes":""},"categories":[48],"tags":[],"class_list":["post-7547","post","type-post","status-publish","format-standard","has-post-thumbnail","hentry","category-info-general"],"_links":{"self":[{"href":"https:\/\/radiobeat97.com.ar\/beat\/wp-json\/wp\/v2\/posts\/7547","targetHints":{"allow":["GET"]}}],"collection":[{"href":"https:\/\/radiobeat97.com.ar\/beat\/wp-json\/wp\/v2\/posts"}],"about":[{"href":"https:\/\/radiobeat97.com.ar\/beat\/wp-json\/wp\/v2\/types\/post"}],"author":[{"embeddable":true,"href":"https:\/\/radiobeat97.com.ar\/beat\/wp-json\/wp\/v2\/users\/1"}],"replies":[{"embeddable":true,"href":"https:\/\/radiobeat97.com.ar\/beat\/wp-json\/wp\/v2\/comments?post=7547"}],"version-history":[{"count":1,"href":"https:\/\/radiobeat97.com.ar\/beat\/wp-json\/wp\/v2\/posts\/7547\/revisions"}],"predecessor-version":[{"id":7549,"href":"https:\/\/radiobeat97.com.ar\/beat\/wp-json\/wp\/v2\/posts\/7547\/revisions\/7549"}],"wp:featuredmedia":[{"embeddable":true,"href":"https:\/\/radiobeat97.com.ar\/beat\/wp-json\/wp\/v2\/media\/7548"}],"wp:attachment":[{"href":"https:\/\/radiobeat97.com.ar\/beat\/wp-json\/wp\/v2\/media?parent=7547"}],"wp:term":[{"taxonomy":"category","embeddable":true,"href":"https:\/\/radiobeat97.com.ar\/beat\/wp-json\/wp\/v2\/categories?post=7547"},{"taxonomy":"post_tag","embeddable":true,"href":"https:\/\/radiobeat97.com.ar\/beat\/wp-json\/wp\/v2\/tags?post=7547"}],"curies":[{"name":"wp","href":"https:\/\/api.w.org\/{rel}","templated":true}]}}