{"id":7557,"date":"2025-09-16T08:27:02","date_gmt":"2025-09-16T11:27:02","guid":{"rendered":"https:\/\/radiobeat97.com.ar\/beat\/?p=7557"},"modified":"2025-09-15T08:27:49","modified_gmt":"2025-09-15T11:27:49","slug":"vuelve-el-tenis-a-villa-maria-con-un-nuevo-challenger","status":"publish","type":"post","link":"https:\/\/radiobeat97.com.ar\/beat\/vuelve-el-tenis-a-villa-maria-con-un-nuevo-challenger\/","title":{"rendered":"Vuelve el tenis a Villa Mar\u00eda con un nuevo Challenger"},"content":{"rendered":"<ul class=\" wp-block-list eplus-wrapper eplus-styles-uid-d6d581\">\n<li class=\" eplus-wrapper\"><strong>El Sport Social Club ser\u00e1 sede del certamen internacional entre el 14 y el 21 de septiembre.<\/strong><\/li>\n<li class=\" eplus-wrapper\"><strong>Nueve argentinos ya confirmaron su participaci\u00f3n, con presencia destacada de talentos locales.<\/strong><\/li>\n<li class=\" eplus-wrapper\"><strong>La semifinal y la final ser\u00e1 transmitido por TyC Sports<\/strong><\/li>\n<\/ul>\n<p class=\" eplus-wrapper\">El Sport Social Club volver\u00e1 a recibir al AAT Challenger Santander edici\u00f3n Villa Mar\u00eda, del 14 al 21 de septiembre, y se convertir\u00e1 en la quinta fecha de este circuito en el pa\u00eds en una nueva temporada r\u00e9cord, con siete competencias a lo largo de 2025. El torneo ser\u00e1 de categor\u00eda 75 y ya tiene 12 tenistas locales confirmados, a falta del desarrollo de la etapa de clasificaci\u00f3n. De esta forma, la Provincia reafirma su condici\u00f3n de anfitriona como Sede de Grandes Eventos.<\/p>\n<p class=\" eplus-wrapper\">Tras las ediciones del circuito en Tigre, Rosario, C\u00f3rdoba, Tucum\u00e1n y Santa Fe, esta vez ser\u00e1 Villa Mar\u00eda la que reciba a los mejores jugadores del circuito Challenger (la \u00faltima fecha del a\u00f1o se llevar\u00e1 a cabo la semana siguiente, con el tradicional Buenos Aires Challenger) y marque el inicio de una larga gira por Sudam\u00e9rica hasta el final de la temporada.<\/p>\n<p class=\" eplus-wrapper\">En la misma sede en la que Camilo Ugo Carabelli (hoy top 50 del ranking ATP) alz\u00f3 el trofeo en 2024 y Nicol\u00e1s Kicker en 2022, se desarrollar\u00e1 el certamen que tendr\u00e1 fuerte presencia local en busca del t\u00edtulo. La lista inicial de jugadores, compuesta por 24 jugadores, muestra a 12 argentinos: Federico G\u00f3mez, Alex Barrena, Andrea Collarini, Genaro Olivieri, Lautaro Mid\u00f3n, Nicol\u00e1s Kicker, Gonzalo Villanueva y Guido Justo, Luciano Ambrogi, Juan Manuel La Serna, Fernando Cavallo y Bautista Torres.<\/p>\n<p class=\" eplus-wrapper\">A ellos habr\u00e1 que sumarles los que puedan avanzar desde la etapa de clasificaci\u00f3n, que pondr\u00e1 en juego seis lugares en el cuadro principal. En caso de que los dos lugares restantes no sean tomados por Special Exempts, los mismos ser\u00e1n ocupados por jugadores alternos. Los cuatro primeros nombres de esa lista son argentinos:\u00a0 Mariano Kestelboim, Lorenzo Rodr\u00edguez, Facundo Bagnis y Valerio Aboian.<\/p>\n<p class=\" eplus-wrapper\"><strong>Cronograma<\/strong><\/p>\n<p class=\" eplus-wrapper\">El challenger Villa Mar\u00eda comenzar\u00e1 el domingo 14 con la clasificaci\u00f3n, que se termina de definir el lunes 15. Ese mismo d\u00eda por la tarde comenzar\u00e1 a disputarse el cuadro principal, que tendr\u00e1 su definici\u00f3n el domingo 21. Todos los d\u00edas comenzar\u00e1 la acci\u00f3n a las 10:00 hs (fin de semana sujeto a modificaci\u00f3n). La televisaci\u00f3n ser\u00e1 por TyC Sports tanto las semifinales como final de singles, mientras que TyC Sports Play transmitir\u00e1 un partido a diario desde la cancha central.<\/p>\n<p class=\" eplus-wrapper\"><strong>Venta de entradas\u00a0\u00a0<\/strong><\/p>\n<p class=\" eplus-wrapper\">Del domingo 14 al mi\u00e9rcoles 17 la entrada ser\u00e1 libre y gratuita, mientras que a partir del jueves 18 ser\u00e1 con venta de entradas. Se consiguen v\u00eda online en\u00a0<a href=\"http:\/\/autoentrada.com\/\">autoentrada.com<\/a>\u00a0o a partir del jueves en la boleter\u00eda del club.<\/p>\n<p class=\" eplus-wrapper\">Estas competencias significan un gran impulso para los tenistas nacionales, dado que podr\u00e1n competir en la regi\u00f3n y a bajo costo durante un largo per\u00edodo: tras los dos mencionados torneos en Argentina, la acci\u00f3n continuar\u00e1 por Antofagasta (Chile), Cali (Colombia), Curitiba (Brasil), Costa do Sauipe (Brasil), Guayaquil (Ecuador), Lima (Per\u00fa), Montevideo (Uruguay), Florian\u00f3polis (Brasil), todos ellos de categor\u00eda 75 (excepto el 125 de Costa do Sauipe) y en polvo de ladrillo. La temporada cerrar\u00e1 con el Challenger 100 de Temuco en canchas r\u00e1pidas.<\/p>\n<p class=\" eplus-wrapper\">Lista de jugadores<\/p>\n<p class=\" eplus-wrapper\">Nombre | Nacionalidad | Ranking<\/p>\n<p class=\" eplus-wrapper\">Cuadro principal<\/p>\n<p class=\" eplus-wrapper\">Emilio Nava (USA) \u2013 101<\/p>\n<p class=\" eplus-wrapper\">Hugo Dellien (BOL) \u2013 121<\/p>\n<p class=\" eplus-wrapper\">Francesco Maestrelli (ITA) \u2013 155<\/p>\n<p class=\" eplus-wrapper\">Federico Agust\u00edn G\u00f3mez (ARG) \u2013 203<\/p>\n<p class=\" eplus-wrapper\">Gonzalo Bueno (PER) \u2013 205<\/p>\n<p class=\" eplus-wrapper\">Alex Barrena (ARG) \u2013 228<\/p>\n<p class=\" eplus-wrapper\">Jo\u00e3o Lucas Reis Da Silva (BRA) \u2013 229<\/p>\n<p class=\" eplus-wrapper\">Andrea Collarini (ARG) \u2013 239<\/p>\n<p class=\" eplus-wrapper\">Juan Carlos Prado Angelo (BOL) \u2013 250<\/p>\n<p class=\" eplus-wrapper\">Genaro Alberto Olivieri (ARG) \u2013 259<\/p>\n<p class=\" eplus-wrapper\">Lautaro Mid\u00f3n (ARG) \u2013 264<\/p>\n<p class=\" eplus-wrapper\">Murkel Dellien (BOL) \u2013\u00a0 269<\/p>\n<p class=\" eplus-wrapper\">Mat\u00edas Soto (CHI) \u2013\u00a0 272<\/p>\n<p class=\" eplus-wrapper\">Nicol\u00e1s Kicker (ARG) \u2013 303<\/p>\n<p class=\" eplus-wrapper\">Juan Pablo Varillas (PER) \u2013 318<\/p>\n<p class=\" eplus-wrapper\">Pedro Boscardin Dias (BRA) \u2013 333<\/p>\n<p class=\" eplus-wrapper\">Daniel Dutra da Silva (BRA) \u2013\u00a0 334<\/p>\n<p class=\" eplus-wrapper\">Maximus Jones (THA) \u2013\u00a0 367<\/p>\n<p class=\" eplus-wrapper\">Gonzalo Villanueva (ARG) \u2013 373<\/p>\n<p class=\" eplus-wrapper\">Guido Iv\u00e1n Justo (ARG) \u2013 383<\/p>\n<p class=\" eplus-wrapper\">Bautista Torres (ARG) \u2013 397<\/p>\n<p class=\" eplus-wrapper\">Luciano Ambrogu (ARG) \u2013 403<\/p>\n<p class=\" eplus-wrapper\">Juan Manuel La Serna (ARG) \u2013 524<\/p>\n<p class=\" eplus-wrapper\">Fernando Cavallo (ARG) \u2013 936<\/p>\n<p class=\" eplus-wrapper\">Clasificaci\u00f3n<\/p>\n<p class=\" eplus-wrapper\">Mariano Kestelboim (ARG) \u2013 420<\/p>\n<p class=\" eplus-wrapper\">Lorenzo Rodr\u00edguez (ARG) \u2013 451<\/p>\n<p class=\" eplus-wrapper\">Facundo Bagnis (ARG) \u2013 463<\/p>\n<p class=\" eplus-wrapper\">Juan Manuel La Serna (ARG) \u2013 524<\/p>\n<p class=\" eplus-wrapper\">Facundo Ju\u00e1rez (ITA) \u2013 583<\/p>\n<p class=\" eplus-wrapper\">Santiago De la Fuente (ARG) \u2013 680<\/p>\n<p class=\" eplus-wrapper\">Ignacio Monz\u00f3n (ARG) \u2013 746<\/p>\n<p class=\" eplus-wrapper\">Leonardo Aboian (ARG) \u2013 852<\/p>\n<p class=\" eplus-wrapper\">Lautaro Falabella (ARG) \u2013 857<\/p>\n<p class=\" eplus-wrapper\">Lucio Ratti (ARG) \u2013 866<\/p>\n<p class=\" eplus-wrapper\">Thiago Cigarran (ARG) \u2013 884<\/p>\n<p class=\" eplus-wrapper\">Juan Sebasti\u00e1n Osorio (COL) \u2013 894<\/p>\n<p class=\" eplus-wrapper\">Alejo Lingua Lavallen (ARG) \u2013 933<\/p>\n<p class=\" eplus-wrapper\">Maximo Zeitune (ARG) \u2013 952<\/p>\n<p class=\" eplus-wrapper\">Juan Sebasti\u00e1n G\u00f3mez (COL) \u2013 971<\/p>\n<p class=\" eplus-wrapper\">Carlos Mar\u00eda Z\u00e1rate (ARG) \u2013 980<\/p>\n<p class=\" eplus-wrapper\">Ezequiel Monferrer (ARG) \u2013 1043<\/p>\n<p class=\" eplus-wrapper\">Franco Ribero (ARG) \u2013 1047<\/p>\n<p class=\" eplus-wrapper\">Valent\u00edn Basel (ARG) \u2013 1048<\/p>\n<p class=\" eplus-wrapper\">Juli\u00e1n Cundom (ARG) \u2013 1229<\/p>\n<p class=\" eplus-wrapper\">Tadeo Meneo (ARG) \u2013 1480<\/p>\n<p class=\" eplus-wrapper\">Dante Pagani (ARG) \u2013 1509<\/p>\n","protected":false},"excerpt":{"rendered":"<p>El Sport Social Club ser\u00e1 sede del certamen internacional entre el 14 y el 21 de septiembre. Nueve argentinos ya confirmaron su participaci\u00f3n, con presencia destacada de talentos locales. La semifinal y la final ser\u00e1 transmitido por TyC Sports El Sport Social Club volver\u00e1 a recibir al AAT Challenger Santander edici\u00f3n Villa Mar\u00eda, del 14 &hellip;<\/p>\n","protected":false},"author":1,"featured_media":7558,"comment_status":"open","ping_status":"open","sticky":false,"template":"","format":"standard","meta":{"footnotes":""},"categories":[47],"tags":[],"class_list":["post-7557","post","type-post","status-publish","format-standard","has-post-thumbnail","hentry","category-deportes"],"_links":{"self":[{"href":"https:\/\/radiobeat97.com.ar\/beat\/wp-json\/wp\/v2\/posts\/7557","targetHints":{"allow":["GET"]}}],"collection":[{"href":"https:\/\/radiobeat97.com.ar\/beat\/wp-json\/wp\/v2\/posts"}],"about":[{"href":"https:\/\/radiobeat97.com.ar\/beat\/wp-json\/wp\/v2\/types\/post"}],"author":[{"embeddable":true,"href":"https:\/\/radiobeat97.com.ar\/beat\/wp-json\/wp\/v2\/users\/1"}],"replies":[{"embeddable":true,"href":"https:\/\/radiobeat97.com.ar\/beat\/wp-json\/wp\/v2\/comments?post=7557"}],"version-history":[{"count":1,"href":"https:\/\/radiobeat97.com.ar\/beat\/wp-json\/wp\/v2\/posts\/7557\/revisions"}],"predecessor-version":[{"id":7559,"href":"https:\/\/radiobeat97.com.ar\/beat\/wp-json\/wp\/v2\/posts\/7557\/revisions\/7559"}],"wp:featuredmedia":[{"embeddable":true,"href":"https:\/\/radiobeat97.com.ar\/beat\/wp-json\/wp\/v2\/media\/7558"}],"wp:attachment":[{"href":"https:\/\/radiobeat97.com.ar\/beat\/wp-json\/wp\/v2\/media?parent=7557"}],"wp:term":[{"taxonomy":"category","embeddable":true,"href":"https:\/\/radiobeat97.com.ar\/beat\/wp-json\/wp\/v2\/categories?post=7557"},{"taxonomy":"post_tag","embeddable":true,"href":"https:\/\/radiobeat97.com.ar\/beat\/wp-json\/wp\/v2\/tags?post=7557"}],"curies":[{"name":"wp","href":"https:\/\/api.w.org\/{rel}","templated":true}]}}