{"id":7568,"date":"2025-09-23T08:35:46","date_gmt":"2025-09-23T11:35:46","guid":{"rendered":"https:\/\/radiobeat97.com.ar\/beat\/?p=7568"},"modified":"2025-09-22T08:36:31","modified_gmt":"2025-09-22T11:36:31","slug":"cuenta-regresiva-para-el-festival-de-teatro-cordoba-mercosur-mas-de-100-funciones-en-20-localidades","status":"publish","type":"post","link":"https:\/\/radiobeat97.com.ar\/beat\/cuenta-regresiva-para-el-festival-de-teatro-cordoba-mercosur-mas-de-100-funciones-en-20-localidades\/","title":{"rendered":"Cuenta regresiva para el Festival de Teatro C\u00f3rdoba Mercosur: M\u00e1s de 100 funciones en 20 localidades"},"content":{"rendered":"<ul class=\" wp-block-list eplus-wrapper eplus-styles-uid-5d8d1e\">\n<li class=\" eplus-wrapper\"><strong>Se llevar\u00e1 a cabo del 4 al 12 de octubre en toda la provincia.<\/strong><\/li>\n<li class=\" eplus-wrapper\"><strong>La programaci\u00f3n ofrecer\u00e1 producciones internacionales, nacionales y locales.<\/strong><\/li>\n<li class=\" eplus-wrapper\"><strong>El encuentro se consolid\u00f3 como una de las citas esc\u00e9nicas m\u00e1s importantes de Iberoam\u00e9rica.<\/strong><\/li>\n<\/ul>\n<p class=\" eplus-wrapper\">La 15\u00b0 edici\u00f3n del\u00a0<strong>Festival Internacional de Teatro C\u00f3rdoba Mercosur<\/strong>\u00a0ofrecer\u00e1 m\u00e1s de 100 funciones a lo largo y ancho de la provincia, que se realizar\u00e1n en 21 espacios de la ciudad y 20 localidades del interior. La apuesta al teatro local, nacional e internacional busca expandir la actividad esc\u00e9nica a nuevos p\u00fablicos y territorios.<\/p>\n<p class=\" eplus-wrapper\">En esta nueva edici\u00f3n, el Festival vuelve a ser un territorio de encuentro: artistas de Argentina, Latinoam\u00e9rica y Europa traen miradas que atraviesan fronteras y \u00e9pocas.<\/p>\n<p class=\" eplus-wrapper\">El evento naci\u00f3 con el sue\u00f1o de tender puentes entre la escena local y el teatro del mundo. Desde su primera edici\u00f3n, se consolid\u00f3 como uno de los encuentros esc\u00e9nicos m\u00e1s importantes de Iberoam\u00e9rica, un espacio donde conviven lenguajes, generaciones y territorios diversos, siempre con el horizonte puesto en la reflexi\u00f3n, la memoria y la celebraci\u00f3n del hecho teatral.<\/p>\n<p class=\" eplus-wrapper\">La magnitud de la convocatoria tendr\u00e1 un\u00a0<strong>impacto econ\u00f3mico<\/strong>\u00a0para hoteleros, comercios y locales gastron\u00f3micos, ya que generar\u00e1 trabajo y fortalecer\u00e1 las econom\u00edas regionales.<\/p>\n<p class=\" eplus-wrapper\">La programaci\u00f3n se desarrollar\u00e1 del 4 al 12 de octubre, con entradas a 6.000 pesos y promociones 2 por 10 mil pesos. Algunas funciones ser\u00e1n a la gorra.<\/p>\n<h3 class=\" wp-block-heading eplus-wrapper\"><strong>Propuestas nacionales<\/strong><\/h3>\n<p class=\" eplus-wrapper\">Se destacan obras que recuperan memorias colectivas, como\u00a0<strong>\u00abAl Matadero\u00bb<\/strong>\u00a0(Santa Fe), que revisita el cl\u00e1sico de Echeverr\u00eda, o\u00a0<strong>\u00abFlota. Rapsodia santafesina\u00bb<\/strong>\u00a0(Santa Fe), que revive la inundaci\u00f3n de 2003. Adem\u00e1s, se iluminan voces hist\u00f3ricamente silenciadas, como en\u00a0<strong>\u00abLucinda\u00bb<\/strong>\u00a0(R\u00edo Negro), homenaje a una anciana mapuche asesinada; y se indaga en lo \u00edntimo como resistencia en\u00a0<strong>\u00abAnte\u00bb<\/strong>\u00a0(R\u00edo Negro).<\/p>\n<p class=\" eplus-wrapper\">Tambi\u00e9n aparecen propuestas de fuerte potencia pol\u00edtica como\u00a0<strong>\u00abSer\u00e9\u00bb<\/strong>\u00a0(CABA), que revive la memoria del Juicio a las Juntas;\u00a0<strong>\u00abReInA en el Gondo\u00bb<\/strong>\u00a0(Buenos Aires), que habla sobre la vejez travesti-trans; o\u00a0<strong>\u00abTodos los comienzos son falsos\u00bb<\/strong>\u00a0(Buenos Aires), donde el archivo se vuelve cuerpo vivo.<\/p>\n<figure class=\"wp-block-gallery has-nested-images columns-default is-cropped eplus-wrapper wp-block-gallery-1\">\n<figure class=\"wp-block-image size-full eplus-wrapper wp-lightbox-container\" data-wp-context=\"{&quot;imageId&quot;:&quot;68d132dc7eccb&quot;}\" data-wp-interactive=\"core\/image\"><img fetchpriority=\"high\" decoding=\"async\" class=\"wp-image-628399\" src=\"https:\/\/prensa.cba.gov.ar\/wp-content\/uploads\/2025\/09\/Ante.jpg\" sizes=\"(max-width: 993px) 100vw, 993px\" srcset=\"https:\/\/prensa.cba.gov.ar\/wp-content\/uploads\/2025\/09\/Ante.jpg 993w, https:\/\/prensa.cba.gov.ar\/wp-content\/uploads\/2025\/09\/Ante-300x199.jpg 300w, https:\/\/prensa.cba.gov.ar\/wp-content\/uploads\/2025\/09\/Ante-768x510.jpg 768w\" alt=\"\" width=\"993\" height=\"660\" data-wp-class--hide=\"state.isContentHidden\" data-wp-class--show=\"state.isContentVisible\" data-wp-init=\"callbacks.setButtonStyles\" data-wp-on-async--click=\"actions.showLightbox\" data-wp-on-async--load=\"callbacks.setButtonStyles\" data-wp-on-async-window--resize=\"callbacks.setButtonStyles\" data-id=\"628399\" \/><button class=\"lightbox-trigger\" type=\"button\" aria-haspopup=\"dialog\" aria-label=\"Agrandar\" data-wp-init=\"callbacks.initTriggerButton\" data-wp-on-async--click=\"actions.showLightbox\" data-wp-style--right=\"state.imageButtonRight\" data-wp-style--top=\"state.imageButtonTop\"><\/button><\/figure>\n<figure class=\"wp-block-image size-full eplus-wrapper wp-lightbox-container\" data-wp-context=\"{&quot;imageId&quot;:&quot;68d132dc7f0d6&quot;}\" data-wp-interactive=\"core\/image\"><img decoding=\"async\" class=\"wp-image-628397\" src=\"https:\/\/prensa.cba.gov.ar\/wp-content\/uploads\/2025\/09\/El-nino-del-Plomo.jpg\" sizes=\"(max-width: 993px) 100vw, 993px\" srcset=\"https:\/\/prensa.cba.gov.ar\/wp-content\/uploads\/2025\/09\/El-nino-del-Plomo.jpg 993w, https:\/\/prensa.cba.gov.ar\/wp-content\/uploads\/2025\/09\/El-nino-del-Plomo-300x199.jpg 300w, https:\/\/prensa.cba.gov.ar\/wp-content\/uploads\/2025\/09\/El-nino-del-Plomo-768x510.jpg 768w\" alt=\"\" width=\"993\" height=\"660\" data-wp-class--hide=\"state.isContentHidden\" data-wp-class--show=\"state.isContentVisible\" data-wp-init=\"callbacks.setButtonStyles\" data-wp-on-async--click=\"actions.showLightbox\" data-wp-on-async--load=\"callbacks.setButtonStyles\" data-wp-on-async-window--resize=\"callbacks.setButtonStyles\" data-id=\"628397\" \/><button class=\"lightbox-trigger\" type=\"button\" aria-haspopup=\"dialog\" aria-label=\"Agrandar\" data-wp-init=\"callbacks.initTriggerButton\" data-wp-on-async--click=\"actions.showLightbox\" data-wp-style--right=\"state.imageButtonRight\" data-wp-style--top=\"state.imageButtonTop\"><\/button><\/figure>\n<figure class=\"wp-block-image size-full eplus-wrapper wp-lightbox-container\" data-wp-context=\"{&quot;imageId&quot;:&quot;68d132dc7f48b&quot;}\" data-wp-interactive=\"core\/image\"><img decoding=\"async\" class=\"wp-image-628395\" src=\"https:\/\/prensa.cba.gov.ar\/wp-content\/uploads\/2025\/09\/Desde-el-azul.jpg\" sizes=\"(max-width: 993px) 100vw, 993px\" srcset=\"https:\/\/prensa.cba.gov.ar\/wp-content\/uploads\/2025\/09\/Desde-el-azul.jpg 993w, https:\/\/prensa.cba.gov.ar\/wp-content\/uploads\/2025\/09\/Desde-el-azul-300x199.jpg 300w, https:\/\/prensa.cba.gov.ar\/wp-content\/uploads\/2025\/09\/Desde-el-azul-768x510.jpg 768w\" alt=\"\" width=\"993\" height=\"660\" data-wp-class--hide=\"state.isContentHidden\" data-wp-class--show=\"state.isContentVisible\" data-wp-init=\"callbacks.setButtonStyles\" data-wp-on-async--click=\"actions.showLightbox\" data-wp-on-async--load=\"callbacks.setButtonStyles\" data-wp-on-async-window--resize=\"callbacks.setButtonStyles\" data-id=\"628395\" \/><button class=\"lightbox-trigger\" type=\"button\" aria-haspopup=\"dialog\" aria-label=\"Agrandar\" data-wp-init=\"callbacks.initTriggerButton\" data-wp-on-async--click=\"actions.showLightbox\" data-wp-style--right=\"state.imageButtonRight\" data-wp-style--top=\"state.imageButtonTop\"><\/button><\/figure>\n<\/figure>\n<h3 class=\" wp-block-heading eplus-wrapper\"><strong>Plano internacional<\/strong><\/h3>\n<p class=\" eplus-wrapper\">La escena se abre a otros territorios y memorias.\u00a0<strong>\u00abFiltro\u00bb<\/strong>\u00a0(Espa\u00f1a-Uruguay) pone en cuesti\u00f3n la justicia y el asilo pol\u00edtico.\u00a0<strong>\u00abYo duelo\u00bb<\/strong>\u00a0(Chile) enlaza dolor personal y memoria de la dictadura.\u00a0<strong>\u00abAzira\u2019i\u00bb<\/strong>\u00a0(Brasil) rescata la espiritualidad ind\u00edgena.\u00a0<strong>\u00abEspectro\u00bb<\/strong>\u00a0(Colombia) y\u00a0<strong>\u00abTocar un monstruo\u00bb<\/strong>\u00a0(Uruguay) exploran la desaparici\u00f3n y la monstruosidad de la violencia.\u00a0<strong>\u00abWajtacha\u00bb<\/strong>\u00a0(Espa\u00f1a-Bolivia) revive la cosmovisi\u00f3n minera del altiplano.\u00a0<strong>\u00abEl ni\u00f1o del Plomo\u00bb<\/strong>\u00a0(Chile) conecta \u00e9pica y sobrevivencia en la cordillera.\u00a0<strong>\u00abMarat\u00f3n de Nueva York\u00bb<\/strong>\u00a0(Colombia) convierte el esfuerzo f\u00edsico en poes\u00eda.<\/p>\n<p class=\" eplus-wrapper\">A su vez, obras como\u00a0<strong>\u00abDesde el Azul\u00bb<\/strong>\u00a0(Per\u00fa),\u00a0<strong>\u00abPoint\u00bb<\/strong>\u00a0(Catalu\u00f1a) o\u00a0<strong>\u00abMuances\u00bb<\/strong>\u00a0(Francia) despliegan universos po\u00e9ticos donde el cuerpo, la m\u00fasica y la imagen dialogan con lo humano. Otras, como\u00a0<strong>\u00abTejedoras de abismos\u00bb<\/strong>\u00a0(Espa\u00f1a), centrada en el universo po\u00e9tico de Alejandra Pizarnik, y\u00a0<strong>\u00abNot My Monkeys\u00bb<\/strong>\u00a0(Catalu\u00f1a), que presenta una cr\u00edtica feroz al capitalismo y una exploraci\u00f3n del dolor humano desde la poes\u00eda.<\/p>\n<p class=\" eplus-wrapper\">Con todas estas obras, el teatro se erige como un espacio de resistencia, transmisi\u00f3n y di\u00e1logo.<\/p>\n<h3 class=\" wp-block-heading eplus-wrapper\"><strong>Los elencos oficiales tambi\u00e9n dicen presente<\/strong><\/h3>\n<p class=\" eplus-wrapper\">La Comedia Cordobesa estrenar\u00e1 la obra\u00a0<strong>\u00abLa Errante: Una Madre Coraje\u00bb<\/strong>, dirigida por Gianluca Barbadori (Italia). Adem\u00e1s subir\u00e1n a escena las obras\u00a0<strong>\u00abLa vida es sue\u00f1o\u00bb<\/strong>, de Pedro Calder\u00f3n de la Barca con direcci\u00f3n de Fernando Salv\u00e1 Luna (Espa\u00f1a\u2013Argentina);\u00a0<strong>\u00datero bicorne<\/strong>\u00a0y\u00a0<strong>Hotel Open<\/strong>\u00a0de la Comedia Cordobesa.<\/p>\n<p class=\" eplus-wrapper\">La Comedia Infanto Juvenil repondr\u00e1\u00a0<strong>\u00abCr\u00f3nicas Rebeldes: Tragedia \u00e9pica de Juan Bautista Bustos\u00bb<\/strong>.<\/p>\n<h3 class=\" wp-block-heading eplus-wrapper\"><strong>Las cinco obras cordobesas seleccionadas<\/strong><\/h3>\n<p class=\" eplus-wrapper\">Cada una de estas propuestas tendr\u00e1 dos funciones dentro del territorio provincial, acercando al p\u00fablico historias potentes y diversas que reflejan el pulso creativo de nuestra escena.<\/p>\n<ul class=\" wp-block-list eplus-wrapper eplus-styles-uid-4ed486\">\n<li class=\" eplus-wrapper\">\u00abLos monstruos van debajo de la cama\u00bb, de Natalia Buyatti con direcci\u00f3n de Camila Murias.<\/li>\n<li class=\" eplus-wrapper\">\u00abApnea, la boca es una fosa\u00bb, de Eugenia Hadandoniou.<\/li>\n<li class=\" eplus-wrapper\">\u00abDe Frente Mar. O la jugosa valent\u00eda de los cet\u00e1ceos\u00bb, de Lautaro Ruiz con direcci\u00f3n de Franco Catanzaro.<\/li>\n<li class=\" eplus-wrapper\">\u00abBochorno terrible peso de un exceso de sentido\u00bb, de Cirulaxia Teatro \/ Proyecto Lilith con direcci\u00f3n de Elena Cerrada y Ariana Andreoli.<\/li>\n<li class=\" eplus-wrapper\">\u00abCoyote, h\u00e1blame de lo que viste\u00bb, de Sof\u00eda Vitiello con direcci\u00f3n de Cristian Seti\u00e9n.<\/li>\n<\/ul>\n<p class=\" eplus-wrapper\">Adem\u00e1s, C\u00f3rdoba aportar\u00e1 propuestas invitadas, teatro de calle y un ciclo de\u00a0<strong>\u00abHistorias de Mujeres por Mujeres\u00bb<\/strong>.<\/p>\n<h3 class=\" wp-block-heading eplus-wrapper\"><strong>Salas independientes<\/strong><\/h3>\n<p class=\" eplus-wrapper\">El Festival tambi\u00e9n contar\u00e1 con la participaci\u00f3n de las salas de teatro independiente, 10 en la ciudad de C\u00f3rdoba (Sindicato de Maravillas, Mar\u00eda Casta\u00f1a, El Cuenco, La Cochera, Espacio Blick, Merlina Trinchera, Quinto Deva, Cirulaxia, Medida x Medida, La Parisina Casa de Arte) y 18 en localidades de la provincia (Centro Cultural Leonardo Favio, Cine Teatro Enrique Mui\u00f1o, Ca\u00f1ito Cultural, La Colombina, La Nogalera, La Beba teatro, Teatro Alma Encantada, Teatro Espa\u00f1ol, La Panader\u00eda, Pico de Tinta, Refugio Libertad, La Brillante, Titiriseres, Centro Cultural Municipal Pugli\u00e9, Teatro Cervantes, Teatrillo Adolfo Cometo, Cine Teatro Col\u00f3n, Centro Cultural Espacio Abierto).<\/p>\n<h3 class=\" wp-block-heading eplus-wrapper\"><strong>Coproducciones internacionales del Festival<\/strong><\/h3>\n<p class=\" eplus-wrapper\">Este a\u00f1o se presentan proyectos como\u00a0<strong>\u00abBestie\u00bb<\/strong>\u00a0(Italia\u2013Argentina), un viaje po\u00e9tico al coraz\u00f3n de la mafia siciliana,\u00a0<strong>\u00abShe Speaks and Whatever\u00bb<\/strong>\u00a0(Georgia\u2013Argentina), donde la memoria de infancia en contexto de guerra se convierte en archivo vivo para imaginar un pa\u00eds nuevo y\u00a0<strong>\u00abPaisajes m\u00ednimos\u00bb<\/strong>\u00a0(Chile\u2013 Portugal\u2013 Ucrania\u2013 Argentina), programa de residencias art\u00edsticas que cruzan arte y ciencia en una investigaci\u00f3n sobre paisajes urbanos y naturales perif\u00e9ricos atravesados por transformaciones pol\u00edticas, econ\u00f3micas, sociales y ambientales.<\/p>\n<p class=\" eplus-wrapper\">Estas colaboraciones son un ejemplo del rol del\u00a0<strong>Festival Internacional de Teatro C\u00f3rdoba Mercosur<\/strong>\u00a0como generador de di\u00e1logos creativos y art\u00edsticos m\u00e1s all\u00e1 de las fronteras, marcando la vocaci\u00f3n de proyectar el teatro cordob\u00e9s hacia el mundo y de traer el mundo hacia C\u00f3rdoba.<\/p>\n<p class=\" eplus-wrapper\">El Festival no se agota en sus escenarios: propone tambi\u00e9n encuentros con programadores de festivales internacionales. Los asistentes podr\u00e1n ser parte de talleres y conferencias a cargo de artistas nacionales e internacionales referentes de la escena contempor\u00e1nea. Un destacado es la residencia de dramaturgia\u00a0<strong>\u00abFuente C\u00f3rdoba \u2013 Colectivo DxD (DramaturgxsXDramaturgxs)\u00bb<\/strong>\u00a0en la que participar\u00e1n dramaturgos de La Plata \u2013 Catamarca \u2013 San Juan \u2013 Mar del Plata y C\u00f3rdoba en el actual Museo San Alberto, ubicado en el casco hist\u00f3rico de la ciudad, donde los jesuitas instalaron la primera imprenta de Argentina en 1764.<\/p>\n<p class=\" eplus-wrapper\">El 15\u00ba\u00a0<strong>Festival Internacional de Teatro C\u00f3rdoba Mercosur<\/strong>\u00a0celebra as\u00ed la continuidad de un camino: 15 ediciones que confirman al teatro como un arte vivo y necesario, capaz de confrontarnos con nuestras heridas y esperanzas, y de invitarnos a imaginar otros mundos posibles.<\/p>\n<p class=\" eplus-wrapper\">Desde su creaci\u00f3n, el Festival se consolid\u00f3 como uno de los m\u00e1s importantes de Iberoam\u00e9rica, y C\u00f3rdoba, como pionera en festivales de esta envergadura, se instal\u00f3 como referente teatral nacional y latinoamericano.<\/p>\n","protected":false},"excerpt":{"rendered":"<p>Se llevar\u00e1 a cabo del 4 al 12 de octubre en toda la provincia. La programaci\u00f3n ofrecer\u00e1 producciones internacionales, nacionales y locales. El encuentro se consolid\u00f3 como una de las citas esc\u00e9nicas m\u00e1s importantes de Iberoam\u00e9rica. La 15\u00b0 edici\u00f3n del\u00a0Festival Internacional de Teatro C\u00f3rdoba Mercosur\u00a0ofrecer\u00e1 m\u00e1s de 100 funciones a lo largo y ancho de &hellip;<\/p>\n","protected":false},"author":1,"featured_media":7569,"comment_status":"open","ping_status":"open","sticky":false,"template":"","format":"standard","meta":{"footnotes":""},"categories":[50],"tags":[],"class_list":["post-7568","post","type-post","status-publish","format-standard","has-post-thumbnail","hentry","category-entretenimiento"],"_links":{"self":[{"href":"https:\/\/radiobeat97.com.ar\/beat\/wp-json\/wp\/v2\/posts\/7568","targetHints":{"allow":["GET"]}}],"collection":[{"href":"https:\/\/radiobeat97.com.ar\/beat\/wp-json\/wp\/v2\/posts"}],"about":[{"href":"https:\/\/radiobeat97.com.ar\/beat\/wp-json\/wp\/v2\/types\/post"}],"author":[{"embeddable":true,"href":"https:\/\/radiobeat97.com.ar\/beat\/wp-json\/wp\/v2\/users\/1"}],"replies":[{"embeddable":true,"href":"https:\/\/radiobeat97.com.ar\/beat\/wp-json\/wp\/v2\/comments?post=7568"}],"version-history":[{"count":1,"href":"https:\/\/radiobeat97.com.ar\/beat\/wp-json\/wp\/v2\/posts\/7568\/revisions"}],"predecessor-version":[{"id":7570,"href":"https:\/\/radiobeat97.com.ar\/beat\/wp-json\/wp\/v2\/posts\/7568\/revisions\/7570"}],"wp:featuredmedia":[{"embeddable":true,"href":"https:\/\/radiobeat97.com.ar\/beat\/wp-json\/wp\/v2\/media\/7569"}],"wp:attachment":[{"href":"https:\/\/radiobeat97.com.ar\/beat\/wp-json\/wp\/v2\/media?parent=7568"}],"wp:term":[{"taxonomy":"category","embeddable":true,"href":"https:\/\/radiobeat97.com.ar\/beat\/wp-json\/wp\/v2\/categories?post=7568"},{"taxonomy":"post_tag","embeddable":true,"href":"https:\/\/radiobeat97.com.ar\/beat\/wp-json\/wp\/v2\/tags?post=7568"}],"curies":[{"name":"wp","href":"https:\/\/api.w.org\/{rel}","templated":true}]}}