{"id":7587,"date":"2025-09-29T08:25:09","date_gmt":"2025-09-29T11:25:09","guid":{"rendered":"https:\/\/radiobeat97.com.ar\/beat\/?p=7587"},"modified":"2025-09-29T08:25:09","modified_gmt":"2025-09-29T11:25:09","slug":"con-gran-participacion-y-espiritu-deportivo-finalizaron-los-juegos-universitarios-cordobeses-2025","status":"publish","type":"post","link":"https:\/\/radiobeat97.com.ar\/beat\/con-gran-participacion-y-espiritu-deportivo-finalizaron-los-juegos-universitarios-cordobeses-2025\/","title":{"rendered":"Con gran participaci\u00f3n y esp\u00edritu deportivo, finalizaron los Juegos Universitarios Cordobeses 2025"},"content":{"rendered":"<article id=\"post-628888\" class=\"post-628888 post type-post status-publish format-standard has-post-thumbnail hentry category-informacion-general category-no-home ast-article-single\">\n<div class=\"ast-post-format- single-layout-1\">\n<div class=\"entry-content clear\">\n<ul class=\" wp-block-list eplus-wrapper eplus-styles-uid-73ff05\">\n<li class=\" eplus-wrapper\"><strong>Durante cinco jornadas, m\u00e1s de 5.000 estudiantes de todo el pa\u00eds participaron en 13 disciplinas deportivas.<br \/>\n<\/strong>\u2060<\/li>\n<li class=\" eplus-wrapper\"><strong>Participaron 55 instituciones de ocho provincias en esta novena edici\u00f3n, con propuestas inclusivas y de integraci\u00f3n.<\/strong><\/li>\n<\/ul>\n<p class=\" eplus-wrapper\">Concluy\u00f3 la IX edici\u00f3n de los Juegos Universitarios Cordobeses y Federales, la competencia que durante cinco d\u00edas reuni\u00f3 en C\u00f3rdoba a m\u00e1s de cinco mil estudiantes provenientes de instituciones de educaci\u00f3n superior de todo el pa\u00eds.<\/p>\n<p class=\" eplus-wrapper\">Organizados por la Universidad Provincial de C\u00f3rdoba, la Agencia C\u00f3rdoba Deportes y la Federaci\u00f3n del Deporte Universitario Argentino (FeDUA), los JUC 2025 contaron con la participaci\u00f3n de 55 instituciones educativas de Buenos Aires, Entre R\u00edos, Santa Fe, Formosa, Mendoza, Neuqu\u00e9n, R\u00edo Negro y C\u00f3rdoba, anfitriona de este evento que a\u00f1o tras a\u00f1o se consolida como el m\u00e1s importante del deporte universitario argentino.<\/p>\n<p class=\" eplus-wrapper\">Las competencias se llevaron a cabo en el Polo Deportivo Kempes y en la Facultad de Educaci\u00f3n F\u00edsica IPEF-UPC, con un amplio cronograma de disciplinas: atletismo, b\u00e1squet, f\u00fatbol, futsal, handball, hockey, nataci\u00f3n, rugby 7, tenis, tenis de mesa, softbol, softbol mixto y v\u00f3ley.<\/p>\n<figure class=\"wp-block-gallery has-nested-images columns-default is-cropped eplus-wrapper wp-block-gallery-1\">\n<figure class=\"wp-block-image size-large eplus-wrapper\"><img fetchpriority=\"high\" decoding=\"async\" class=\"wp-image-628891\" src=\"https:\/\/prensa.cba.gov.ar\/wp-content\/uploads\/2025\/09\/JUC-Cierre-gob-4.jpg\" sizes=\"(max-width: 993px) 100vw, 993px\" srcset=\"https:\/\/prensa.cba.gov.ar\/wp-content\/uploads\/2025\/09\/JUC-Cierre-gob-4.jpg 993w, https:\/\/prensa.cba.gov.ar\/wp-content\/uploads\/2025\/09\/JUC-Cierre-gob-4-300x200.jpg 300w, https:\/\/prensa.cba.gov.ar\/wp-content\/uploads\/2025\/09\/JUC-Cierre-gob-4-768x512.jpg 768w\" alt=\"\" width=\"993\" height=\"662\" data-id=\"628891\" \/><\/figure>\n<figure class=\"wp-block-image size-large eplus-wrapper\"><img decoding=\"async\" class=\"wp-image-628890\" src=\"https:\/\/prensa.cba.gov.ar\/wp-content\/uploads\/2025\/09\/JUC-Cierre-gob.jpg\" sizes=\"(max-width: 993px) 100vw, 993px\" srcset=\"https:\/\/prensa.cba.gov.ar\/wp-content\/uploads\/2025\/09\/JUC-Cierre-gob.jpg 993w, https:\/\/prensa.cba.gov.ar\/wp-content\/uploads\/2025\/09\/JUC-Cierre-gob-300x199.jpg 300w, https:\/\/prensa.cba.gov.ar\/wp-content\/uploads\/2025\/09\/JUC-Cierre-gob-768x510.jpg 768w\" alt=\"\" width=\"993\" height=\"660\" data-id=\"628890\" \/><\/figure>\n<\/figure>\n<p class=\" eplus-wrapper\">Adem\u00e1s, por segundo a\u00f1o consecutivo, se incluyeron competencias adaptadas para deportistas con discapacidad, reafirmando el compromiso con la inclusi\u00f3n.<\/p>\n<p class=\" eplus-wrapper\">Durante esta semana, el deporte fue la herramienta para el encuentro, el respeto y la integraci\u00f3n, generando espacios de convivencia entre estudiantes de distintos puntos del pa\u00eds, con valores como el juego limpio, la solidaridad y el esfuerzo compartido.<\/p>\n<p class=\" eplus-wrapper\">La realizaci\u00f3n de estos Juegos fue posible gracias al trabajo articulado entre organismos del Estado provincial, universidades, federaciones deportivas y equipos t\u00e9cnicos y log\u00edsticos que garantizaron el desarrollo de cada jornada.<\/p>\n<p class=\" eplus-wrapper\">M\u00e1s all\u00e1 de los resultados deportivos, la experiencia universitaria vivida en C\u00f3rdoba refuerza la idea del deporte como complemento en la formaci\u00f3n integral de miles de estudiantes, al tiempo que potencia el turismo, la actividad hotelera y la econom\u00eda local.<\/p>\n<p class=\" eplus-wrapper\">\n<\/div>\n<\/div>\n<\/article>\n","protected":false},"excerpt":{"rendered":"<p>Durante cinco jornadas, m\u00e1s de 5.000 estudiantes de todo el pa\u00eds participaron en 13 disciplinas deportivas. \u2060 Participaron 55 instituciones de ocho provincias en esta novena edici\u00f3n, con propuestas inclusivas y de integraci\u00f3n. Concluy\u00f3 la IX edici\u00f3n de los Juegos Universitarios Cordobeses y Federales, la competencia que durante cinco d\u00edas reuni\u00f3 en C\u00f3rdoba a m\u00e1s &hellip;<\/p>\n","protected":false},"author":1,"featured_media":7582,"comment_status":"open","ping_status":"open","sticky":false,"template":"","format":"standard","meta":{"footnotes":""},"categories":[47],"tags":[],"class_list":["post-7587","post","type-post","status-publish","format-standard","has-post-thumbnail","hentry","category-deportes"],"_links":{"self":[{"href":"https:\/\/radiobeat97.com.ar\/beat\/wp-json\/wp\/v2\/posts\/7587","targetHints":{"allow":["GET"]}}],"collection":[{"href":"https:\/\/radiobeat97.com.ar\/beat\/wp-json\/wp\/v2\/posts"}],"about":[{"href":"https:\/\/radiobeat97.com.ar\/beat\/wp-json\/wp\/v2\/types\/post"}],"author":[{"embeddable":true,"href":"https:\/\/radiobeat97.com.ar\/beat\/wp-json\/wp\/v2\/users\/1"}],"replies":[{"embeddable":true,"href":"https:\/\/radiobeat97.com.ar\/beat\/wp-json\/wp\/v2\/comments?post=7587"}],"version-history":[{"count":1,"href":"https:\/\/radiobeat97.com.ar\/beat\/wp-json\/wp\/v2\/posts\/7587\/revisions"}],"predecessor-version":[{"id":7588,"href":"https:\/\/radiobeat97.com.ar\/beat\/wp-json\/wp\/v2\/posts\/7587\/revisions\/7588"}],"wp:featuredmedia":[{"embeddable":true,"href":"https:\/\/radiobeat97.com.ar\/beat\/wp-json\/wp\/v2\/media\/7582"}],"wp:attachment":[{"href":"https:\/\/radiobeat97.com.ar\/beat\/wp-json\/wp\/v2\/media?parent=7587"}],"wp:term":[{"taxonomy":"category","embeddable":true,"href":"https:\/\/radiobeat97.com.ar\/beat\/wp-json\/wp\/v2\/categories?post=7587"},{"taxonomy":"post_tag","embeddable":true,"href":"https:\/\/radiobeat97.com.ar\/beat\/wp-json\/wp\/v2\/tags?post=7587"}],"curies":[{"name":"wp","href":"https:\/\/api.w.org\/{rel}","templated":true}]}}