{"id":7591,"date":"2025-09-30T08:26:56","date_gmt":"2025-09-30T11:26:56","guid":{"rendered":"https:\/\/radiobeat97.com.ar\/beat\/?p=7591"},"modified":"2025-09-29T08:27:44","modified_gmt":"2025-09-29T11:27:44","slug":"cordoba-con-lugar-destacado-en-la-fit-2025","status":"publish","type":"post","link":"https:\/\/radiobeat97.com.ar\/beat\/cordoba-con-lugar-destacado-en-la-fit-2025\/","title":{"rendered":"C\u00f3rdoba, con lugar destacado en la FIT 2025"},"content":{"rendered":"<ul class=\" wp-block-list eplus-wrapper eplus-styles-uid-69786e\">\n<li class=\" eplus-wrapper\"><strong>Con un stand de 700 m\u00b2 y con m\u00e1s de 80 escritorios, para atenci\u00f3n a distintas instituciones y p\u00fablico en general, present\u00f3 una intensa agenda de actividades.<\/strong><\/li>\n<\/ul>\n<ul class=\" wp-block-list eplus-wrapper eplus-styles-uid-0d0a15\">\n<li class=\" eplus-wrapper\"><strong>Se llevaron a cabo degustaciones de comidas t\u00edpicas de distintas localidades, catas en el espacio\u00a0<em>Caminos del Vino<\/em>\u00a0y presentaciones en vivo de artistas representativos de los principales festivales de la provincia.<\/strong><\/li>\n<\/ul>\n<ul class=\" wp-block-list eplus-wrapper eplus-styles-uid-3d970a\">\n<li class=\" eplus-wrapper\"><strong>La Feria Internacional de Turismo se lleva adelante en la Rural de Palermo.<\/strong><\/li>\n<\/ul>\n<p class=\" eplus-wrapper\">Con un stand renovado y una gran convocatoria, C\u00f3rdoba abri\u00f3 su participaci\u00f3n en la FIT 2025, que comenz\u00f3 este s\u00e1bado 27 de septiembre en La Rural de Palermo.<\/p>\n<p class=\" eplus-wrapper\">La ubicaci\u00f3n del espacio cordob\u00e9s \u2014de 700 m\u00b2 y con 84 escritorios para atenci\u00f3n a operadores, municipios y p\u00fablico en general\u2014 present\u00f3 desde el inicio una intensa agenda de actividades.<\/p>\n<p class=\" eplus-wrapper\">Las primeras actividades tuvieron como acci\u00f3n central las degustaciones de comidas t\u00edpicas de distintas localidades y catas en el espacio Caminos del Vino, charlas sobre bienestar y salud, adem\u00e1s de experiencias inmersivas para toda la familia.<\/p>\n<figure class=\"wp-block-gallery has-nested-images columns-default is-cropped eplus-wrapper wp-block-gallery-1\">\n<figure class=\"wp-block-image size-large eplus-wrapper wp-lightbox-container\" data-wp-context=\"{&quot;imageId&quot;:&quot;68da6acddd83b&quot;}\" data-wp-interactive=\"core\/image\"><img fetchpriority=\"high\" decoding=\"async\" class=\"wp-image-628896\" src=\"https:\/\/prensa.cba.gov.ar\/wp-content\/uploads\/2025\/09\/CER17427-1-1024x683.jpg\" sizes=\"(max-width: 1024px) 100vw, 1024px\" srcset=\"https:\/\/prensa.cba.gov.ar\/wp-content\/uploads\/2025\/09\/CER17427-1-1024x683.jpg 1024w, https:\/\/prensa.cba.gov.ar\/wp-content\/uploads\/2025\/09\/CER17427-1-300x200.jpg 300w, https:\/\/prensa.cba.gov.ar\/wp-content\/uploads\/2025\/09\/CER17427-1-768x512.jpg 768w, https:\/\/prensa.cba.gov.ar\/wp-content\/uploads\/2025\/09\/CER17427-1-1536x1024.jpg 1536w, https:\/\/prensa.cba.gov.ar\/wp-content\/uploads\/2025\/09\/CER17427-1-2048x1365.jpg 2048w\" alt=\"\" width=\"1024\" height=\"683\" data-wp-class--hide=\"state.isContentHidden\" data-wp-class--show=\"state.isContentVisible\" data-wp-init=\"callbacks.setButtonStyles\" data-wp-on-async--click=\"actions.showLightbox\" data-wp-on-async--load=\"callbacks.setButtonStyles\" data-wp-on-async-window--resize=\"callbacks.setButtonStyles\" data-id=\"628896\" \/><button class=\"lightbox-trigger\" type=\"button\" aria-haspopup=\"dialog\" aria-label=\"Agrandar\" data-wp-init=\"callbacks.initTriggerButton\" data-wp-on-async--click=\"actions.showLightbox\" data-wp-style--right=\"state.imageButtonRight\" data-wp-style--top=\"state.imageButtonTop\"><\/button><\/figure>\n<figure class=\"wp-block-image size-large eplus-wrapper wp-lightbox-container\" data-wp-context=\"{&quot;imageId&quot;:&quot;68da6acddddec&quot;}\" data-wp-interactive=\"core\/image\"><img decoding=\"async\" class=\"wp-image-628894\" src=\"https:\/\/prensa.cba.gov.ar\/wp-content\/uploads\/2025\/09\/CER17703-1-1024x683.jpg\" sizes=\"(max-width: 1024px) 100vw, 1024px\" srcset=\"https:\/\/prensa.cba.gov.ar\/wp-content\/uploads\/2025\/09\/CER17703-1-1024x683.jpg 1024w, https:\/\/prensa.cba.gov.ar\/wp-content\/uploads\/2025\/09\/CER17703-1-300x200.jpg 300w, https:\/\/prensa.cba.gov.ar\/wp-content\/uploads\/2025\/09\/CER17703-1-768x512.jpg 768w, https:\/\/prensa.cba.gov.ar\/wp-content\/uploads\/2025\/09\/CER17703-1-1536x1024.jpg 1536w, https:\/\/prensa.cba.gov.ar\/wp-content\/uploads\/2025\/09\/CER17703-1-2048x1365.jpg 2048w\" alt=\"\" width=\"1024\" height=\"683\" data-wp-class--hide=\"state.isContentHidden\" data-wp-class--show=\"state.isContentVisible\" data-wp-init=\"callbacks.setButtonStyles\" data-wp-on-async--click=\"actions.showLightbox\" data-wp-on-async--load=\"callbacks.setButtonStyles\" data-wp-on-async-window--resize=\"callbacks.setButtonStyles\" data-id=\"628894\" \/><button class=\"lightbox-trigger\" type=\"button\" aria-haspopup=\"dialog\" aria-label=\"Agrandar\" data-wp-init=\"callbacks.initTriggerButton\" data-wp-on-async--click=\"actions.showLightbox\" data-wp-style--right=\"state.imageButtonRight\" data-wp-style--top=\"state.imageButtonTop\"><\/button><\/figure>\n<figure class=\"wp-block-image size-large eplus-wrapper wp-lightbox-container\" data-wp-context=\"{&quot;imageId&quot;:&quot;68da6acdde36a&quot;}\" data-wp-interactive=\"core\/image\"><img decoding=\"async\" class=\"wp-image-628895\" src=\"https:\/\/prensa.cba.gov.ar\/wp-content\/uploads\/2025\/09\/CER17734-1-1024x683.jpg\" sizes=\"(max-width: 1024px) 100vw, 1024px\" srcset=\"https:\/\/prensa.cba.gov.ar\/wp-content\/uploads\/2025\/09\/CER17734-1-1024x683.jpg 1024w, https:\/\/prensa.cba.gov.ar\/wp-content\/uploads\/2025\/09\/CER17734-1-300x200.jpg 300w, https:\/\/prensa.cba.gov.ar\/wp-content\/uploads\/2025\/09\/CER17734-1-768x512.jpg 768w, https:\/\/prensa.cba.gov.ar\/wp-content\/uploads\/2025\/09\/CER17734-1-1536x1024.jpg 1536w, https:\/\/prensa.cba.gov.ar\/wp-content\/uploads\/2025\/09\/CER17734-1-2048x1365.jpg 2048w\" alt=\"\" width=\"1024\" height=\"683\" data-wp-class--hide=\"state.isContentHidden\" data-wp-class--show=\"state.isContentVisible\" data-wp-init=\"callbacks.setButtonStyles\" data-wp-on-async--click=\"actions.showLightbox\" data-wp-on-async--load=\"callbacks.setButtonStyles\" data-wp-on-async-window--resize=\"callbacks.setButtonStyles\" data-id=\"628895\" \/><button class=\"lightbox-trigger\" type=\"button\" aria-haspopup=\"dialog\" aria-label=\"Agrandar\" data-wp-init=\"callbacks.initTriggerButton\" data-wp-on-async--click=\"actions.showLightbox\" data-wp-style--right=\"state.imageButtonRight\" data-wp-style--top=\"state.imageButtonTop\"><\/button><\/figure>\n<\/figure>\n<p class=\" eplus-wrapper\">Dentro del stand se pudo disfrutar de shows en vivo y experiencias digitales en el Espacio Gamer, que mostraron la diversidad de la oferta tur\u00edstica provincial.<\/p>\n<p class=\" eplus-wrapper\">En el escenario central, el Festival Nacional de Doma y Folklore de Jes\u00fas Mar\u00eda y el Festival Nacional de Folklore de Cosqu\u00edn desplegaron toda su tradici\u00f3n con presentaciones de El Indio Rojas, el grupo El Ceibo y cuerpos de baile folkl\u00f3ricos, ofreciendo al p\u00fablico una muestra representativa de la m\u00fasica y la danza de C\u00f3rdoba.<\/p>\n<p class=\" eplus-wrapper\">Por otro lado, el Ente Ansenuza firm\u00f3 un acuerdo con doce municipios de la regi\u00f3n para establecer una hoja de ruta com\u00fan que fortalezca el desarrollo tur\u00edstico sostenible de Ansenuza. El objetivo es potenciar sus atractivos naturales y culturales, mejorar la infraestructura y profesionalizar la oferta local.<\/p>\n<figure class=\"wp-block-gallery has-nested-images columns-default is-cropped eplus-wrapper wp-block-gallery-2\">\n<figure class=\"wp-block-image size-large eplus-wrapper wp-lightbox-container\" data-wp-context=\"{&quot;imageId&quot;:&quot;68da6acddeb5c&quot;}\" data-wp-interactive=\"core\/image\"><img loading=\"lazy\" decoding=\"async\" class=\"wp-image-628899\" src=\"https:\/\/prensa.cba.gov.ar\/wp-content\/uploads\/2025\/09\/CER18020-1024x683.jpg\" sizes=\"(max-width: 1024px) 100vw, 1024px\" srcset=\"https:\/\/prensa.cba.gov.ar\/wp-content\/uploads\/2025\/09\/CER18020-1024x683.jpg 1024w, https:\/\/prensa.cba.gov.ar\/wp-content\/uploads\/2025\/09\/CER18020-300x200.jpg 300w, https:\/\/prensa.cba.gov.ar\/wp-content\/uploads\/2025\/09\/CER18020-768x512.jpg 768w, https:\/\/prensa.cba.gov.ar\/wp-content\/uploads\/2025\/09\/CER18020-1536x1024.jpg 1536w, https:\/\/prensa.cba.gov.ar\/wp-content\/uploads\/2025\/09\/CER18020-2048x1365.jpg 2048w\" alt=\"\" width=\"1024\" height=\"683\" data-wp-class--hide=\"state.isContentHidden\" data-wp-class--show=\"state.isContentVisible\" data-wp-init=\"callbacks.setButtonStyles\" data-wp-on-async--click=\"actions.showLightbox\" data-wp-on-async--load=\"callbacks.setButtonStyles\" data-wp-on-async-window--resize=\"callbacks.setButtonStyles\" data-id=\"628899\" \/><button class=\"lightbox-trigger\" type=\"button\" aria-haspopup=\"dialog\" aria-label=\"Agrandar\" data-wp-init=\"callbacks.initTriggerButton\" data-wp-on-async--click=\"actions.showLightbox\" data-wp-style--right=\"state.imageButtonRight\" data-wp-style--top=\"state.imageButtonTop\"><\/button><\/figure>\n<figure class=\"wp-block-image size-large eplus-wrapper wp-lightbox-container\" data-wp-context=\"{&quot;imageId&quot;:&quot;68da6acddf0c0&quot;}\" data-wp-interactive=\"core\/image\"><img loading=\"lazy\" decoding=\"async\" class=\"wp-image-628898\" src=\"https:\/\/prensa.cba.gov.ar\/wp-content\/uploads\/2025\/09\/CER18110-1024x683.jpg\" sizes=\"(max-width: 1024px) 100vw, 1024px\" srcset=\"https:\/\/prensa.cba.gov.ar\/wp-content\/uploads\/2025\/09\/CER18110-1024x683.jpg 1024w, https:\/\/prensa.cba.gov.ar\/wp-content\/uploads\/2025\/09\/CER18110-300x200.jpg 300w, https:\/\/prensa.cba.gov.ar\/wp-content\/uploads\/2025\/09\/CER18110-768x512.jpg 768w, https:\/\/prensa.cba.gov.ar\/wp-content\/uploads\/2025\/09\/CER18110-1536x1024.jpg 1536w, https:\/\/prensa.cba.gov.ar\/wp-content\/uploads\/2025\/09\/CER18110-2048x1365.jpg 2048w\" alt=\"\" width=\"1024\" height=\"683\" data-wp-class--hide=\"state.isContentHidden\" data-wp-class--show=\"state.isContentVisible\" data-wp-init=\"callbacks.setButtonStyles\" data-wp-on-async--click=\"actions.showLightbox\" data-wp-on-async--load=\"callbacks.setButtonStyles\" data-wp-on-async-window--resize=\"callbacks.setButtonStyles\" data-id=\"628898\" \/><button class=\"lightbox-trigger\" type=\"button\" aria-haspopup=\"dialog\" aria-label=\"Agrandar\" data-wp-init=\"callbacks.initTriggerButton\" data-wp-on-async--click=\"actions.showLightbox\" data-wp-style--right=\"state.imageButtonRight\" data-wp-style--top=\"state.imageButtonTop\"><\/button><\/figure>\n<figure class=\"wp-block-image size-large eplus-wrapper wp-lightbox-container\" data-wp-context=\"{&quot;imageId&quot;:&quot;68da6acddf5c0&quot;}\" data-wp-interactive=\"core\/image\"><img loading=\"lazy\" decoding=\"async\" class=\"wp-image-628900\" src=\"https:\/\/prensa.cba.gov.ar\/wp-content\/uploads\/2025\/09\/CER18267-1024x683.jpg\" sizes=\"(max-width: 1024px) 100vw, 1024px\" srcset=\"https:\/\/prensa.cba.gov.ar\/wp-content\/uploads\/2025\/09\/CER18267-1024x683.jpg 1024w, https:\/\/prensa.cba.gov.ar\/wp-content\/uploads\/2025\/09\/CER18267-300x200.jpg 300w, https:\/\/prensa.cba.gov.ar\/wp-content\/uploads\/2025\/09\/CER18267-768x512.jpg 768w, https:\/\/prensa.cba.gov.ar\/wp-content\/uploads\/2025\/09\/CER18267-1536x1024.jpg 1536w, https:\/\/prensa.cba.gov.ar\/wp-content\/uploads\/2025\/09\/CER18267-2048x1365.jpg 2048w\" alt=\"\" width=\"1024\" height=\"683\" data-wp-class--hide=\"state.isContentHidden\" data-wp-class--show=\"state.isContentVisible\" data-wp-init=\"callbacks.setButtonStyles\" data-wp-on-async--click=\"actions.showLightbox\" data-wp-on-async--load=\"callbacks.setButtonStyles\" data-wp-on-async-window--resize=\"callbacks.setButtonStyles\" data-id=\"628900\" \/><button class=\"lightbox-trigger\" type=\"button\" aria-haspopup=\"dialog\" aria-label=\"Agrandar\" data-wp-init=\"callbacks.initTriggerButton\" data-wp-on-async--click=\"actions.showLightbox\" data-wp-style--right=\"state.imageButtonRight\" data-wp-style--top=\"state.imageButtonTop\"><\/button><\/figure>\n<\/figure>\n<p class=\" eplus-wrapper\">Entre los principales ejes del convenio se destacan la coordinaci\u00f3n intermunicipal, la capacitaci\u00f3n de actores tur\u00edsticos, la elaboraci\u00f3n de un calendario regional de eventos, la promoci\u00f3n conjunta bajo la marca \u201cAnsenuza\u201d y la protecci\u00f3n del Parque Nacional junto a su\u00a0biodiversidad.<\/p>\n","protected":false},"excerpt":{"rendered":"<p>Con un stand de 700 m\u00b2 y con m\u00e1s de 80 escritorios, para atenci\u00f3n a distintas instituciones y p\u00fablico en general, present\u00f3 una intensa agenda de actividades. Se llevaron a cabo degustaciones de comidas t\u00edpicas de distintas localidades, catas en el espacio\u00a0Caminos del Vino\u00a0y presentaciones en vivo de artistas representativos de los principales festivales de &hellip;<\/p>\n","protected":false},"author":1,"featured_media":7584,"comment_status":"open","ping_status":"open","sticky":false,"template":"","format":"standard","meta":{"footnotes":""},"categories":[48],"tags":[],"class_list":["post-7591","post","type-post","status-publish","format-standard","has-post-thumbnail","hentry","category-info-general"],"_links":{"self":[{"href":"https:\/\/radiobeat97.com.ar\/beat\/wp-json\/wp\/v2\/posts\/7591","targetHints":{"allow":["GET"]}}],"collection":[{"href":"https:\/\/radiobeat97.com.ar\/beat\/wp-json\/wp\/v2\/posts"}],"about":[{"href":"https:\/\/radiobeat97.com.ar\/beat\/wp-json\/wp\/v2\/types\/post"}],"author":[{"embeddable":true,"href":"https:\/\/radiobeat97.com.ar\/beat\/wp-json\/wp\/v2\/users\/1"}],"replies":[{"embeddable":true,"href":"https:\/\/radiobeat97.com.ar\/beat\/wp-json\/wp\/v2\/comments?post=7591"}],"version-history":[{"count":1,"href":"https:\/\/radiobeat97.com.ar\/beat\/wp-json\/wp\/v2\/posts\/7591\/revisions"}],"predecessor-version":[{"id":7592,"href":"https:\/\/radiobeat97.com.ar\/beat\/wp-json\/wp\/v2\/posts\/7591\/revisions\/7592"}],"wp:featuredmedia":[{"embeddable":true,"href":"https:\/\/radiobeat97.com.ar\/beat\/wp-json\/wp\/v2\/media\/7584"}],"wp:attachment":[{"href":"https:\/\/radiobeat97.com.ar\/beat\/wp-json\/wp\/v2\/media?parent=7591"}],"wp:term":[{"taxonomy":"category","embeddable":true,"href":"https:\/\/radiobeat97.com.ar\/beat\/wp-json\/wp\/v2\/categories?post=7591"},{"taxonomy":"post_tag","embeddable":true,"href":"https:\/\/radiobeat97.com.ar\/beat\/wp-json\/wp\/v2\/tags?post=7591"}],"curies":[{"name":"wp","href":"https:\/\/api.w.org\/{rel}","templated":true}]}}