{"id":7604,"date":"2025-10-04T08:25:22","date_gmt":"2025-10-04T11:25:22","guid":{"rendered":"https:\/\/radiobeat97.com.ar\/beat\/?p=7604"},"modified":"2025-10-01T08:26:12","modified_gmt":"2025-10-01T11:26:12","slug":"llaryora-reinauguro-la-cancha-de-hockey-soledad-garcia","status":"publish","type":"post","link":"https:\/\/radiobeat97.com.ar\/beat\/llaryora-reinauguro-la-cancha-de-hockey-soledad-garcia\/","title":{"rendered":"Llaryora reinaugur\u00f3 la cancha de Hockey \u201cSoledad Garc\u00eda\u201d"},"content":{"rendered":"<ul class=\" wp-block-list eplus-wrapper eplus-styles-uid-086f2b\">\n<li class=\" eplus-wrapper\"><strong>Con la actuaci\u00f3n estelar de \u00abLas Leonas\u00bb, qued\u00f3 habilitado el nuevo campo.<\/strong><\/li>\n<li class=\" eplus-wrapper\"><strong>La obra incluy\u00f3 renovaci\u00f3n de las luminarias de las cuatro torres, se refaccionaron los per\u00edmetros con alfombrados, se readecuaron desag\u00fces y se mejoraron bancos de suplentes y sector de competici\u00f3n.<\/strong><\/li>\n<li class=\" eplus-wrapper\"><strong>\u2060Durante la jornada el seleccionado femenino de hockey sobre c\u00e9sped comparti\u00f3 sus experiencias junto a las nuevas generaciones del deporte.<\/strong><\/li>\n<\/ul>\n<p class=\" eplus-wrapper\">Este martes, el gobernador Mart\u00edn Llaryora, junto al seleccionado femenino de Hockey sobre c\u00e9sped \u201cLas Leonas\u201d, dej\u00f3 reinaugurado el estadio Soledad Garcia ubicado en el Polo deportivo Kempes de la ciudad de C\u00f3rdoba. Se trata de la mayor intervenci\u00f3n desde su inauguraci\u00f3n concretada en el a\u00f1o 2012.<\/p>\n<p class=\" eplus-wrapper\">El evento, organizado por la Agencia C\u00f3rdoba Deportes, reuni\u00f3 78 instituciones deportivas y casi 5 mil ni\u00f1os, ni\u00f1as y j\u00f3venes de escuelas y clubes de hockey de toda la provincia, quienes disfrutaron una experiencia inolvidable junto a las m\u00e1ximas referentes de la disciplina.<\/p>\n<p class=\" eplus-wrapper\">Con esta nueva obra, el polo se consolida como uno de los espacios deportivos m\u00e1s importantes del pa\u00eds, al servicio de la formaci\u00f3n y el desarrollo del deporte provincial.<\/p>\n<p class=\" eplus-wrapper\">Asimismo, la Provincia fortalece sus pol\u00edticas p\u00fablicas de inclusi\u00f3n en el deporte inmortalizando con nombre y apellido a quienes dejaron a C\u00f3rdoba en lo m\u00e1s alto de los podios mundiales. Convirtiendo las haza\u00f1as deportivas, en espacios p\u00fablicos de inclusi\u00f3n y desarrollo.<\/p>\n<figure class=\"wp-block-gallery has-nested-images columns-default is-cropped eplus-wrapper wp-block-gallery-1\">\n<figure class=\"wp-block-image size-full eplus-wrapper\"><a href=\"https:\/\/prensa.cba.gov.ar\/wp-content\/uploads\/2025\/09\/WhatsApp-Image-2025-09-30-at-20.39.56.jpeg\"><img fetchpriority=\"high\" decoding=\"async\" class=\"wp-image-629010\" src=\"https:\/\/prensa.cba.gov.ar\/wp-content\/uploads\/2025\/09\/WhatsApp-Image-2025-09-30-at-20.39.56.jpeg\" sizes=\"(max-width: 1600px) 100vw, 1600px\" srcset=\"https:\/\/prensa.cba.gov.ar\/wp-content\/uploads\/2025\/09\/WhatsApp-Image-2025-09-30-at-20.39.56.jpeg 1600w, https:\/\/prensa.cba.gov.ar\/wp-content\/uploads\/2025\/09\/WhatsApp-Image-2025-09-30-at-20.39.56-300x200.jpeg 300w, https:\/\/prensa.cba.gov.ar\/wp-content\/uploads\/2025\/09\/WhatsApp-Image-2025-09-30-at-20.39.56-1024x682.jpeg 1024w, https:\/\/prensa.cba.gov.ar\/wp-content\/uploads\/2025\/09\/WhatsApp-Image-2025-09-30-at-20.39.56-768x512.jpeg 768w, https:\/\/prensa.cba.gov.ar\/wp-content\/uploads\/2025\/09\/WhatsApp-Image-2025-09-30-at-20.39.56-1536x1023.jpeg 1536w\" alt=\"\" width=\"1600\" height=\"1066\" data-id=\"629010\" \/><\/a><\/figure>\n<figure class=\"wp-block-image size-full eplus-wrapper\"><a href=\"https:\/\/prensa.cba.gov.ar\/wp-content\/uploads\/2025\/09\/WhatsApp-Image-2025-09-30-at-20.37.18.jpeg\"><img decoding=\"async\" class=\"wp-image-629009\" src=\"https:\/\/prensa.cba.gov.ar\/wp-content\/uploads\/2025\/09\/WhatsApp-Image-2025-09-30-at-20.37.18.jpeg\" sizes=\"(max-width: 1600px) 100vw, 1600px\" srcset=\"https:\/\/prensa.cba.gov.ar\/wp-content\/uploads\/2025\/09\/WhatsApp-Image-2025-09-30-at-20.37.18.jpeg 1600w, https:\/\/prensa.cba.gov.ar\/wp-content\/uploads\/2025\/09\/WhatsApp-Image-2025-09-30-at-20.37.18-300x200.jpeg 300w, https:\/\/prensa.cba.gov.ar\/wp-content\/uploads\/2025\/09\/WhatsApp-Image-2025-09-30-at-20.37.18-1024x682.jpeg 1024w, https:\/\/prensa.cba.gov.ar\/wp-content\/uploads\/2025\/09\/WhatsApp-Image-2025-09-30-at-20.37.18-768x512.jpeg 768w, https:\/\/prensa.cba.gov.ar\/wp-content\/uploads\/2025\/09\/WhatsApp-Image-2025-09-30-at-20.37.18-1536x1023.jpeg 1536w\" alt=\"\" width=\"1600\" height=\"1066\" data-id=\"629009\" \/><\/a><\/figure>\n<\/figure>\n<p class=\" eplus-wrapper\">\n<p class=\" eplus-wrapper\">Durante la jornada, \u201cLas Leonas\u00bb \u2014recientes campeonas de Am\u00e9rica\u2014 protagonizaron un encuentro exhibici\u00f3n que se sum\u00f3 a distintas actividades recreativas y deportivas, convirtiendo la reinauguraci\u00f3n en una verdadera fiesta del hockey cordob\u00e9s.<\/p>\n<p class=\" eplus-wrapper\">En ese marco, el titular de la Agencia C\u00f3rdoba Deportes Agust\u00edn Calleri, resalt\u00f3 el trabajo que viene haciendo la Provincia en materia infraestructura y expres\u00f3:\u00a0<em>\u201cPara nosotros es muy importante y por eso le agradecemos al gobernador Llaryora por seguir invirtiendo en infraestructura que es tan importante para el crecimiento del deporte y para ser un faro de atracci\u00f3n de grandes eventos como lo viene siendo\u201d .<\/em><\/p>\n<p class=\" eplus-wrapper\">Por su parte, la ex capitana de \u201cLas Leonas\u201d Luciana Aymar, destac\u00f3 el reconocimiento que hace la Provincia con sus grandes deportistas.\u00a0<em>\u201cEstoy contenta de poder estar presente, estuve en la inauguraci\u00f3n y ahora estoy acompa\u00f1ando una gran amiga que es Sole en esta gran fiesta. Me encanta que se siga valorando el esfuerzo de grandes deportistas que marcaron una historia para todos los argentinos\u201d.<\/em><\/p>\n<p class=\" eplus-wrapper\">Durante la ceremonia, el gobernador junto a Sole Garcia, descubrieron la placa que lleva el nombre de la ex leona. Cabe recordar que la Sole fue campeona mundial en 2002 y 2010, y medallista ol\u00edmpica en S\u00eddney 2000, Atenas 2004 y Pek\u00edn 2008. Adem\u00e1s, reconocida dos veces como la mejor jugadora joven del mundo por la FIH.<\/p>\n<p class=\" eplus-wrapper\">Luego Llaryora entreg\u00f3 un reconocimiento al combinado argentino y la bandera de C\u00f3rdoba.<\/p>\n<p class=\" eplus-wrapper\">Tambi\u00e9n las capitanas del equipo nacional, Mar\u00eda Jos\u00e9 Granatto y Agostina Alonso, le obsequiaron al gobernador y al intendente Passerini la camiseta del seleccionado.<\/p>\n<p class=\" eplus-wrapper\">Por \u00faltimo, Llaryora distingui\u00f3 a la mejor jugadora de hockey argentino de todos los tiempos, Luciana Aymar, por su sacrificio, su entrega y por dejar en los m\u00e1s alto a la bandera argentina.<\/p>\n<p class=\" eplus-wrapper\">Participaron del evento, el ministro de Gobierno, Manuel Calvo, junto a su par de Bioagroindustria, Sergio Busso; de Salud, Ricardo Pieckenstainer y de Desarrollo Humano, Liliana Montero. Adem\u00e1s acompa\u00f1aron, el Secretario de Fortalecimiento Vecinal, Cultura y Deportes de la Municipalidad de C\u00f3rdoba, H\u00e9ctor \u201cPichi\u201d Campana y el legislador, Miguel Siciliano.<\/p>\n<figure class=\" wp-block-image aligncenter size-large is-resized eplus-wrapper\"><img decoding=\"async\" class=\"wp-image-629008\" src=\"https:\/\/prensa.cba.gov.ar\/wp-content\/uploads\/2025\/09\/WhatsApp-Image-2025-09-30-at-20.23.24-1024x682.jpeg\" sizes=\"(max-width: 1024px) 100vw, 1024px\" srcset=\"https:\/\/prensa.cba.gov.ar\/wp-content\/uploads\/2025\/09\/WhatsApp-Image-2025-09-30-at-20.23.24-1024x682.jpeg 1024w, https:\/\/prensa.cba.gov.ar\/wp-content\/uploads\/2025\/09\/WhatsApp-Image-2025-09-30-at-20.23.24-300x200.jpeg 300w, https:\/\/prensa.cba.gov.ar\/wp-content\/uploads\/2025\/09\/WhatsApp-Image-2025-09-30-at-20.23.24-768x512.jpeg 768w, https:\/\/prensa.cba.gov.ar\/wp-content\/uploads\/2025\/09\/WhatsApp-Image-2025-09-30-at-20.23.24-1536x1023.jpeg 1536w, https:\/\/prensa.cba.gov.ar\/wp-content\/uploads\/2025\/09\/WhatsApp-Image-2025-09-30-at-20.23.24.jpeg 1600w\" alt=\"\" width=\"1024\" height=\"682\" \/><\/figure>\n<p class=\" eplus-wrapper\">\n<h4 class=\" wp-block-heading eplus-wrapper\">El deporte como pol\u00edtica p\u00fablica: una cancha renovada con est\u00e1ndares internacionales<\/h4>\n<p class=\" eplus-wrapper\">La cancha fue completamente renovada con una nueva carpeta sint\u00e9tica C1600 TXT, fabricada con hilado Tencate Thiolon, especialmente dise\u00f1ada para el alto rendimiento y uso con base de agua. En total, se reemplazaron 5875 metros cuadrados de c\u00e9sped sint\u00e9tico, y se instal\u00f3 un sistema de riego autom\u00e1tico<\/p>\n<p class=\" eplus-wrapper\">Gracias a estos trabajos realizados, se posibilitar\u00e1 que el estadio que lleva el nombre de la dos veces campeona mundial se encuentre homologado por la Federaci\u00f3n Internacional de Hockey (FIH).<\/p>\n<p class=\" eplus-wrapper\">La renovaci\u00f3n consolida a C\u00f3rdoba como sede estrat\u00e9gica para eventos nacionales e internacionales de hockey.<\/p>\n<p class=\" eplus-wrapper\">El nuevo campo, ahora azul, mejora la calidad del juego y garantiza entrenamientos y competencias m\u00e1s seguros, duraderos y c\u00f3modos para los jugadores.<\/p>\n<p class=\" eplus-wrapper\">Adem\u00e1s, la obra incluy\u00f3 renovaci\u00f3n de las luminarias de las cuatro torres, se refaccionaron los per\u00edmetros con nuevos alambrados y alfombrados, se readecuaron desag\u00fces y se mejoraron bancos de suplentes y sector de competici\u00f3n.<\/p>\n","protected":false},"excerpt":{"rendered":"<p>Con la actuaci\u00f3n estelar de \u00abLas Leonas\u00bb, qued\u00f3 habilitado el nuevo campo. La obra incluy\u00f3 renovaci\u00f3n de las luminarias de las cuatro torres, se refaccionaron los per\u00edmetros con alfombrados, se readecuaron desag\u00fces y se mejoraron bancos de suplentes y sector de competici\u00f3n. \u2060Durante la jornada el seleccionado femenino de hockey sobre c\u00e9sped comparti\u00f3 sus experiencias &hellip;<\/p>\n","protected":false},"author":5,"featured_media":7605,"comment_status":"open","ping_status":"open","sticky":false,"template":"","format":"standard","meta":{"footnotes":""},"categories":[47],"tags":[],"class_list":["post-7604","post","type-post","status-publish","format-standard","has-post-thumbnail","hentry","category-deportes"],"_links":{"self":[{"href":"https:\/\/radiobeat97.com.ar\/beat\/wp-json\/wp\/v2\/posts\/7604","targetHints":{"allow":["GET"]}}],"collection":[{"href":"https:\/\/radiobeat97.com.ar\/beat\/wp-json\/wp\/v2\/posts"}],"about":[{"href":"https:\/\/radiobeat97.com.ar\/beat\/wp-json\/wp\/v2\/types\/post"}],"author":[{"embeddable":true,"href":"https:\/\/radiobeat97.com.ar\/beat\/wp-json\/wp\/v2\/users\/5"}],"replies":[{"embeddable":true,"href":"https:\/\/radiobeat97.com.ar\/beat\/wp-json\/wp\/v2\/comments?post=7604"}],"version-history":[{"count":1,"href":"https:\/\/radiobeat97.com.ar\/beat\/wp-json\/wp\/v2\/posts\/7604\/revisions"}],"predecessor-version":[{"id":7606,"href":"https:\/\/radiobeat97.com.ar\/beat\/wp-json\/wp\/v2\/posts\/7604\/revisions\/7606"}],"wp:featuredmedia":[{"embeddable":true,"href":"https:\/\/radiobeat97.com.ar\/beat\/wp-json\/wp\/v2\/media\/7605"}],"wp:attachment":[{"href":"https:\/\/radiobeat97.com.ar\/beat\/wp-json\/wp\/v2\/media?parent=7604"}],"wp:term":[{"taxonomy":"category","embeddable":true,"href":"https:\/\/radiobeat97.com.ar\/beat\/wp-json\/wp\/v2\/categories?post=7604"},{"taxonomy":"post_tag","embeddable":true,"href":"https:\/\/radiobeat97.com.ar\/beat\/wp-json\/wp\/v2\/tags?post=7604"}],"curies":[{"name":"wp","href":"https:\/\/api.w.org\/{rel}","templated":true}]}}