{"id":7626,"date":"2025-10-08T09:07:08","date_gmt":"2025-10-08T12:07:08","guid":{"rendered":"https:\/\/radiobeat97.com.ar\/beat\/?p=7626"},"modified":"2025-10-08T09:07:08","modified_gmt":"2025-10-08T12:07:08","slug":"5-nuevos-libros-para-leer-esta-primavera","status":"publish","type":"post","link":"https:\/\/radiobeat97.com.ar\/beat\/5-nuevos-libros-para-leer-esta-primavera\/","title":{"rendered":"5 nuevos libros para leer esta primavera"},"content":{"rendered":"<p>La primavera puede ser un portal hacia lo l\u00fadico y lo fresco, pero tambi\u00e9n hacia lo personal. Introspecci\u00f3n, lugares, romances y felicidad. Desde\u00a0<strong>Indie Hoy<\/strong>\u00a0elegimos\u00a0<strong>cinco lecturas -en su mayor\u00eda- publicadas este a\u00f1o que conmueven por distintos motivos<\/strong>\u00a0y ofrecen una oportunidad perfecta para descubrir nuevos relatos ideales para leer al aire libre.<\/p>\n<h2 id=\"h-corazon-de-leon-de-monika-helfer\" class=\"wp-block-heading\"><em>Coraz\u00f3n de le\u00f3n<\/em>, de Monika Helfer<\/h2>\n<p><em>Edhasa<\/em><\/p>\n<figure class=\"wp-block-image size-full is-resized\"><img fetchpriority=\"high\" decoding=\"async\" class=\"wp-image-798484\" src=\"https:\/\/indiehoy.com\/wp-content\/uploads\/2025\/10\/monika-helfer-corazon-de-leon.jpg\" sizes=\"(max-width: 1200px) 100vw, 1200px\" srcset=\"https:\/\/indiehoy.com\/wp-content\/uploads\/2025\/10\/monika-helfer-corazon-de-leon.jpg 1200w, https:\/\/indiehoy.com\/wp-content\/uploads\/2025\/10\/monika-helfer-corazon-de-leon-956x1536.jpg 956w, https:\/\/indiehoy.com\/wp-content\/uploads\/2025\/10\/monika-helfer-corazon-de-leon-150x241.jpg 150w, https:\/\/indiehoy.com\/wp-content\/uploads\/2025\/10\/monika-helfer-corazon-de-leon-450x723.jpg 450w, https:\/\/indiehoy.com\/wp-content\/uploads\/2025\/10\/monika-helfer-corazon-de-leon-768x1234.jpg 768w\" alt=\"Tapa de Coraz\u00f3n de le\u00f3n, libro de Monika Helfer\" width=\"1200\" height=\"1928\" \/><\/figure>\n<p>Este libro es como un estado de enso\u00f1amiento:\u00a0<strong>el recorrido de sus personajes est\u00e1 articulado bajo una neblina que cubre de belleza y fantas\u00eda hasta los momentos m\u00e1s reales y concretos<\/strong>. La autora austr\u00edaca bas\u00f3 esta historia en la vivencia de su hermano y la adopci\u00f3n de su hija. La intimidad como llave para amigarnos con el dolor y con las historias que conmueven.<\/p>\n<div class=\"code-block code-block-37\"><\/div>\n<h2 id=\"h-la-lloreria-de-martin-sivak\" class=\"wp-block-heading\"><em>La llorer\u00eda<\/em>, de Mart\u00edn Sivak<\/h2>\n<p><em>Alfaguara<\/em><\/p>\n<figure class=\"wp-block-image size-full is-resized\"><img decoding=\"async\" class=\"wp-image-798528\" src=\"https:\/\/indiehoy.com\/wp-content\/uploads\/2025\/10\/martin-sivak-la-lloreria.jpg\" sizes=\"(max-width: 1200px) 100vw, 1200px\" srcset=\"https:\/\/indiehoy.com\/wp-content\/uploads\/2025\/10\/martin-sivak-la-lloreria.jpg 1200w, https:\/\/indiehoy.com\/wp-content\/uploads\/2025\/10\/martin-sivak-la-lloreria-981x1536.jpg 981w, https:\/\/indiehoy.com\/wp-content\/uploads\/2025\/10\/martin-sivak-la-lloreria-150x235.jpg 150w, https:\/\/indiehoy.com\/wp-content\/uploads\/2025\/10\/martin-sivak-la-lloreria-450x705.jpg 450w, https:\/\/indiehoy.com\/wp-content\/uploads\/2025\/10\/martin-sivak-la-lloreria-768x1203.jpg 768w\" alt=\"Tapa de La llorer\u00eda, libro de Mart\u00edn Sivak\" width=\"1200\" height=\"1879\" \/><\/figure>\n<p>Al inicio hablamos de introspecci\u00f3n y viajes, bueno, aqu\u00ed estamos. Periodista y autor,\u00a0<strong>Mart\u00edn Sivak nos gu\u00eda por un viaje literal y personal: Latinoam\u00e9rica como primer escenario, luego la vida<\/strong>. Una ruptura, la muerte de la madre y su sensibilidad como bandera son la conjugaci\u00f3n perfecta para que el lector pueda ser libre para enfrentar la p\u00e9rdida. \u201cA llorar a la llorer\u00eda\u00bb, le dec\u00eda su padre. Mart\u00edn no solo lo desaf\u00eda: nos lo cuenta, nos invita a pasar y nos hace parte de su proceso personal.<\/p>\n<h2 id=\"h-japon-eterno-viaje-bajo-las-flores-de-un-mundo-flotante-de-amelie-nothomb-y-laureline-amanieux-nbsp\" class=\"wp-block-heading\"><em>Jap\u00f3n eterno: Viaje bajo las flores de un mundo flotante<\/em>, de Am\u00e9lie Nothomb y Laureline Amanieux<\/h2>\n<p><em>Anagrama<\/em><\/p>\n<figure class=\"wp-block-image size-full is-resized\"><img decoding=\"async\" class=\"wp-image-798529\" src=\"https:\/\/indiehoy.com\/wp-content\/uploads\/2025\/10\/amelie-nothomb-japon-eterno.jpg\" sizes=\"(max-width: 1200px) 100vw, 1200px\" srcset=\"https:\/\/indiehoy.com\/wp-content\/uploads\/2025\/10\/amelie-nothomb-japon-eterno.jpg 1200w, https:\/\/indiehoy.com\/wp-content\/uploads\/2025\/10\/amelie-nothomb-japon-eterno-979x1536.jpg 979w, https:\/\/indiehoy.com\/wp-content\/uploads\/2025\/10\/amelie-nothomb-japon-eterno-150x235.jpg 150w, https:\/\/indiehoy.com\/wp-content\/uploads\/2025\/10\/amelie-nothomb-japon-eterno-450x706.jpg 450w, https:\/\/indiehoy.com\/wp-content\/uploads\/2025\/10\/amelie-nothomb-japon-eterno-768x1205.jpg 768w\" alt=\"Tapa de Jap\u00f3n eterno: Viaje bajo las flores de un mundo flotante, libro de Am\u00e9lie Nothomb y Laureline Amanieux\u00a0\" width=\"1200\" height=\"1883\" \/><\/figure>\n<p>Jap\u00f3n no s\u00f3lo fue hogar de\u00a0<strong>Am\u00e9lie Nothomb<\/strong>\u00a0muchos a\u00f1os; adem\u00e1s fue musa e inspiraci\u00f3n para varias de sus novelas.\u00a0<strong>Este libro es la adaptaci\u00f3n del podcast con el mismo nombre<\/strong>, y adem\u00e1s de las conversaciones preciosas, err\u00e1ticas, culturales y frescas, completa la aventura con ilustraciones y citas que nos transportan autom\u00e1ticamente a un viaje personal con la autora.<\/p>\n<h2 id=\"h-de-los-potrillos-nacen-rios-de-sofia-de-la-vega\" class=\"wp-block-heading\"><em>De los potrillos nacen r\u00edos<\/em>, de Sof\u00eda de la Vega<\/h2>\n<p><em>Alfaguara\u00a0<\/em><\/p>\n<figure class=\"wp-block-image size-full is-resized\"><img loading=\"lazy\" decoding=\"async\" class=\"wp-image-798570\" src=\"https:\/\/indiehoy.com\/wp-content\/uploads\/2025\/10\/sofia-de-la-vega-de-los-potrillos-nacen-rios.jpg\" sizes=\"(max-width: 1200px) 100vw, 1200px\" srcset=\"https:\/\/indiehoy.com\/wp-content\/uploads\/2025\/10\/sofia-de-la-vega-de-los-potrillos-nacen-rios.jpg 1200w, https:\/\/indiehoy.com\/wp-content\/uploads\/2025\/10\/sofia-de-la-vega-de-los-potrillos-nacen-rios-981x1536.jpg 981w, https:\/\/indiehoy.com\/wp-content\/uploads\/2025\/10\/sofia-de-la-vega-de-los-potrillos-nacen-rios-150x235.jpg 150w, https:\/\/indiehoy.com\/wp-content\/uploads\/2025\/10\/sofia-de-la-vega-de-los-potrillos-nacen-rios-450x705.jpg 450w, https:\/\/indiehoy.com\/wp-content\/uploads\/2025\/10\/sofia-de-la-vega-de-los-potrillos-nacen-rios-768x1203.jpg 768w\" alt=\"Tapa de De los potrillos nacen r\u00edos, libro de Sof\u00eda de la Vega\" width=\"1200\" height=\"1879\" \/><\/figure>\n<p><strong>Sof\u00eda de la Vega<\/strong>\u00a0es tucumana, escribe cuentos sobre lo fant\u00e1stico, sobre los animales, sobre los lugares; y parece que nos contara historias que ella conoce desde siempre y nos invitara a presenciar.\u00a0<strong>Cuando lo bizarro le deja lugar a fascinaci\u00f3n, es momento de disfrutar estos relatos y dignarnos a viajar a donde nos lleva<\/strong>. Que, bajo su \u00f3ptica, parece lejos.<\/p>\n<div class=\"code-block code-block-38\"><\/div>\n<h2 id=\"h-el-sol-mueve-la-sombra-de-las-cosas-quietas-de-alejandra-kamiya\" class=\"wp-block-heading\"><em>El sol mueve la sombra de las cosas quietas<\/em>, de Alejandra Kamiya<\/h2>\n<p><em>Eterna Cadencia<\/em><\/p>\n<figure class=\"wp-block-image size-full is-resized\"><img loading=\"lazy\" decoding=\"async\" class=\"wp-image-798571\" src=\"https:\/\/indiehoy.com\/wp-content\/uploads\/2025\/10\/alejandra-kamiya-el-sol-mueve-la-sombra-de-las-cosas-quietas.jpg\" sizes=\"(max-width: 1200px) 100vw, 1200px\" srcset=\"https:\/\/indiehoy.com\/wp-content\/uploads\/2025\/10\/alejandra-kamiya-el-sol-mueve-la-sombra-de-las-cosas-quietas.jpg 1200w, https:\/\/indiehoy.com\/wp-content\/uploads\/2025\/10\/alejandra-kamiya-el-sol-mueve-la-sombra-de-las-cosas-quietas-975x1536.jpg 975w, https:\/\/indiehoy.com\/wp-content\/uploads\/2025\/10\/alejandra-kamiya-el-sol-mueve-la-sombra-de-las-cosas-quietas-150x236.jpg 150w, https:\/\/indiehoy.com\/wp-content\/uploads\/2025\/10\/alejandra-kamiya-el-sol-mueve-la-sombra-de-las-cosas-quietas-450x709.jpg 450w, https:\/\/indiehoy.com\/wp-content\/uploads\/2025\/10\/alejandra-kamiya-el-sol-mueve-la-sombra-de-las-cosas-quietas-768x1210.jpg 768w\" alt=\"Tapa de El sol mueve la sombra de las cosas quietas, de Alejandra Kamiya\" width=\"1200\" height=\"1890\" \/><\/figure>\n<p>Siguiendo con los cuentos y la tem\u00e1tica viajera, qu\u00e9 mejor que finalizar con un viaje mental.\u00a0<strong>Los cuentos de este libro proponen ser abordados desde la figura del koan que describe como: \u201cesa historia breve propia de la filosof\u00eda zen que propicia una mirada no convencional sobre la realidad<\/strong>, un punto de vista no habilitado por el sistema\u201d.\u00a0 La intimidad de una pareja, la belleza de una caminata o reflexiones po\u00e9ticas. Un pu\u00f1ado de historias que regalan cotidianeidad y la posibilidad de contemplar todo como si fuera la primera vez.<\/p>\n","protected":false},"excerpt":{"rendered":"<p>La primavera puede ser un portal hacia lo l\u00fadico y lo fresco, pero tambi\u00e9n hacia lo personal. Introspecci\u00f3n, lugares, romances y felicidad. Desde\u00a0Indie Hoy\u00a0elegimos\u00a0cinco lecturas -en su mayor\u00eda- publicadas este a\u00f1o que conmueven por distintos motivos\u00a0y ofrecen una oportunidad perfecta para descubrir nuevos relatos ideales para leer al aire libre. Coraz\u00f3n de le\u00f3n, de Monika &hellip;<\/p>\n","protected":false},"author":5,"featured_media":7627,"comment_status":"open","ping_status":"open","sticky":false,"template":"","format":"standard","meta":{"footnotes":""},"categories":[3],"tags":[],"class_list":["post-7626","post","type-post","status-publish","format-standard","has-post-thumbnail","hentry","category-lifestyle"],"_links":{"self":[{"href":"https:\/\/radiobeat97.com.ar\/beat\/wp-json\/wp\/v2\/posts\/7626","targetHints":{"allow":["GET"]}}],"collection":[{"href":"https:\/\/radiobeat97.com.ar\/beat\/wp-json\/wp\/v2\/posts"}],"about":[{"href":"https:\/\/radiobeat97.com.ar\/beat\/wp-json\/wp\/v2\/types\/post"}],"author":[{"embeddable":true,"href":"https:\/\/radiobeat97.com.ar\/beat\/wp-json\/wp\/v2\/users\/5"}],"replies":[{"embeddable":true,"href":"https:\/\/radiobeat97.com.ar\/beat\/wp-json\/wp\/v2\/comments?post=7626"}],"version-history":[{"count":1,"href":"https:\/\/radiobeat97.com.ar\/beat\/wp-json\/wp\/v2\/posts\/7626\/revisions"}],"predecessor-version":[{"id":7628,"href":"https:\/\/radiobeat97.com.ar\/beat\/wp-json\/wp\/v2\/posts\/7626\/revisions\/7628"}],"wp:featuredmedia":[{"embeddable":true,"href":"https:\/\/radiobeat97.com.ar\/beat\/wp-json\/wp\/v2\/media\/7627"}],"wp:attachment":[{"href":"https:\/\/radiobeat97.com.ar\/beat\/wp-json\/wp\/v2\/media?parent=7626"}],"wp:term":[{"taxonomy":"category","embeddable":true,"href":"https:\/\/radiobeat97.com.ar\/beat\/wp-json\/wp\/v2\/categories?post=7626"},{"taxonomy":"post_tag","embeddable":true,"href":"https:\/\/radiobeat97.com.ar\/beat\/wp-json\/wp\/v2\/tags?post=7626"}],"curies":[{"name":"wp","href":"https:\/\/api.w.org\/{rel}","templated":true}]}}