{"id":7668,"date":"2025-11-07T09:48:35","date_gmt":"2025-11-07T12:48:35","guid":{"rendered":"https:\/\/radiobeat97.com.ar\/beat\/?p=7668"},"modified":"2025-11-07T09:48:35","modified_gmt":"2025-11-07T12:48:35","slug":"la-renga-no-quiere-tocar-con-ac-dc-los-motivos","status":"publish","type":"post","link":"https:\/\/radiobeat97.com.ar\/beat\/la-renga-no-quiere-tocar-con-ac-dc-los-motivos\/","title":{"rendered":"La Renga no quiere tocar con AC\/DC: Los motivos"},"content":{"rendered":"<p><strong>AC\/DC<\/strong>\u00a0vuelve a la Argentina\u00a0tras 16 a\u00f1os y el p\u00fablico nacional ha respondido con entusiasmo ante la gran noticia. La banda australiana se presentar\u00e1 el 23 de marzo de 2026 en el Estadio River Plate como parte de su arrolladora gira mundial\u00a0<em>Power Up Tour<\/em>.<\/p>\n<p>Como en la mayor\u00eda de los grandes conciertos, habr\u00e1 una banda encargada de abrir la jornada y, en esta oportunidad, ser\u00e1 The Pretty Reckless. Sin embargo,\u00a0<strong>hubo una agrupaci\u00f3n nacional que fue convocada y decidi\u00f3 declinar la oferta<\/strong>.<\/p>\n<p>Hablamos de\u00a0<strong>La Renga<\/strong>, uno de los grupos m\u00e1s legendarios y convocantes del rock argentino, quienes adem\u00e1s son grandes admiradores de los australianos. \u201cEs parte de nuestro ADN\u201d, revelaron en di\u00e1logo con la radio chilena Futuro FM. En esa entrevista, les consultaron si so\u00f1aban con ser la banda apertura y ellos respondieron: \u201c<strong>Nos invitaron otra vez a abrir, pero no somos de abrir<\/strong>\u201d.<\/p>\n<div class=\"code-block code-block-37\"><\/div>\n<figure class=\"wp-block-image size-full\"><img fetchpriority=\"high\" decoding=\"async\" class=\"wp-image-771404\" src=\"https:\/\/indiehoy.com\/wp-content\/uploads\/2025\/06\/ACDC.jpg\" sizes=\"(max-width: 1200px) 100vw, 1200px\" srcset=\"https:\/\/indiehoy.com\/wp-content\/uploads\/2025\/06\/ACDC.jpg 1200w, https:\/\/indiehoy.com\/wp-content\/uploads\/2025\/06\/ACDC-150x100.jpg 150w, https:\/\/indiehoy.com\/wp-content\/uploads\/2025\/06\/ACDC-450x300.jpg 450w, https:\/\/indiehoy.com\/wp-content\/uploads\/2025\/06\/ACDC-768x512.jpg 768w\" alt=\"AC\/DC\" width=\"1200\" height=\"800\" \/><figcaption class=\"wp-element-caption\">AC\/DC. Foto: @christiegoodwin.<\/figcaption><\/figure>\n<p>Si bien no dieron detalles sobre la propuesta ni los aspectos puntuales que inclu\u00eda, s\u00ed explicaron la raz\u00f3n que los llev\u00f3 a dar una respuesta negativa: \u201c<strong>Est\u00e1s sujeto a ciertas condiciones y nosotros preferimos tener nuestras condiciones<\/strong>\u201d, revelaron. \u201cPor supuesto que no es AC\/DC el que te lo ofrece\u201d, aclararon sobre los productores intermediarios que se encargan de esos asuntos.<\/p>\n<p>La Renga se caracteriza por mantener su independencia dentro de la m\u00fasica y por ofrecer shows masivos ante un p\u00fablico tan numeroso como fiel. De este modo, expresan una suerte de \u201cl\u00ednea ideol\u00f3gica\u201d dentro del rock que los mantiene como uno de los grupos m\u00e1s singulares de la escena argentina.<\/p>\n<div class=\"code-block code-block-38\"><\/div>\n<p>As\u00ed, concluyeron sobre sus razones para no ser la banda apertura de AC\/DC: \u201c<strong>Ten\u00e9s un tiempo limitado para tu show y nosotros queremos desplegar lo nuestro. Cuando vamos a tocar, nos gusta desplegar nuestro show y tratar de hacerlo de la mejor manera posible<\/strong>\u201d.<\/p>\n<figure class=\"wp-block-embed is-type-video is-provider-youtube wp-block-embed-youtube wp-embed-aspect-16-9 wp-has-aspect-ratio\">\n<div class=\"wp-block-embed__wrapper\">\n<div class=\"fluid-width-video-wrapper\"><iframe id=\"fitvid368593\" title=\"La Renga - Balada Del Diablo y La Muerte (Audio)\" src=\"https:\/\/www.youtube.com\/embed\/VC5NaNsR7-8?feature=oembed\" frameborder=\"0\" allowfullscreen=\"allowfullscreen\" data-mce-fragment=\"1\"><\/iframe><\/div>\n<\/div>\n<\/figure>\n<h2 id=\"h-el-regreso-de-ac-dc-a-la-argentina\" class=\"wp-block-heading\">El regreso de AC\/DC a la Argentina<\/h2>\n<p>Despu\u00e9s de arrasar en Norteam\u00e9rica, Europa y Australia,\u00a0AC\/DC\u00a0aterriza en Buenos Aires con\u00a0<strong>Angus Young\u00a0<\/strong>(guitarra l\u00edder),\u00a0<strong><a href=\"https:\/\/indiehoy.com\/historias\/lo-hacen-mal-brian-johnson-y-las-canciones-de-ac-dc-que-los-guitarristas-no-saben-tocar\/\" target=\"_blank\" rel=\"noreferrer noopener\">Brian Johnson<\/a>\u00a0<\/strong>(voz),\u00a0<strong>Stevie Young\u00a0<\/strong>(guitarra r\u00edtmica),<strong>\u00a0Matt Laug\u00a0<\/strong>(bater\u00eda) y<strong>\u00a0Chris Chaney\u00a0<\/strong>(bajo) y un tour que homenajea su disco\u00a0<em>Power Up<\/em>, editado en 2020 y concebido como un homenaje directo a\u00a0<strong>Malcolm Young<\/strong>, guitarrista r\u00edtmico y alma fundacional de la banda.<\/p>\n<div class=\"code-block code-block-39\"><\/div>\n<p>Las fechas en River ser\u00e1n una oportunidad \u00fanica para escuchar en vivo las canciones de este disco y los cl\u00e1sicos que marcaron la historia del grupo y del rock. La \u00faltima vez que\u00a0AC\/DC\u00a0pis\u00f3 suelo argentino fue en diciembre de 2009, con tres funciones completamente agotadas tambi\u00e9n en el Estadio River Plate. Aquellas noches quedaron registradas en el \u00e1lbum y DVD\u00a0<em>Live at River Plate<\/em>\u00a0(2012). Las entradas estar\u00e1n a la venta a partir de hoy a las 10 h exclusivamente a trav\u00e9s de\u00a0AllAccess.<\/p>\n","protected":false},"excerpt":{"rendered":"<p>AC\/DC\u00a0vuelve a la Argentina\u00a0tras 16 a\u00f1os y el p\u00fablico nacional ha respondido con entusiasmo ante la gran noticia. La banda australiana se presentar\u00e1 el 23 de marzo de 2026 en el Estadio River Plate como parte de su arrolladora gira mundial\u00a0Power Up Tour. Como en la mayor\u00eda de los grandes conciertos, habr\u00e1 una banda encargada &hellip;<\/p>\n","protected":false},"author":5,"featured_media":7669,"comment_status":"open","ping_status":"open","sticky":false,"template":"","format":"standard","meta":{"footnotes":""},"categories":[46],"tags":[],"class_list":["post-7668","post","type-post","status-publish","format-standard","has-post-thumbnail","hentry","category-musica"],"_links":{"self":[{"href":"https:\/\/radiobeat97.com.ar\/beat\/wp-json\/wp\/v2\/posts\/7668","targetHints":{"allow":["GET"]}}],"collection":[{"href":"https:\/\/radiobeat97.com.ar\/beat\/wp-json\/wp\/v2\/posts"}],"about":[{"href":"https:\/\/radiobeat97.com.ar\/beat\/wp-json\/wp\/v2\/types\/post"}],"author":[{"embeddable":true,"href":"https:\/\/radiobeat97.com.ar\/beat\/wp-json\/wp\/v2\/users\/5"}],"replies":[{"embeddable":true,"href":"https:\/\/radiobeat97.com.ar\/beat\/wp-json\/wp\/v2\/comments?post=7668"}],"version-history":[{"count":1,"href":"https:\/\/radiobeat97.com.ar\/beat\/wp-json\/wp\/v2\/posts\/7668\/revisions"}],"predecessor-version":[{"id":7670,"href":"https:\/\/radiobeat97.com.ar\/beat\/wp-json\/wp\/v2\/posts\/7668\/revisions\/7670"}],"wp:featuredmedia":[{"embeddable":true,"href":"https:\/\/radiobeat97.com.ar\/beat\/wp-json\/wp\/v2\/media\/7669"}],"wp:attachment":[{"href":"https:\/\/radiobeat97.com.ar\/beat\/wp-json\/wp\/v2\/media?parent=7668"}],"wp:term":[{"taxonomy":"category","embeddable":true,"href":"https:\/\/radiobeat97.com.ar\/beat\/wp-json\/wp\/v2\/categories?post=7668"},{"taxonomy":"post_tag","embeddable":true,"href":"https:\/\/radiobeat97.com.ar\/beat\/wp-json\/wp\/v2\/tags?post=7668"}],"curies":[{"name":"wp","href":"https:\/\/api.w.org\/{rel}","templated":true}]}}