{"id":7690,"date":"2025-11-21T07:54:05","date_gmt":"2025-11-21T10:54:05","guid":{"rendered":"https:\/\/radiobeat97.com.ar\/beat\/?p=7690"},"modified":"2025-11-21T07:54:05","modified_gmt":"2025-11-21T10:54:05","slug":"kempes-jam-2025-skate-parkour-y-mas-deportes-urbanos-en-un-gran-encuentro-provincial","status":"publish","type":"post","link":"https:\/\/radiobeat97.com.ar\/beat\/kempes-jam-2025-skate-parkour-y-mas-deportes-urbanos-en-un-gran-encuentro-provincial\/","title":{"rendered":"Kempes JAM 2025: Skate, parkour y m\u00e1s deportes urbanos en un gran encuentro provincial"},"content":{"rendered":"<article id=\"post-632199\" class=\"post-632199 post type-post status-publish format-standard has-post-thumbnail hentry category-deporte category-informacion-general ast-article-single\">\n<div class=\"ast-post-format- single-layout-1\">\n<div class=\"entry-content clear\">\n<ul class=\" wp-block-list eplus-wrapper eplus-styles-uid-383f33\">\n<li class=\" eplus-wrapper\"><strong>La Provincia lanza este s\u00e1bado su primer gran evento urbano, con la participaci\u00f3n de j\u00f3venes de toda C\u00f3rdoba.<\/strong><\/li>\n<li class=\" eplus-wrapper\"><strong>Roller, longboard, slackline y m\u00e1s, en una jornada que combina deporte, m\u00fasica y comunidad.<\/strong><\/li>\n<li class=\" eplus-wrapper\"><strong>El Parque del Kempes vuelve a consolidarse como un espacio estrat\u00e9gico para el desarrollo del deporte joven.<\/strong><\/li>\n<\/ul>\n<p class=\" eplus-wrapper\">Este s\u00e1bado, de 9 a 15 horas, se realizar\u00e1 el 1\u00b0 Encuentro Provincial de Escuelas Urbanas \u201cKempes JAM 2025\u201d en el Parque del Kempes.<\/p>\n<p class=\" eplus-wrapper\">La propuesta, impulsada por la Agencia C\u00f3rdoba Deportes a trav\u00e9s de Escuelas CBAX, reunir\u00e1 a j\u00f3venes deportistas de toda la provincia en una jornada competitiva, recreativa y llena de energ\u00eda.<\/p>\n<p class=\" eplus-wrapper\">Skateboarding, Roller Inline, Quadskate, Parkour, Longboard, Surfskate, Tabla de velocidad (Pumptrack) y Slackline ser\u00e1n algunas de las disciplinas que dar\u00e1n forma a un evento que combina acci\u00f3n, estilo y compa\u00f1erismo.<\/p>\n<p class=\" eplus-wrapper\">\n<figure class=\" wp-block-image size-full eplus-wrapper\"><img fetchpriority=\"high\" decoding=\"async\" class=\"wp-image-632200\" src=\"https:\/\/prensa.cba.gov.ar\/wp-content\/uploads\/2025\/11\/WhatsApp-Image-2025-11-20-at-15.45.02.jpeg\" sizes=\"(max-width: 993px) 100vw, 993px\" srcset=\"https:\/\/prensa.cba.gov.ar\/wp-content\/uploads\/2025\/11\/WhatsApp-Image-2025-11-20-at-15.45.02.jpeg 993w, https:\/\/prensa.cba.gov.ar\/wp-content\/uploads\/2025\/11\/WhatsApp-Image-2025-11-20-at-15.45.02-300x200.jpeg 300w, https:\/\/prensa.cba.gov.ar\/wp-content\/uploads\/2025\/11\/WhatsApp-Image-2025-11-20-at-15.45.02-768x512.jpeg 768w\" alt=\"\" width=\"993\" height=\"662\" \/><\/figure>\n<p class=\" eplus-wrapper\">El encuentro tiene como objetivo fortalecer el desarrollo del deporte urbano, promover la competencia sana y ampliar las oportunidades de participaci\u00f3n juvenil en espacios p\u00fablicos de calidad.<\/p>\n<p class=\" eplus-wrapper\">La Provincia contin\u00faa impulsando pol\u00edticas deportivas orientadas a nuevas pr\u00e1cticas y expresiones culturales, y el Kempes JAM 2025 representa un paso m\u00e1s en ese camino, potenciando a los j\u00f3venes talentos y consolidando al Parque del Kempes como sede de grandes encuentros urbanos.<\/p>\n<p class=\" eplus-wrapper\">Adem\u00e1s de las competencias, habr\u00e1 premios para los tres primeros puestos de cada modalidad, sorteos y propuestas musicales que acompa\u00f1ar\u00e1n toda la jornada, generando un ambiente de comunidad y celebraci\u00f3n.<\/p>\n<p class=\" eplus-wrapper\">\n<figure class=\" wp-block-image size-full eplus-wrapper\"><img decoding=\"async\" class=\"wp-image-632201\" src=\"https:\/\/prensa.cba.gov.ar\/wp-content\/uploads\/2025\/11\/WhatsApp-Image-2025-11-20-at-15.45.04.jpeg\" sizes=\"(max-width: 993px) 100vw, 993px\" srcset=\"https:\/\/prensa.cba.gov.ar\/wp-content\/uploads\/2025\/11\/WhatsApp-Image-2025-11-20-at-15.45.04.jpeg 993w, https:\/\/prensa.cba.gov.ar\/wp-content\/uploads\/2025\/11\/WhatsApp-Image-2025-11-20-at-15.45.04-300x200.jpeg 300w, https:\/\/prensa.cba.gov.ar\/wp-content\/uploads\/2025\/11\/WhatsApp-Image-2025-11-20-at-15.45.04-768x512.jpeg 768w\" alt=\"\" width=\"993\" height=\"662\" \/><\/figure>\n<p class=\" eplus-wrapper\"><strong>Informaci\u00f3n importante<\/strong><\/p>\n<p class=\" eplus-wrapper\">Acreditaciones: desde las 9:00<br \/>\nLugar: Parque del Kempes \u2013 Ciudad de C\u00f3rdoba<br \/>\nFecha: s\u00e1bado 22 de noviembre \u2013 de 9 a 15 h<br \/>\nInscripciones: abiertas hasta el 19 de noviembre mediante el formulario oficial.<\/p>\n<p class=\" eplus-wrapper\">El Kempes JAM 2025 ser\u00e1 una verdadera fiesta del deporte urbano y una demostraci\u00f3n del crecimiento del movimiento joven en C\u00f3rdoba. Una oportunidad para aprender, compartir y celebrar el talento que sigue surgiendo en cada rinc\u00f3n de la provincia.<\/p>\n<\/div>\n<\/div>\n<\/article>\n","protected":false},"excerpt":{"rendered":"<p>La Provincia lanza este s\u00e1bado su primer gran evento urbano, con la participaci\u00f3n de j\u00f3venes de toda C\u00f3rdoba. Roller, longboard, slackline y m\u00e1s, en una jornada que combina deporte, m\u00fasica y comunidad. El Parque del Kempes vuelve a consolidarse como un espacio estrat\u00e9gico para el desarrollo del deporte joven. Este s\u00e1bado, de 9 a 15 &hellip;<\/p>\n","protected":false},"author":5,"featured_media":7691,"comment_status":"open","ping_status":"open","sticky":false,"template":"","format":"standard","meta":{"footnotes":""},"categories":[48],"tags":[],"class_list":["post-7690","post","type-post","status-publish","format-standard","has-post-thumbnail","hentry","category-info-general"],"_links":{"self":[{"href":"https:\/\/radiobeat97.com.ar\/beat\/wp-json\/wp\/v2\/posts\/7690","targetHints":{"allow":["GET"]}}],"collection":[{"href":"https:\/\/radiobeat97.com.ar\/beat\/wp-json\/wp\/v2\/posts"}],"about":[{"href":"https:\/\/radiobeat97.com.ar\/beat\/wp-json\/wp\/v2\/types\/post"}],"author":[{"embeddable":true,"href":"https:\/\/radiobeat97.com.ar\/beat\/wp-json\/wp\/v2\/users\/5"}],"replies":[{"embeddable":true,"href":"https:\/\/radiobeat97.com.ar\/beat\/wp-json\/wp\/v2\/comments?post=7690"}],"version-history":[{"count":1,"href":"https:\/\/radiobeat97.com.ar\/beat\/wp-json\/wp\/v2\/posts\/7690\/revisions"}],"predecessor-version":[{"id":7695,"href":"https:\/\/radiobeat97.com.ar\/beat\/wp-json\/wp\/v2\/posts\/7690\/revisions\/7695"}],"wp:featuredmedia":[{"embeddable":true,"href":"https:\/\/radiobeat97.com.ar\/beat\/wp-json\/wp\/v2\/media\/7691"}],"wp:attachment":[{"href":"https:\/\/radiobeat97.com.ar\/beat\/wp-json\/wp\/v2\/media?parent=7690"}],"wp:term":[{"taxonomy":"category","embeddable":true,"href":"https:\/\/radiobeat97.com.ar\/beat\/wp-json\/wp\/v2\/categories?post=7690"},{"taxonomy":"post_tag","embeddable":true,"href":"https:\/\/radiobeat97.com.ar\/beat\/wp-json\/wp\/v2\/tags?post=7690"}],"curies":[{"name":"wp","href":"https:\/\/api.w.org\/{rel}","templated":true}]}}