{"id":7767,"date":"2026-01-15T12:05:53","date_gmt":"2026-01-15T15:05:53","guid":{"rendered":"https:\/\/radiobeat97.com.ar\/beat\/?p=7767"},"modified":"2026-01-15T10:08:10","modified_gmt":"2026-01-15T13:08:10","slug":"miguel-siciliano-en-jesus-maria-los-festivales-generan-trabajo-movimiento-economico-y-fortalecen-el-turismo","status":"publish","type":"post","link":"https:\/\/radiobeat97.com.ar\/beat\/miguel-siciliano-en-jesus-maria-los-festivales-generan-trabajo-movimiento-economico-y-fortalecen-el-turismo\/","title":{"rendered":"Miguel Siciliano en Jes\u00fas Mar\u00eda: \u201cLos festivales generan trabajo, movimiento econ\u00f3mico y fortalecen el turismo\u201d"},"content":{"rendered":"<div id=\"content\" class=\"site-content\">\n<div class=\"ast-container\">\n<div id=\"primary\" class=\"content-area primary\"><main id=\"main\" class=\"site-main\"><\/p>\n<article id=\"post-634918\" class=\"post-634918 post type-post status-publish format-standard has-post-thumbnail hentry category-informacion-general category-no-home ast-article-single\">\n<div class=\"ast-post-format- single-layout-1\">\n<div class=\"entry-content clear\">\n<ul class=\" wp-block-list eplus-wrapper eplus-styles-uid-1f4082\">\n<li class=\" eplus-wrapper\"><strong>El ministro de Vinculaci\u00f3n y Gesti\u00f3n Institucional visit\u00f3 el Festival Nacional de Doma y Folklore de Jes\u00fas Mar\u00eda y destac\u00f3 el impacto cultural, social y econ\u00f3mico de los festivales en el interior provincial.\u00a0<\/strong><\/li>\n<li class=\" eplus-wrapper\"><strong>\u00a0En ese marco, anunci\u00f3 el inicio de una obra de pavimentaci\u00f3n de la ruta que une Colonia Caroya y Tinoco, acompa\u00f1ando el desarrollo productivo y tur\u00edstico del norte cordob\u00e9s.<\/strong><\/li>\n<\/ul>\n<p class=\" eplus-wrapper\">El ministro de Vinculaci\u00f3n y Gesti\u00f3n Institucional del Gobierno de la Provincia de C\u00f3rdoba, Miguel Siciliano, visit\u00f3 este mi\u00e9rcoles el Festival Nacional de Doma y Folklore de Jes\u00fas Mar\u00eda, donde puso en valor el rol de estos eventos como generadores de empleo, actividad econ\u00f3mica y fortalecimiento del entramado social.<\/p>\n<p class=\" eplus-wrapper\">Durante su recorrida por el predio, Siciliano se\u00f1al\u00f3 que los festivales no solo preservan la identidad y las tradiciones, sino que tambi\u00e9n producen un impacto concreto en la econom\u00eda local y regional. \u201c<em>Este tipo de eventos demuestra que la cultura tambi\u00e9n es trabajo, es producci\u00f3n y es desarrollo para muchas familias<\/em>\u201d, expres\u00f3.<\/p>\n<p class=\" eplus-wrapper\">Asimismo, remarc\u00f3 que el circuito de festivales impulsa el turismo en toda la provincia, con visitantes que recorren distintas localidades y dinamizan comercios, servicios y emprendimientos.<\/p>\n<figure class=\"wp-block-gallery has-nested-images columns-default is-cropped eplus-wrapper wp-block-gallery-1\">\n<figure class=\"wp-block-image size-full eplus-wrapper wp-lightbox-container\" data-wp-context=\"{&quot;imageId&quot;:&quot;6968e1acc5b90&quot;}\" data-wp-interactive=\"core\/image\"><img fetchpriority=\"high\" decoding=\"async\" class=\"wp-image-634920\" src=\"https:\/\/prensa.cba.gov.ar\/wp-content\/uploads\/2026\/01\/Siciliano-festival-Jesus-Maria-2.jpeg\" sizes=\"(max-width: 1600px) 100vw, 1600px\" srcset=\"https:\/\/prensa.cba.gov.ar\/wp-content\/uploads\/2026\/01\/Siciliano-festival-Jesus-Maria-2.jpeg 1600w, https:\/\/prensa.cba.gov.ar\/wp-content\/uploads\/2026\/01\/Siciliano-festival-Jesus-Maria-2-300x201.jpeg 300w, https:\/\/prensa.cba.gov.ar\/wp-content\/uploads\/2026\/01\/Siciliano-festival-Jesus-Maria-2-1024x685.jpeg 1024w, https:\/\/prensa.cba.gov.ar\/wp-content\/uploads\/2026\/01\/Siciliano-festival-Jesus-Maria-2-768x514.jpeg 768w, https:\/\/prensa.cba.gov.ar\/wp-content\/uploads\/2026\/01\/Siciliano-festival-Jesus-Maria-2-1536x1027.jpeg 1536w\" alt=\"\" width=\"1600\" height=\"1070\" data-wp-class--hide=\"state.isContentHidden\" data-wp-class--show=\"state.isContentVisible\" data-wp-init=\"callbacks.setButtonStyles\" data-wp-on-async--click=\"actions.showLightbox\" data-wp-on-async--load=\"callbacks.setButtonStyles\" data-wp-on-async-window--resize=\"callbacks.setButtonStyles\" data-id=\"634920\" \/><button class=\"lightbox-trigger\" type=\"button\" aria-haspopup=\"dialog\" aria-label=\"Agrandar\" data-wp-init=\"callbacks.initTriggerButton\" data-wp-on-async--click=\"actions.showLightbox\" data-wp-style--right=\"state.imageButtonRight\" data-wp-style--top=\"state.imageButtonTop\"><\/button><\/figure>\n<figure class=\"wp-block-image size-full eplus-wrapper wp-lightbox-container\" data-wp-context=\"{&quot;imageId&quot;:&quot;6968e1acc6757&quot;}\" data-wp-interactive=\"core\/image\"><img decoding=\"async\" class=\"wp-image-634921\" src=\"https:\/\/prensa.cba.gov.ar\/wp-content\/uploads\/2026\/01\/Siciliano-festival-Jesus-Maria-3.jpeg\" sizes=\"(max-width: 1600px) 100vw, 1600px\" srcset=\"https:\/\/prensa.cba.gov.ar\/wp-content\/uploads\/2026\/01\/Siciliano-festival-Jesus-Maria-3.jpeg 1600w, https:\/\/prensa.cba.gov.ar\/wp-content\/uploads\/2026\/01\/Siciliano-festival-Jesus-Maria-3-300x201.jpeg 300w, https:\/\/prensa.cba.gov.ar\/wp-content\/uploads\/2026\/01\/Siciliano-festival-Jesus-Maria-3-1024x685.jpeg 1024w, https:\/\/prensa.cba.gov.ar\/wp-content\/uploads\/2026\/01\/Siciliano-festival-Jesus-Maria-3-768x514.jpeg 768w, https:\/\/prensa.cba.gov.ar\/wp-content\/uploads\/2026\/01\/Siciliano-festival-Jesus-Maria-3-1536x1027.jpeg 1536w\" alt=\"\" width=\"1600\" height=\"1070\" data-wp-class--hide=\"state.isContentHidden\" data-wp-class--show=\"state.isContentVisible\" data-wp-init=\"callbacks.setButtonStyles\" data-wp-on-async--click=\"actions.showLightbox\" data-wp-on-async--load=\"callbacks.setButtonStyles\" data-wp-on-async-window--resize=\"callbacks.setButtonStyles\" data-id=\"634921\" \/><button class=\"lightbox-trigger\" type=\"button\" aria-haspopup=\"dialog\" aria-label=\"Agrandar\" data-wp-init=\"callbacks.initTriggerButton\" data-wp-on-async--click=\"actions.showLightbox\" data-wp-style--right=\"state.imageButtonRight\" data-wp-style--top=\"state.imageButtonTop\"><\/button><\/figure>\n<figure class=\"wp-block-image size-full eplus-wrapper wp-lightbox-container\" data-wp-context=\"{&quot;imageId&quot;:&quot;6968e1acc72e0&quot;}\" data-wp-interactive=\"core\/image\"><img decoding=\"async\" class=\"wp-image-634919\" src=\"https:\/\/prensa.cba.gov.ar\/wp-content\/uploads\/2026\/01\/Siciliano-festival-Jesus-Maria-1.jpeg\" sizes=\"(max-width: 1461px) 100vw, 1461px\" srcset=\"https:\/\/prensa.cba.gov.ar\/wp-content\/uploads\/2026\/01\/Siciliano-festival-Jesus-Maria-1.jpeg 1461w, https:\/\/prensa.cba.gov.ar\/wp-content\/uploads\/2026\/01\/Siciliano-festival-Jesus-Maria-1-300x198.jpeg 300w, https:\/\/prensa.cba.gov.ar\/wp-content\/uploads\/2026\/01\/Siciliano-festival-Jesus-Maria-1-1024x677.jpeg 1024w, https:\/\/prensa.cba.gov.ar\/wp-content\/uploads\/2026\/01\/Siciliano-festival-Jesus-Maria-1-768x508.jpeg 768w\" alt=\"\" width=\"1461\" height=\"966\" data-wp-class--hide=\"state.isContentHidden\" data-wp-class--show=\"state.isContentVisible\" data-wp-init=\"callbacks.setButtonStyles\" data-wp-on-async--click=\"actions.showLightbox\" data-wp-on-async--load=\"callbacks.setButtonStyles\" data-wp-on-async-window--resize=\"callbacks.setButtonStyles\" data-id=\"634919\" \/><button class=\"lightbox-trigger\" type=\"button\" aria-haspopup=\"dialog\" aria-label=\"Agrandar\" data-wp-init=\"callbacks.initTriggerButton\" data-wp-on-async--click=\"actions.showLightbox\" data-wp-style--right=\"state.imageButtonRight\" data-wp-style--top=\"state.imageButtonTop\"><\/button><\/figure>\n<\/figure>\n<p class=\" eplus-wrapper\">En relaci\u00f3n con la infraestructura, el ministro subray\u00f3 la importancia de las obras viales para acompa\u00f1ar ese crecimiento. \u201c<em>La conectividad es clave para el desarrollo productivo y tur\u00edstico. Las rutas no solo unen pueblos, tambi\u00e9n generan oportunidades<\/em>\u201d, afirm\u00f3.<\/p>\n<p class=\" eplus-wrapper\">En ese contexto, anunci\u00f3 que el Gobierno de C\u00f3rdoba, a trav\u00e9s del Ministerio de Infraestructura y Servicios P\u00fablicos, iniciar\u00e1 la pavimentaci\u00f3n de la Ruta Provincial S-433, en el tramo que une Colonia Caroya con Tinoco, con una extensi\u00f3n de 10,1 kil\u00f3metros.<\/p>\n<p class=\" eplus-wrapper\">Siciliano sostuvo adem\u00e1s que el acompa\u00f1amiento del Estado a los festivales es una decisi\u00f3n estrat\u00e9gica. \u201c<em>Durante a\u00f1os se discuti\u00f3 si apoyar estos eventos era un gasto. Hoy est\u00e1 claro que es una inversi\u00f3n en identidad, trabajo y desarrollo<\/em>\u201d, indic\u00f3.<\/p>\n<p class=\" eplus-wrapper\">Finalmente, el ministro valor\u00f3 la llegada del presidente Javier Milei a C\u00f3rdoba para participar del festival y consider\u00f3 positiva su presencia. \u201c<em>Est\u00e1 bueno que pueda conocer en primera persona nuestras tradiciones y la importancia que estos eventos tienen para la vida cultural y econ\u00f3mica de la provincia<\/em>\u201d, concluy\u00f3.<\/p>\n<p class=\" eplus-wrapper\">\n<\/div>\n<\/div>\n<\/article>\n<nav class=\"navigation post-navigation\" aria-label=\"Navegaci\u00f3n de entradas\"><span class=\"screen-reader-text\">Navegaci\u00f3n de entradas<\/span><\/nav>\n<p><\/main><\/div>\n<\/div>\n<\/div>\n<footer id=\"colophon\" class=\"site-footer\">\n<div class=\"footer-adv footer-adv-layout-4\">\n<section class=\"colores\">\n<section class=\"color\"><\/section>\n<section class=\"color\"><\/section>\n<section class=\"color\"><\/section>\n<section class=\"color\"><\/section>\n<\/section>\n<div class=\"footer-adv-overlay\">\n<div class=\"ast-container\">\n<div class=\"ast-row\">\n<div class=\"ast-col-lg-4 ast-col-md-4 ast-col-sm-12 ast-col-xs-12 footer-adv-widget footer-adv-widget-1\"><\/div>\n<div class=\"ast-col-lg-4 ast-col-md-4 ast-col-sm-12 ast-col-xs-12 footer-adv-widget footer-adv-widget-2\"><\/div>\n<\/div>\n<\/div>\n<\/div>\n<\/div>\n<\/footer>\n","protected":false},"excerpt":{"rendered":"<p>El ministro de Vinculaci\u00f3n y Gesti\u00f3n Institucional visit\u00f3 el Festival Nacional de Doma y Folklore de Jes\u00fas Mar\u00eda y destac\u00f3 el impacto cultural, social y econ\u00f3mico de los festivales en el interior provincial.\u00a0 \u00a0En ese marco, anunci\u00f3 el inicio de una obra de pavimentaci\u00f3n de la ruta que une Colonia Caroya y Tinoco, acompa\u00f1ando el &hellip;<\/p>\n","protected":false},"author":5,"featured_media":7768,"comment_status":"open","ping_status":"open","sticky":false,"template":"","format":"standard","meta":{"footnotes":""},"categories":[50,48],"tags":[],"class_list":["post-7767","post","type-post","status-publish","format-standard","has-post-thumbnail","hentry","category-entretenimiento","category-info-general"],"_links":{"self":[{"href":"https:\/\/radiobeat97.com.ar\/beat\/wp-json\/wp\/v2\/posts\/7767","targetHints":{"allow":["GET"]}}],"collection":[{"href":"https:\/\/radiobeat97.com.ar\/beat\/wp-json\/wp\/v2\/posts"}],"about":[{"href":"https:\/\/radiobeat97.com.ar\/beat\/wp-json\/wp\/v2\/types\/post"}],"author":[{"embeddable":true,"href":"https:\/\/radiobeat97.com.ar\/beat\/wp-json\/wp\/v2\/users\/5"}],"replies":[{"embeddable":true,"href":"https:\/\/radiobeat97.com.ar\/beat\/wp-json\/wp\/v2\/comments?post=7767"}],"version-history":[{"count":1,"href":"https:\/\/radiobeat97.com.ar\/beat\/wp-json\/wp\/v2\/posts\/7767\/revisions"}],"predecessor-version":[{"id":7769,"href":"https:\/\/radiobeat97.com.ar\/beat\/wp-json\/wp\/v2\/posts\/7767\/revisions\/7769"}],"wp:featuredmedia":[{"embeddable":true,"href":"https:\/\/radiobeat97.com.ar\/beat\/wp-json\/wp\/v2\/media\/7768"}],"wp:attachment":[{"href":"https:\/\/radiobeat97.com.ar\/beat\/wp-json\/wp\/v2\/media?parent=7767"}],"wp:term":[{"taxonomy":"category","embeddable":true,"href":"https:\/\/radiobeat97.com.ar\/beat\/wp-json\/wp\/v2\/categories?post=7767"},{"taxonomy":"post_tag","embeddable":true,"href":"https:\/\/radiobeat97.com.ar\/beat\/wp-json\/wp\/v2\/tags?post=7767"}],"curies":[{"name":"wp","href":"https:\/\/api.w.org\/{rel}","templated":true}]}}