{"id":7791,"date":"2026-01-23T12:02:57","date_gmt":"2026-01-23T15:02:57","guid":{"rendered":"https:\/\/radiobeat97.com.ar\/beat\/?p=7791"},"modified":"2026-01-23T12:02:57","modified_gmt":"2026-01-23T15:02:57","slug":"actividades-gratuitas-y-al-aire-libre-la-kermes-cultural-comienza-su-recorrido-por-los-barrios-de-cordoba","status":"publish","type":"post","link":"https:\/\/radiobeat97.com.ar\/beat\/actividades-gratuitas-y-al-aire-libre-la-kermes-cultural-comienza-su-recorrido-por-los-barrios-de-cordoba\/","title":{"rendered":"Actividades gratuitas y al aire libre: La Kerm\u00e9s Cultural comienza su recorrido por los barrios de C\u00f3rdoba"},"content":{"rendered":"<article id=\"post-635313\" class=\"post-635313 post type-post status-publish format-standard has-post-thumbnail hentry category-cultura-y-espectaculos category-informacion-general category-no-home ast-article-single\">\n<div class=\"ast-post-format- single-layout-1\">\n<div class=\"entry-content clear\">\n<ul class=\" wp-block-list eplus-wrapper eplus-styles-uid-24172a\">\n<li class=\" eplus-wrapper\"><strong>El objetivo es acercar propuestas culturales a la comunidad y promover el uso de los espacios p\u00fablicos como \u00e1mbitos de encuentro.<\/strong><\/li>\n<li class=\" eplus-wrapper\"><strong>Marcelo Rodio, presidente de la Agencia C\u00f3rdoba Cultura, destac\u00f3 el car\u00e1cter familiar de la convocatoria.\u00a0<\/strong><\/li>\n<li class=\" eplus-wrapper\"><strong>Este fin de semana ser\u00e1 el turno de los barrios Parque Rep\u00fablica y San Mart\u00edn, donde habr\u00e1 juegos, m\u00fasica en vivo, cine y otras actividades.<\/strong><\/li>\n<\/ul>\n<p class=\" eplus-wrapper\">La Agencia C\u00f3rdoba Cultura pone en marcha este fin de semana la\u00a0<strong>Kerm\u00e9s Cultural<\/strong>, una propuesta pensada para disfrutar el verano en familia y que se desarrollar\u00e1 en distintos barrios de la ciudad de C\u00f3rdoba, con el objetivo de acercar actividades culturales gratuitas a la comunidad y promover el uso de los espacios p\u00fablicos como \u00e1mbitos de encuentro.<\/p>\n<p class=\" eplus-wrapper\">La iniciativa invita a compartir una tarde al aire libre con juegos tradicionales de kerm\u00e9s, espect\u00e1culos musicales en vivo y funciones del Cine M\u00f3vil, en un formato accesible, inclusivo y pensado para todas las edades.<\/p>\n<p class=\" eplus-wrapper\">Durante la temporada de verano, la<strong>\u00a0Kerm\u00e9s Cultural<\/strong>\u00a0recorrer\u00e1 distintos puntos de la capital, que ir\u00e1n siendo anunciados semanalmente. Este fin de semana ser\u00e1 el turno de los barrios Parque Rep\u00fablica y San Mart\u00edn.<\/p>\n<p class=\" eplus-wrapper\">Al respecto, el titular de la cartera cultural, Marcelo Rodio, destac\u00f3 el car\u00e1cter familiar de la convocatoria y se\u00f1al\u00f3 que \u201c<em>se trata de una propuesta pensada para reunir a las familias y a los vecinos con juegos, entretenimientos y actividades culturales para disfrutar con entrada libre y gratuita<\/em>\u201d.<\/p>\n<h4 class=\" wp-block-heading eplus-wrapper\"><strong>Actividades para todos los gustos<\/strong><\/h4>\n<p class=\" eplus-wrapper\">Este s\u00e1bado 24 de enero desde las 18, la\u00a0<strong>Kerm\u00e9s Cultural\u00a0<\/strong>se desarrollar\u00e1 en la Plaza Parque Rep\u00fablica, con una tarde de juegos tradicionales y m\u00fasica en vivo a cargo de Tania Ben\u00edtez y el grupo La Llave. El cierre ser\u00e1 el Cine M\u00f3vil con la proyecci\u00f3n de la pel\u00edcula \u201cMetegol\u201d, una funci\u00f3n al aire libre para toda la familia.<\/p>\n<p class=\" eplus-wrapper\">En tanto, el domingo 25 la actividad se trasladar\u00e1 a la Plaza Rafael N\u00fa\u00f1ez, donde vecinos y vecinas podr\u00e1n disfrutar tambi\u00e9n de juegos recreativos, espect\u00e1culos musicales junto al grupo Rivera Folk y Turquito Nadir cuarteto inclusivo. La funci\u00f3n del cine m\u00f3vil al aire libre contar\u00e1 con la proyecci\u00f3n de la pel\u00edcula \u201cGigantes\u201d.<\/p>\n<p class=\" eplus-wrapper\">Con esta propuesta, la Agencia C\u00f3rdoba Cultura contin\u00faa fortaleciendo las pol\u00edticas de acceso a la cultura, la descentralizaci\u00f3n territorial, el encuentro comunitario y la puesta en valor del talento art\u00edstico local, generando espacios de disfrute y participaci\u00f3n en plazas y polideportivos barriales.<\/p>\n<figure class=\"wp-block-gallery has-nested-images columns-default is-cropped eplus-wrapper wp-block-gallery-1\">\n<figure class=\"wp-block-image size-full eplus-wrapper wp-lightbox-container\" data-wp-context=\"{&quot;imageId&quot;:&quot;69738bb7bf208&quot;}\" data-wp-interactive=\"core\/image\"><img fetchpriority=\"high\" decoding=\"async\" class=\"wp-image-635319\" src=\"https:\/\/prensa.cba.gov.ar\/wp-content\/uploads\/2026\/01\/Kermes-Cultural-4.jpg\" sizes=\"(max-width: 990px) 100vw, 990px\" srcset=\"https:\/\/prensa.cba.gov.ar\/wp-content\/uploads\/2026\/01\/Kermes-Cultural-4.jpg 990w, https:\/\/prensa.cba.gov.ar\/wp-content\/uploads\/2026\/01\/Kermes-Cultural-4-300x182.jpg 300w, https:\/\/prensa.cba.gov.ar\/wp-content\/uploads\/2026\/01\/Kermes-Cultural-4-768x465.jpg 768w\" alt=\"\" width=\"990\" height=\"600\" data-wp-class--hide=\"state.isContentHidden\" data-wp-class--show=\"state.isContentVisible\" data-wp-init=\"callbacks.setButtonStyles\" data-wp-on-async--click=\"actions.showLightbox\" data-wp-on-async--load=\"callbacks.setButtonStyles\" data-wp-on-async-window--resize=\"callbacks.setButtonStyles\" data-id=\"635319\" \/><button class=\"lightbox-trigger\" type=\"button\" aria-haspopup=\"dialog\" aria-label=\"Agrandar\" data-wp-init=\"callbacks.initTriggerButton\" data-wp-on-async--click=\"actions.showLightbox\" data-wp-style--right=\"state.imageButtonRight\" data-wp-style--top=\"state.imageButtonTop\"><\/button><\/figure>\n<figure class=\"wp-block-image size-full eplus-wrapper wp-lightbox-container\" data-wp-context=\"{&quot;imageId&quot;:&quot;69738bb7bf72d&quot;}\" data-wp-interactive=\"core\/image\"><img decoding=\"async\" class=\"wp-image-635321\" src=\"https:\/\/prensa.cba.gov.ar\/wp-content\/uploads\/2026\/01\/Kermes-Cultural-2.jpg\" sizes=\"(max-width: 990px) 100vw, 990px\" srcset=\"https:\/\/prensa.cba.gov.ar\/wp-content\/uploads\/2026\/01\/Kermes-Cultural-2.jpg 990w, https:\/\/prensa.cba.gov.ar\/wp-content\/uploads\/2026\/01\/Kermes-Cultural-2-300x182.jpg 300w, https:\/\/prensa.cba.gov.ar\/wp-content\/uploads\/2026\/01\/Kermes-Cultural-2-768x465.jpg 768w\" alt=\"\" width=\"990\" height=\"600\" data-wp-class--hide=\"state.isContentHidden\" data-wp-class--show=\"state.isContentVisible\" data-wp-init=\"callbacks.setButtonStyles\" data-wp-on-async--click=\"actions.showLightbox\" data-wp-on-async--load=\"callbacks.setButtonStyles\" data-wp-on-async-window--resize=\"callbacks.setButtonStyles\" data-id=\"635321\" \/><button class=\"lightbox-trigger\" type=\"button\" aria-haspopup=\"dialog\" aria-label=\"Agrandar\" data-wp-init=\"callbacks.initTriggerButton\" data-wp-on-async--click=\"actions.showLightbox\" data-wp-style--right=\"state.imageButtonRight\" data-wp-style--top=\"state.imageButtonTop\"><\/button><\/figure>\n<figure class=\"wp-block-image size-full eplus-wrapper wp-lightbox-container\" data-wp-context=\"{&quot;imageId&quot;:&quot;69738bb7bfc12&quot;}\" data-wp-interactive=\"core\/image\"><img decoding=\"async\" class=\"wp-image-635317\" src=\"https:\/\/prensa.cba.gov.ar\/wp-content\/uploads\/2026\/01\/Kermes-Cultural-6.jpg\" sizes=\"(max-width: 990px) 100vw, 990px\" srcset=\"https:\/\/prensa.cba.gov.ar\/wp-content\/uploads\/2026\/01\/Kermes-Cultural-6.jpg 990w, https:\/\/prensa.cba.gov.ar\/wp-content\/uploads\/2026\/01\/Kermes-Cultural-6-300x182.jpg 300w, https:\/\/prensa.cba.gov.ar\/wp-content\/uploads\/2026\/01\/Kermes-Cultural-6-768x465.jpg 768w\" alt=\"\" width=\"990\" height=\"600\" data-wp-class--hide=\"state.isContentHidden\" data-wp-class--show=\"state.isContentVisible\" data-wp-init=\"callbacks.setButtonStyles\" data-wp-on-async--click=\"actions.showLightbox\" data-wp-on-async--load=\"callbacks.setButtonStyles\" data-wp-on-async-window--resize=\"callbacks.setButtonStyles\" data-id=\"635317\" \/><button class=\"lightbox-trigger\" type=\"button\" aria-haspopup=\"dialog\" aria-label=\"Agrandar\" data-wp-init=\"callbacks.initTriggerButton\" data-wp-on-async--click=\"actions.showLightbox\" data-wp-style--right=\"state.imageButtonRight\" data-wp-style--top=\"state.imageButtonTop\"><\/button><\/figure>\n<\/figure>\n<h4 class=\" wp-block-heading eplus-wrapper\"><strong>Grilla del fin de semana<\/strong><\/h4>\n<p class=\" eplus-wrapper\"><strong>S\u00e1bado 24 de enero desde las 18<\/strong><\/p>\n<p class=\" eplus-wrapper\">Plaza Parque Rep\u00fablica \u2013 Coronel M. Namuncur\u00e1 y Sayhuequ\u00e9<\/p>\n<p class=\" eplus-wrapper\"><strong>Programaci\u00f3n<\/strong><\/p>\n<ul class=\" wp-block-list eplus-wrapper eplus-styles-uid-e15b7b\">\n<li class=\" eplus-wrapper\">Apertura de juegos de kerm\u00e9s y actividades recreativas.<\/li>\n<li class=\" eplus-wrapper\">Presentaci\u00f3n musical de Tania Ben\u00edtez (folclore). Desde Goya, Corrientes, llega la talentosa cantante Tania Ben\u00edtez, una artista que desde muy joven ha desarrollado una profunda conexi\u00f3n con el folclore argentino. Con una voz dulce y emotiva, interpreta canciones que homenajean a las distintas regiones del pa\u00eds.<\/li>\n<li class=\" eplus-wrapper\">Presentaci\u00f3n de Los Cuarteteros (cuarteto). Banda oriunda de la ciudad de C\u00f3rdoba que fusiona la esencia del cuarteto tradicional con una propuesta renovada, fresca y actual, manteniendo viva la identidad cultural del g\u00e9nero.<\/li>\n<li class=\" eplus-wrapper\">Funci\u00f3n del Cine M\u00f3vil con proyecci\u00f3n de la pel\u00edcula Metegol. Amadeo es un chico t\u00edmido y virtuoso que deber\u00e1 enfrentarse a un habilidoso rival conocido como \u201cEl Crack\u201d. Para lograrlo, contar\u00e1 con la ayuda de unos carism\u00e1ticos jugadores de f\u00fatbol. La historia aborda valores como la amistad, el amor y la pasi\u00f3n<\/li>\n<\/ul>\n<p class=\" eplus-wrapper\"><strong>Domingo 25 de enero desde las 18<\/strong><\/p>\n<p class=\" eplus-wrapper\">Plaza Rafael N\u00fa\u00f1ez \u2013 Santa Fe esquina Castro Barros<\/p>\n<p class=\" eplus-wrapper\">Programaci\u00f3n<\/p>\n<ul class=\" wp-block-list eplus-wrapper eplus-styles-uid-025d0a\">\n<li class=\" eplus-wrapper\">Juegos de kerm\u00e9s y propuestas participativas para toda la familia.<\/li>\n<li class=\" eplus-wrapper\">Presentaci\u00f3n musical de Rivera Folk (folclore). Banda de folclore con una propuesta moderna que combina ritmos tradicionales como zambas, chacareras y gatos con influencias del rock y el pop. Su repertorio incluye composiciones propias y versiones renovadas de cl\u00e1sicos del folclore argentino.<\/li>\n<li class=\" eplus-wrapper\">Presentaci\u00f3n de Turquito Nadir \u2013 Cuarteto Inclusivo. Primera banda de cuarteto inclusivo de Argentina, integrada por personas con y sin discapacidad, promoviendo la igualdad y demostrando que la m\u00fasica no tiene barreras. El proyecto es liderado por Turquito, fundador de escuelas de m\u00fasica gratuitas en barrios de C\u00f3rdoba.<\/li>\n<li class=\" eplus-wrapper\">Funci\u00f3n del Cine M\u00f3vil con proyecci\u00f3n de la pel\u00edcula Gigantes. Alfonso, un ni\u00f1o de 11 a\u00f1os y heredero de Don Quijote, junto a sus conejos imaginarios y sus amigos, se embarca en una aventura para salvar a su pueblo de una gran tormenta.<\/li>\n<\/ul>\n<p class=\" eplus-wrapper\"><strong>Suena una banda en el Ciencias<\/strong><\/p>\n<p class=\" eplus-wrapper\">Adem\u00e1s, el s\u00e1bado 24 a las 19, la m\u00fasica ser\u00e1 protagonista con el inicio del ciclo \u00a1Suena una Banda!, en el Museo de Ciencias Naturales (Av. Poeta Lugones 395). La propuesta impulsa la formaci\u00f3n musical y la circulaci\u00f3n de talentos en la provincia.<\/p>\n<p class=\" eplus-wrapper\">En esta oportunidad se presentar\u00e1 como solista la violinista Sof\u00eda Herman, oriunda de Villa Carlos Paz y actual Concertino Principal de la Sinf\u00f3nica Juvenil Nacional Libertador San Mart\u00edn, con un repertorio que incluye obras de Vivaldi y Saint-Sa\u00ebns. Entrada libre y gratuita.<\/p>\n<\/div>\n<\/div>\n<\/article>\n","protected":false},"excerpt":{"rendered":"<p>El objetivo es acercar propuestas culturales a la comunidad y promover el uso de los espacios p\u00fablicos como \u00e1mbitos de encuentro. Marcelo Rodio, presidente de la Agencia C\u00f3rdoba Cultura, destac\u00f3 el car\u00e1cter familiar de la convocatoria.\u00a0 Este fin de semana ser\u00e1 el turno de los barrios Parque Rep\u00fablica y San Mart\u00edn, donde habr\u00e1 juegos, m\u00fasica &hellip;<\/p>\n","protected":false},"author":5,"featured_media":7792,"comment_status":"open","ping_status":"open","sticky":false,"template":"","format":"standard","meta":{"footnotes":""},"categories":[50],"tags":[],"class_list":["post-7791","post","type-post","status-publish","format-standard","has-post-thumbnail","hentry","category-entretenimiento"],"_links":{"self":[{"href":"https:\/\/radiobeat97.com.ar\/beat\/wp-json\/wp\/v2\/posts\/7791","targetHints":{"allow":["GET"]}}],"collection":[{"href":"https:\/\/radiobeat97.com.ar\/beat\/wp-json\/wp\/v2\/posts"}],"about":[{"href":"https:\/\/radiobeat97.com.ar\/beat\/wp-json\/wp\/v2\/types\/post"}],"author":[{"embeddable":true,"href":"https:\/\/radiobeat97.com.ar\/beat\/wp-json\/wp\/v2\/users\/5"}],"replies":[{"embeddable":true,"href":"https:\/\/radiobeat97.com.ar\/beat\/wp-json\/wp\/v2\/comments?post=7791"}],"version-history":[{"count":1,"href":"https:\/\/radiobeat97.com.ar\/beat\/wp-json\/wp\/v2\/posts\/7791\/revisions"}],"predecessor-version":[{"id":7793,"href":"https:\/\/radiobeat97.com.ar\/beat\/wp-json\/wp\/v2\/posts\/7791\/revisions\/7793"}],"wp:featuredmedia":[{"embeddable":true,"href":"https:\/\/radiobeat97.com.ar\/beat\/wp-json\/wp\/v2\/media\/7792"}],"wp:attachment":[{"href":"https:\/\/radiobeat97.com.ar\/beat\/wp-json\/wp\/v2\/media?parent=7791"}],"wp:term":[{"taxonomy":"category","embeddable":true,"href":"https:\/\/radiobeat97.com.ar\/beat\/wp-json\/wp\/v2\/categories?post=7791"},{"taxonomy":"post_tag","embeddable":true,"href":"https:\/\/radiobeat97.com.ar\/beat\/wp-json\/wp\/v2\/tags?post=7791"}],"curies":[{"name":"wp","href":"https:\/\/api.w.org\/{rel}","templated":true}]}}