{"id":7963,"date":"2026-04-28T08:41:42","date_gmt":"2026-04-28T11:41:42","guid":{"rendered":"https:\/\/radiobeat97.com.ar\/beat\/?p=7963"},"modified":"2026-04-27T08:42:24","modified_gmt":"2026-04-27T11:42:24","slug":"restauran-el-monumento-a-bustos-frente-al-centro-civico","status":"publish","type":"post","link":"https:\/\/radiobeat97.com.ar\/beat\/restauran-el-monumento-a-bustos-frente-al-centro-civico\/","title":{"rendered":"Restauran el monumento a Bustos frente al Centro C\u00edvico"},"content":{"rendered":"<ul class=\" wp-block-list eplus-wrapper eplus-styles-uid-fd981d\">\n<li class=\" eplus-wrapper\"><strong>Los trabajos forman parte del plan de revalorizaci\u00f3n del patrimonio escult\u00f3rico y del arte p\u00fablico en un espacio verde que tambi\u00e9n lucir\u00e1 recuperado.<\/strong><\/li>\n<li class=\" eplus-wrapper\"><strong>La intervenci\u00f3n permite preservar la principal obra escult\u00f3rica del parque y consolidar la recuperaci\u00f3n integral del predio.Los trabajos forman parte del plan de revalorizaci\u00f3n del patrimonio escult\u00f3rico y del arte p\u00fablico en un espacio verde que tambi\u00e9n lucir\u00e1 recuperado.<\/strong><\/li>\n<\/ul>\n<p class=\" eplus-wrapper\">Concluyeron los trabajos de restauraci\u00f3n de la escultura ecuestre del gobernador Juan Bautista Bustos, emplazada frente al ingreso del Centro C\u00edvico, como parte del proceso de revalorizaci\u00f3n integral del parque ubicado en el sector.<\/p>\n<p class=\" eplus-wrapper\">La intervenci\u00f3n se inscribe en el plan de revalorizaci\u00f3n del patrimonio escult\u00f3rico y del arte p\u00fablico que impulsa la Provincia en este espacio verde de 36 mil metros cuadrados, situado entre la sede del Gobierno provincial y la Legislatura.<\/p>\n<p class=\" eplus-wrapper\">El parque, que est\u00e1 siendo remozado, se consolidar\u00e1 como un pulm\u00f3n verde abierto a la comunidad, con especies nativas, juegos infantiles sostenibles, sectores de calistenia, y senderos peatonales.<\/p>\n<p class=\" eplus-wrapper\">El director general de Preservaci\u00f3n de Espacios P\u00fablicos de la Provincia, Leandro Prone, explic\u00f3 que la tarea se centra en la recuperaci\u00f3n y protecci\u00f3n de la obra central del parque.<\/p>\n<p class=\" eplus-wrapper\"><em>\u201cEstamos recuperando la p\u00e1tina para poder darle la protecci\u00f3n que necesita\u201d,\u00a0<\/em>se\u00f1al\u00f3. Y agreg\u00f3 que los trabajos se encuentran en su etapa final, por lo que s\u00f3lo restan detalles para dejarla en \u00f3ptimas condiciones.<\/p>\n<p class=\" eplus-wrapper\"><em>\u201cTodo el parque ha tenido una recuperaci\u00f3n muy grande, una refuncionalizaci\u00f3n integral, y va a ser un lugar muy visitado y muy disfrutado por todos los vecinos de la ciudad\u201d,\u00a0<\/em>expres\u00f3 Prone.<\/p>\n<figure class=\" wp-block-image size-full eplus-wrapper\"><img fetchpriority=\"high\" decoding=\"async\" class=\"wp-image-640984\" src=\"https:\/\/prensa.cba.gov.ar\/wp-content\/uploads\/2026\/04\/WhatsApp-Image-2026-04-26-at-16.19.00.jpeg\" sizes=\"(max-width: 993px) 100vw, 993px\" srcset=\"https:\/\/prensa.cba.gov.ar\/wp-content\/uploads\/2026\/04\/WhatsApp-Image-2026-04-26-at-16.19.00.jpeg 993w, https:\/\/prensa.cba.gov.ar\/wp-content\/uploads\/2026\/04\/WhatsApp-Image-2026-04-26-at-16.19.00-300x200.jpeg 300w, https:\/\/prensa.cba.gov.ar\/wp-content\/uploads\/2026\/04\/WhatsApp-Image-2026-04-26-at-16.19.00-768x512.jpeg 768w\" alt=\"\" width=\"993\" height=\"662\" \/><\/figure>\n<p class=\" eplus-wrapper\">La figura del brigadier, hecha de bronce, emplazada sobre un pedestal de m\u00e1s de tres metros de altura, ocupa un lugar central dentro del dise\u00f1o del parque y constituye uno de sus principales atractivos patrimoniales y culturales.<\/p>\n<p class=\" eplus-wrapper\">La obra representa en tama\u00f1o real tanto al caballo como al primer gobernador de C\u00f3rdoba, Juan Bautista Bustos, lo que refuerza su presencia monumental y el impacto visual del conjunto.<\/p>\n<p class=\" eplus-wrapper\">La escultura fue realizada por el artista Marcelo Hepp, ganador en 2010 del concurso correspondiente.<\/p>\n<p class=\" eplus-wrapper\">La obra ubicada frente al Centro C\u00edvico se suma a otras representaciones del pr\u00f3cer que se replican en distintos puntos del pa\u00eds, entre ellos C\u00f3rdoba capital, R\u00edo Cuarto, Villa Carlos Paz, Villa Mar\u00eda, San Francisco y la Ciudad Aut\u00f3noma de Buenos Aires.<\/p>\n<p class=\" eplus-wrapper\">En esta etapa de restauraci\u00f3n participa el escultor Ricardo Zavala, quien integra el equipo t\u00e9cnico a cargo de la puesta en valor del patrimonio escult\u00f3rico del parque. El especialista destac\u00f3 la calidad art\u00edstica de la obra y detall\u00f3 que se ejecutaron tareas espec\u00edficas para su conservaci\u00f3n, a pesar de tratarse de una pieza relativamente reciente, debido a su exposici\u00f3n permanente a las condiciones clim\u00e1ticas.<\/p>\n<p class=\" eplus-wrapper\">Entre las acciones realizadas se incluyeron la limpieza con jabones neutros, el tratamiento de la superficie de bronce y la aplicaci\u00f3n de una preparaci\u00f3n especial compuesta por ceras y glicerinas, con el objetivo de recuperar la terminaci\u00f3n original y reforzar su protecci\u00f3n.<\/p>\n<p class=\" eplus-wrapper\">Desde el a\u00f1o 2016, en el marco de las celebraciones por el Bicentenario de la Independencia, la escultura ecuestre de Juan Bautista Bustos integra el entorno del Centro C\u00edvico y constituye una de las obras patrimoniales m\u00e1s emblem\u00e1ticas del Parque del Bicentenario.<\/p>\n<p class=\" eplus-wrapper\">De este modo, la Provincia avanza en la preservaci\u00f3n de una de las obras m\u00e1s emblem\u00e1ticas del Parque del Bicentenario y reafirma su compromiso con el cuidado de los espacios p\u00fablicos, el patrimonio urbano y la valorizaci\u00f3n del arte como parte de la identidad cordobesa.<\/p>\n<p class=\" eplus-wrapper\">\n<figure class=\" wp-block-image size-full eplus-wrapper\"><img decoding=\"async\" class=\"wp-image-640983\" src=\"https:\/\/prensa.cba.gov.ar\/wp-content\/uploads\/2026\/04\/WhatsApp-Image-2026-04-26-at-16.19.001.jpeg\" sizes=\"(max-width: 993px) 100vw, 993px\" srcset=\"https:\/\/prensa.cba.gov.ar\/wp-content\/uploads\/2026\/04\/WhatsApp-Image-2026-04-26-at-16.19.001.jpeg 993w, https:\/\/prensa.cba.gov.ar\/wp-content\/uploads\/2026\/04\/WhatsApp-Image-2026-04-26-at-16.19.001-300x200.jpeg 300w, https:\/\/prensa.cba.gov.ar\/wp-content\/uploads\/2026\/04\/WhatsApp-Image-2026-04-26-at-16.19.001-768x512.jpeg 768w\" alt=\"\" width=\"993\" height=\"662\" \/><\/figure>\n<p class=\" eplus-wrapper\"><strong>Amo C\u00f3rdoba<\/strong><\/p>\n<p class=\" eplus-wrapper\">Adem\u00e1s, concluy\u00f3 la instalaci\u00f3n art\u00edstica del \u201cAmo CBA\u201d, una pieza ubicada en el coraz\u00f3n del parque que se suma a otras ya emplazadas en sitios emblem\u00e1ticos de la ciudad.<\/p>\n<p class=\" eplus-wrapper\">Dise\u00f1ada por el arquitecto Dami\u00e1n Revelli, la estructura fue pensada como un nuevo punto de referencia para vecinos y turistas, promoviendo el encuentro, el registro fotogr\u00e1fico y la apropiaci\u00f3n del espacio p\u00fablico.<\/p>\n<p class=\" eplus-wrapper\">Realizado en hormig\u00f3n, el cartel presenta su caracter\u00edstico color gris y una impronta s\u00f3lida y contempor\u00e1nea.<\/p>\n<p class=\" eplus-wrapper\">Cada una de sus letras pesa entre 800 y 1.000 kilogramos, lo que da cuenta de la magnitud de la intervenci\u00f3n y de su integraci\u00f3n material con el entorno urbano.<\/p>\n<p class=\" eplus-wrapper\">La ubicaci\u00f3n de la obra, pensada como un punto estrat\u00e9gico para la toma de fotograf\u00edas, permite capturar en una misma imagen el r\u00edo, los puentes, el Centro C\u00edvico y una panor\u00e1mica representativa de la ciudad, consolid\u00e1ndose como un nuevo atractivo dentro del parque.<\/p>\n","protected":false},"excerpt":{"rendered":"<p>Los trabajos forman parte del plan de revalorizaci\u00f3n del patrimonio escult\u00f3rico y del arte p\u00fablico en un espacio verde que tambi\u00e9n lucir\u00e1 recuperado. La intervenci\u00f3n permite preservar la principal obra escult\u00f3rica del parque y consolidar la recuperaci\u00f3n integral del predio.Los trabajos forman parte del plan de revalorizaci\u00f3n del patrimonio escult\u00f3rico y del arte p\u00fablico en &hellip;<\/p>\n","protected":false},"author":1,"featured_media":7964,"comment_status":"open","ping_status":"open","sticky":false,"template":"","format":"standard","meta":{"footnotes":""},"categories":[48],"tags":[],"class_list":["post-7963","post","type-post","status-publish","format-standard","has-post-thumbnail","hentry","category-info-general"],"_links":{"self":[{"href":"https:\/\/radiobeat97.com.ar\/beat\/wp-json\/wp\/v2\/posts\/7963","targetHints":{"allow":["GET"]}}],"collection":[{"href":"https:\/\/radiobeat97.com.ar\/beat\/wp-json\/wp\/v2\/posts"}],"about":[{"href":"https:\/\/radiobeat97.com.ar\/beat\/wp-json\/wp\/v2\/types\/post"}],"author":[{"embeddable":true,"href":"https:\/\/radiobeat97.com.ar\/beat\/wp-json\/wp\/v2\/users\/1"}],"replies":[{"embeddable":true,"href":"https:\/\/radiobeat97.com.ar\/beat\/wp-json\/wp\/v2\/comments?post=7963"}],"version-history":[{"count":1,"href":"https:\/\/radiobeat97.com.ar\/beat\/wp-json\/wp\/v2\/posts\/7963\/revisions"}],"predecessor-version":[{"id":7965,"href":"https:\/\/radiobeat97.com.ar\/beat\/wp-json\/wp\/v2\/posts\/7963\/revisions\/7965"}],"wp:featuredmedia":[{"embeddable":true,"href":"https:\/\/radiobeat97.com.ar\/beat\/wp-json\/wp\/v2\/media\/7964"}],"wp:attachment":[{"href":"https:\/\/radiobeat97.com.ar\/beat\/wp-json\/wp\/v2\/media?parent=7963"}],"wp:term":[{"taxonomy":"category","embeddable":true,"href":"https:\/\/radiobeat97.com.ar\/beat\/wp-json\/wp\/v2\/categories?post=7963"},{"taxonomy":"post_tag","embeddable":true,"href":"https:\/\/radiobeat97.com.ar\/beat\/wp-json\/wp\/v2\/tags?post=7963"}],"curies":[{"name":"wp","href":"https:\/\/api.w.org\/{rel}","templated":true}]}}