{"id":7966,"date":"2026-04-29T08:48:17","date_gmt":"2026-04-29T11:48:17","guid":{"rendered":"https:\/\/radiobeat97.com.ar\/beat\/?p=7966"},"modified":"2026-04-27T08:48:54","modified_gmt":"2026-04-27T11:48:54","slug":"cordoba-fortalece-a-los-centros-de-jubilados-con-el-programa-mayores-activos","status":"publish","type":"post","link":"https:\/\/radiobeat97.com.ar\/beat\/cordoba-fortalece-a-los-centros-de-jubilados-con-el-programa-mayores-activos\/","title":{"rendered":"C\u00f3rdoba fortalece a los Centros de Jubilados con el programa \u201cMayores Activos\u201d"},"content":{"rendered":"<article id=\"post-640997\" class=\"post-640997 post type-post status-publish format-standard has-post-thumbnail hentry category-informacion-general category-no-home ast-article-single\">\n<div class=\"ast-post-format- single-layout-1\">\n<div class=\"entry-content clear\">\n<ul class=\" wp-block-list eplus-wrapper eplus-styles-uid-dc5529\">\n<li class=\" eplus-wrapper\"><strong>El ministro Miguel Siciliano particip\u00f3 del encuentro junto a autoridades provinciales y municipales.<\/strong><\/li>\n<li class=\" eplus-wrapper\"><strong>La iniciativa impulsa pol\u00edticas para el envejecimiento activo y consolida el trabajo territorial con instituciones de personas mayores.<\/strong><\/li>\n<\/ul>\n<p class=\" eplus-wrapper\">El Gobierno de C\u00f3rdoba llev\u00f3 adelante un encuentro en el marco del programa \u201cMayores Activos\u201d, una iniciativa orientada al fortalecimiento institucional de los Centros de Jubilados y al desarrollo de pol\u00edticas p\u00fablicas destinadas a las personas mayores.<\/p>\n<p class=\" eplus-wrapper\">La actividad cont\u00f3 con la participaci\u00f3n del ministro de Vinculaci\u00f3n y Gesti\u00f3n Institucional, Miguel Siciliano; la secretaria de Inclusi\u00f3n de las Personas, Emilia Eslava; el Director General de Personas Mayores, Fernando Massucci; y autoridades de la Municipalidad de C\u00f3rdoba, entre ellas la directora general de Personas Mayores, Carola Massei, y la subdirectora Liliana Garraza.<\/p>\n<p class=\" eplus-wrapper\">Durante la jornada, se present\u00f3 el programa de fortalecimiento institucional y se desarrollaron mesas de di\u00e1logo con representantes de centros de jubilados, generando un espacio de intercambio sobre las principales problem\u00e1ticas y desaf\u00edos que atraviesan las personas mayores en la actualidad.<\/p>\n<p class=\" eplus-wrapper\">En ese marco, Siciliano destac\u00f3 la decisi\u00f3n del Gobierno provincial de sostener pol\u00edticas p\u00fablicas que acompa\u00f1en a este sector:\u00a0<em>\u201cEn C\u00f3rdoba tenemos una convicci\u00f3n clara: las pol\u00edticas p\u00fablicas tienen que estar donde est\u00e1 la gente. Por eso acompa\u00f1amos a los centros de jubilados, porque son espacios de encuentro, de contenci\u00f3n y de organizaci\u00f3n comunitaria en cada barrio de la provincia\u201d.<\/em><\/p>\n<p class=\" eplus-wrapper\">\n<figure class=\" wp-block-image size-large eplus-wrapper\"><img fetchpriority=\"high\" decoding=\"async\" class=\"wp-image-641000\" src=\"https:\/\/prensa.cba.gov.ar\/wp-content\/uploads\/2026\/04\/WhatsApp-Image-2026-04-26-at-19.13.11-1024x651.jpeg\" sizes=\"(max-width: 1024px) 100vw, 1024px\" srcset=\"https:\/\/prensa.cba.gov.ar\/wp-content\/uploads\/2026\/04\/WhatsApp-Image-2026-04-26-at-19.13.11-1024x651.jpeg 1024w, https:\/\/prensa.cba.gov.ar\/wp-content\/uploads\/2026\/04\/WhatsApp-Image-2026-04-26-at-19.13.11-300x191.jpeg 300w, https:\/\/prensa.cba.gov.ar\/wp-content\/uploads\/2026\/04\/WhatsApp-Image-2026-04-26-at-19.13.11-768x488.jpeg 768w, https:\/\/prensa.cba.gov.ar\/wp-content\/uploads\/2026\/04\/WhatsApp-Image-2026-04-26-at-19.13.11.jpeg 1044w\" alt=\"\" width=\"1024\" height=\"651\" \/><\/figure>\n<p class=\" eplus-wrapper\">Adem\u00e1s, remarc\u00f3 el valor del trabajo articulado:<em>\u00a0\u201cCuando el Gobierno provincial, los municipios y las instituciones trabajan en conjunto, logramos llegar mejor y m\u00e1s r\u00e1pido a quienes lo necesitan. Ese es el camino que elegimos sostener\u201d.<\/em><\/p>\n<p class=\" eplus-wrapper\">Por su parte, Emilia Eslava subray\u00f3 la importancia de seguir fortaleciendo la autonom\u00eda y la participaci\u00f3n de las personas mayores, promoviendo su integraci\u00f3n plena en la vida social y comunitaria.<\/p>\n<p class=\" eplus-wrapper\">El programa \u201cMayores Activos\u201d prev\u00e9 la transferencia de fondos a los Centros de Jubilados para el desarrollo de talleres sociorecreativos, campa\u00f1as de sensibilizaci\u00f3n, eventos y mejoras en infraestructura, consolidando as\u00ed el trabajo territorial y el rol social de estas instituciones.<\/p>\n<p class=\" eplus-wrapper\">La propuesta est\u00e1 destinada a integrantes y representantes de Centros de Jubilados de toda la provincia, promoviendo una red activa que fortalece el envejecimiento saludable y la participaci\u00f3n comunitaria.<\/p>\n<p class=\" eplus-wrapper\">\n<figure class=\" wp-block-image size-full eplus-wrapper\"><img decoding=\"async\" class=\"wp-image-640999\" src=\"https:\/\/prensa.cba.gov.ar\/wp-content\/uploads\/2026\/04\/WhatsApp-Image-2026-04-26-at-19.13.111.jpeg\" sizes=\"(max-width: 1018px) 100vw, 1018px\" srcset=\"https:\/\/prensa.cba.gov.ar\/wp-content\/uploads\/2026\/04\/WhatsApp-Image-2026-04-26-at-19.13.111.jpeg 1018w, https:\/\/prensa.cba.gov.ar\/wp-content\/uploads\/2026\/04\/WhatsApp-Image-2026-04-26-at-19.13.111-300x174.jpeg 300w, https:\/\/prensa.cba.gov.ar\/wp-content\/uploads\/2026\/04\/WhatsApp-Image-2026-04-26-at-19.13.111-768x446.jpeg 768w\" alt=\"\" width=\"1018\" height=\"591\" \/><\/figure>\n<\/div>\n<\/div>\n<\/article>\n","protected":false},"excerpt":{"rendered":"<p>El ministro Miguel Siciliano particip\u00f3 del encuentro junto a autoridades provinciales y municipales. La iniciativa impulsa pol\u00edticas para el envejecimiento activo y consolida el trabajo territorial con instituciones de personas mayores. El Gobierno de C\u00f3rdoba llev\u00f3 adelante un encuentro en el marco del programa \u201cMayores Activos\u201d, una iniciativa orientada al fortalecimiento institucional de los Centros &hellip;<\/p>\n","protected":false},"author":1,"featured_media":7967,"comment_status":"open","ping_status":"open","sticky":false,"template":"","format":"standard","meta":{"footnotes":""},"categories":[48,3],"tags":[],"class_list":["post-7966","post","type-post","status-publish","format-standard","has-post-thumbnail","hentry","category-info-general","category-lifestyle"],"_links":{"self":[{"href":"https:\/\/radiobeat97.com.ar\/beat\/wp-json\/wp\/v2\/posts\/7966","targetHints":{"allow":["GET"]}}],"collection":[{"href":"https:\/\/radiobeat97.com.ar\/beat\/wp-json\/wp\/v2\/posts"}],"about":[{"href":"https:\/\/radiobeat97.com.ar\/beat\/wp-json\/wp\/v2\/types\/post"}],"author":[{"embeddable":true,"href":"https:\/\/radiobeat97.com.ar\/beat\/wp-json\/wp\/v2\/users\/1"}],"replies":[{"embeddable":true,"href":"https:\/\/radiobeat97.com.ar\/beat\/wp-json\/wp\/v2\/comments?post=7966"}],"version-history":[{"count":1,"href":"https:\/\/radiobeat97.com.ar\/beat\/wp-json\/wp\/v2\/posts\/7966\/revisions"}],"predecessor-version":[{"id":7968,"href":"https:\/\/radiobeat97.com.ar\/beat\/wp-json\/wp\/v2\/posts\/7966\/revisions\/7968"}],"wp:featuredmedia":[{"embeddable":true,"href":"https:\/\/radiobeat97.com.ar\/beat\/wp-json\/wp\/v2\/media\/7967"}],"wp:attachment":[{"href":"https:\/\/radiobeat97.com.ar\/beat\/wp-json\/wp\/v2\/media?parent=7966"}],"wp:term":[{"taxonomy":"category","embeddable":true,"href":"https:\/\/radiobeat97.com.ar\/beat\/wp-json\/wp\/v2\/categories?post=7966"},{"taxonomy":"post_tag","embeddable":true,"href":"https:\/\/radiobeat97.com.ar\/beat\/wp-json\/wp\/v2\/tags?post=7966"}],"curies":[{"name":"wp","href":"https:\/\/api.w.org\/{rel}","templated":true}]}}