{"id":7969,"date":"2026-04-29T09:04:38","date_gmt":"2026-04-29T12:04:38","guid":{"rendered":"https:\/\/radiobeat97.com.ar\/beat\/?p=7969"},"modified":"2026-04-27T09:05:38","modified_gmt":"2026-04-27T12:05:38","slug":"apoyo-a-los-clubes-la-provincia-cede-terrenos-al-club-palermo-bajo-para-potenciar-el-desarrollo-de-actividades-deportivas","status":"publish","type":"post","link":"https:\/\/radiobeat97.com.ar\/beat\/apoyo-a-los-clubes-la-provincia-cede-terrenos-al-club-palermo-bajo-para-potenciar-el-desarrollo-de-actividades-deportivas\/","title":{"rendered":"Apoyo a los clubes: La Provincia cede terrenos al Club Palermo Bajo para potenciar el desarrollo de actividades deportivas"},"content":{"rendered":"<ul class=\" wp-block-list eplus-wrapper eplus-styles-uid-274037\">\n<li class=\" eplus-wrapper\"><strong>El gobernador Mart\u00edn Llaryora visit\u00f3 la instituci\u00f3n ubicada en barrio Los Boulevares de la ciudad de C\u00f3rdoba.<\/strong><\/li>\n<li class=\" eplus-wrapper\"><strong>Ocurre tras la sanci\u00f3n de la ley que autoriz\u00f3 la cesi\u00f3n en comodato de un terreno de 17.000 metros cuadrados.<\/strong><\/li>\n<li class=\" eplus-wrapper\"><strong>\u00abLos clubes no son una pol\u00edtica de un gobierno, son parte de la comunidad y nuestro compromiso es apoyarlos desde el Estado\u00bb, expres\u00f3 el mandatario provincial.<\/strong><\/li>\n<\/ul>\n<p class=\" eplus-wrapper\">El gobernador Mart\u00edn Llaryora visit\u00f3 el Club Palermo Bajo, ubicado en barrio Los Boulevares de la ciudad de C\u00f3rdoba, donde comparti\u00f3 una jornada de trabajo con dirigentes, deportistas y socios de esta tradicional instituci\u00f3n que transita sus 70 a\u00f1os de vida.<\/p>\n<p class=\" eplus-wrapper\">\u200bAcompa\u00f1ado por el presidente de la instituci\u00f3n, Marcelo Ambroggio y la legisladora provincial Ileana Quaglino, el mandatario recorri\u00f3 las instalaciones para interiorizarse sobre el presente del club dedicado a diversas pr\u00e1cticas deportivas, especialmente rugby, hockey, nataci\u00f3n y tenis y deporte adaptado, entre otros.<\/p>\n<p class=\" eplus-wrapper\">Llaryora destac\u00f3 la decisi\u00f3n de impulsar la ley que permite la cesi\u00f3n de terrenos a la instituci\u00f3n en comodato y por un t\u00e9rmino de 10 a\u00f1os.<\/p>\n<p class=\" eplus-wrapper\">\n<figure class=\" wp-block-image size-large eplus-wrapper\"><img fetchpriority=\"high\" decoding=\"async\" class=\"wp-image-640994\" src=\"https:\/\/prensa.cba.gov.ar\/wp-content\/uploads\/2026\/04\/WhatsApp-Image-2026-04-26-at-18.35.37-1024x661.jpeg\" sizes=\"(max-width: 1024px) 100vw, 1024px\" srcset=\"https:\/\/prensa.cba.gov.ar\/wp-content\/uploads\/2026\/04\/WhatsApp-Image-2026-04-26-at-18.35.37-1024x661.jpeg 1024w, https:\/\/prensa.cba.gov.ar\/wp-content\/uploads\/2026\/04\/WhatsApp-Image-2026-04-26-at-18.35.37-300x194.jpeg 300w, https:\/\/prensa.cba.gov.ar\/wp-content\/uploads\/2026\/04\/WhatsApp-Image-2026-04-26-at-18.35.37-768x496.jpeg 768w, https:\/\/prensa.cba.gov.ar\/wp-content\/uploads\/2026\/04\/WhatsApp-Image-2026-04-26-at-18.35.37.jpeg 1346w\" alt=\"\" width=\"1024\" height=\"661\" \/><\/figure>\n<p class=\" eplus-wrapper\">En el mismo sentido, el gobernador ratific\u00f3 el apoyo del Gobierno de C\u00f3rdoba a las instituciones y organizaciones que trabajan por el bien com\u00fan.<\/p>\n<p class=\" eplus-wrapper\"><em>\u00abLos clubes no son una pol\u00edtica de un gobierno, son parte de la comunidad y nuestro compromiso es apoyarlos desde el Estado\u00bb,<\/em>\u00a0expres\u00f3 el mandatario provincial.<\/p>\n<p class=\" eplus-wrapper\">Como parte de la actividad oficial, el mandatario provincial entreg\u00f3 una placa de reconocimiento a la dirigencia y recibi\u00f3, a su vez, la camiseta oficial del club.<\/p>\n<p class=\" eplus-wrapper\">La legisladora Ileana Quaglino, impulsora de la ley de cesi\u00f3n de los terrenos, enmarc\u00f3 la iniciativa en el marco de la visi\u00f3n del Gobierno de C\u00f3rdoba de fortalecer a las instituciones comunitarias.<\/p>\n<p class=\" eplus-wrapper\"><em>\u00abComo siempre se\u00f1ala el Gobernador, en un momento en el que atravesamos una crisis tan importante, lograr que nuestros j\u00f3venes mantengan su sentido de pertenencia y sigan haciendo deporte es lo que tenemos que estimular\u00bb<\/em>, concluy\u00f3 Quagliano.<\/p>\n<p class=\" eplus-wrapper\">Los terrenos cedidos en comodato tienen una superficie de 17.782,70 metros cuadrados, lo que equivale pr\u00e1cticamente a dos canchas de rugby. De esta manera, el \u00abBajo\u00bb podr\u00e1 avanzar en la mejora de su infraestructura para sus 1.800 socios activos.<\/p>\n<p class=\" eplus-wrapper\">\n<figure class=\" wp-block-image size-large eplus-wrapper\"><img decoding=\"async\" class=\"wp-image-640992\" src=\"https:\/\/prensa.cba.gov.ar\/wp-content\/uploads\/2026\/04\/WhatsApp-Image-2026-04-26-at-18.35.38-1024x667.jpeg\" sizes=\"(max-width: 1024px) 100vw, 1024px\" srcset=\"https:\/\/prensa.cba.gov.ar\/wp-content\/uploads\/2026\/04\/WhatsApp-Image-2026-04-26-at-18.35.38-1024x667.jpeg 1024w, https:\/\/prensa.cba.gov.ar\/wp-content\/uploads\/2026\/04\/WhatsApp-Image-2026-04-26-at-18.35.38-300x195.jpeg 300w, https:\/\/prensa.cba.gov.ar\/wp-content\/uploads\/2026\/04\/WhatsApp-Image-2026-04-26-at-18.35.38-768x500.jpeg 768w, https:\/\/prensa.cba.gov.ar\/wp-content\/uploads\/2026\/04\/WhatsApp-Image-2026-04-26-at-18.35.38.jpeg 1447w\" alt=\"\" width=\"1024\" height=\"667\" \/><\/figure>\n<h4 class=\" wp-block-heading eplus-wrapper\">\u201cUn hecho hist\u00f3rico\u201d para Club Palermo Bajo<\/h4>\n<p class=\" eplus-wrapper\">Marcelo Ambroggio, presidente de la instituci\u00f3n, calific\u00f3 la presencia de Llaryora y el anuncio sobre las tierras como un \u00abhecho hist\u00f3rico\u00bb. El directivo consider\u00f3 que la visita corona un v\u00ednculo cercano y agradeci\u00f3 la \u00absensibilidad social\u00bb del gobernador para resolver problem\u00e1ticas que la instituci\u00f3n acarreaba desde hace a\u00f1os.<\/p>\n<p class=\" eplus-wrapper\"><em>\u200b\u00bbTanto en la gesti\u00f3n provincial como en su momento al frente de la gesti\u00f3n municipal, siempre hemos percibido una gran ayuda al deporte, ya sea a trav\u00e9s de apoyo econ\u00f3mico o de esquemas tarifarios que facilitan el sostenimiento\u00bb,<\/em>\u00a0afirm\u00f3 Ambroggio.<\/p>\n<p class=\" eplus-wrapper\">Adem\u00e1s, valor\u00f3 la decisi\u00f3n pol\u00edtica de brindarles seguridad jur\u00eddica:\u00a0<em>\u00abNos permite seguir participando y creciendo, reafirmando el rol de los clubes como espacios de contenci\u00f3n\u00bb.<\/em><\/p>\n<h4 class=\" wp-block-heading eplus-wrapper\">Un club con arraigo barrial<\/h4>\n<p class=\" eplus-wrapper\">Palermo Bajo ofrece rugby masculino (compite en la Uni\u00f3n Cordobesa de Rugby), hockey sobre c\u00e9sped femenino (afiliado a la Federaci\u00f3n Amateur Cordobesa), nataci\u00f3n, y tenis.<\/p>\n<p class=\" eplus-wrapper\">Los principales logros rugb\u00edsticos incluyen t\u00edtulos en torneos locales y regionales, as\u00ed como una constante presencia en la \u00e9lite cordobesa de la disciplina.<\/p>\n<p class=\" eplus-wrapper\">\n<figure class=\" wp-block-image size-large eplus-wrapper\"><img decoding=\"async\" class=\"wp-image-640993\" src=\"https:\/\/prensa.cba.gov.ar\/wp-content\/uploads\/2026\/04\/WhatsApp-Image-2026-04-26-at-18.35.371-1024x682.jpeg\" sizes=\"(max-width: 1024px) 100vw, 1024px\" srcset=\"https:\/\/prensa.cba.gov.ar\/wp-content\/uploads\/2026\/04\/WhatsApp-Image-2026-04-26-at-18.35.371-1024x682.jpeg 1024w, https:\/\/prensa.cba.gov.ar\/wp-content\/uploads\/2026\/04\/WhatsApp-Image-2026-04-26-at-18.35.371-300x200.jpeg 300w, https:\/\/prensa.cba.gov.ar\/wp-content\/uploads\/2026\/04\/WhatsApp-Image-2026-04-26-at-18.35.371-768x512.jpeg 768w, https:\/\/prensa.cba.gov.ar\/wp-content\/uploads\/2026\/04\/WhatsApp-Image-2026-04-26-at-18.35.371-1536x1023.jpeg 1536w, https:\/\/prensa.cba.gov.ar\/wp-content\/uploads\/2026\/04\/WhatsApp-Image-2026-04-26-at-18.35.371.jpeg 1600w\" alt=\"\" width=\"1024\" height=\"682\" \/><\/figure>\n<p class=\" eplus-wrapper\">\u201cEl Bajo\u201d en distintas oportunidades aport\u00f3 jugadores a seleccionados cordobeses (Los Dogos) y nacionales (Los Pumas, Los Pumitas y Azzurri).<\/p>\n<p class=\" eplus-wrapper\">Tambi\u00e9n participa del torneo cordob\u00e9s de rugby femenino, marcando su impronta en esta incipiente competencia.<\/p>\n<p class=\" eplus-wrapper\">En hockey, la construcci\u00f3n de la cancha sint\u00e9tica marc\u00f3 un hito en la historia del club.<\/p>\n<p class=\" eplus-wrapper\">En 2015, volvi\u00f3 a Primera Divisi\u00f3n, consolidando su crecimiento sostenido e inclusi\u00f3n familiar desde los 6 a\u00f1os.<\/p>\n<p class=\" eplus-wrapper\">Entre sus desempe\u00f1os m\u00e1s importantes, logr\u00f3 el Campeonato del Torneo de C\u00f3rdoba 2002 y el Torneo del Interior B en 2019.<\/p>\n","protected":false},"excerpt":{"rendered":"<p>El gobernador Mart\u00edn Llaryora visit\u00f3 la instituci\u00f3n ubicada en barrio Los Boulevares de la ciudad de C\u00f3rdoba. Ocurre tras la sanci\u00f3n de la ley que autoriz\u00f3 la cesi\u00f3n en comodato de un terreno de 17.000 metros cuadrados. \u00abLos clubes no son una pol\u00edtica de un gobierno, son parte de la comunidad y nuestro compromiso es &hellip;<\/p>\n","protected":false},"author":1,"featured_media":7970,"comment_status":"open","ping_status":"open","sticky":false,"template":"","format":"standard","meta":{"footnotes":""},"categories":[48],"tags":[],"class_list":["post-7969","post","type-post","status-publish","format-standard","has-post-thumbnail","hentry","category-info-general"],"_links":{"self":[{"href":"https:\/\/radiobeat97.com.ar\/beat\/wp-json\/wp\/v2\/posts\/7969","targetHints":{"allow":["GET"]}}],"collection":[{"href":"https:\/\/radiobeat97.com.ar\/beat\/wp-json\/wp\/v2\/posts"}],"about":[{"href":"https:\/\/radiobeat97.com.ar\/beat\/wp-json\/wp\/v2\/types\/post"}],"author":[{"embeddable":true,"href":"https:\/\/radiobeat97.com.ar\/beat\/wp-json\/wp\/v2\/users\/1"}],"replies":[{"embeddable":true,"href":"https:\/\/radiobeat97.com.ar\/beat\/wp-json\/wp\/v2\/comments?post=7969"}],"version-history":[{"count":1,"href":"https:\/\/radiobeat97.com.ar\/beat\/wp-json\/wp\/v2\/posts\/7969\/revisions"}],"predecessor-version":[{"id":7971,"href":"https:\/\/radiobeat97.com.ar\/beat\/wp-json\/wp\/v2\/posts\/7969\/revisions\/7971"}],"wp:featuredmedia":[{"embeddable":true,"href":"https:\/\/radiobeat97.com.ar\/beat\/wp-json\/wp\/v2\/media\/7970"}],"wp:attachment":[{"href":"https:\/\/radiobeat97.com.ar\/beat\/wp-json\/wp\/v2\/media?parent=7969"}],"wp:term":[{"taxonomy":"category","embeddable":true,"href":"https:\/\/radiobeat97.com.ar\/beat\/wp-json\/wp\/v2\/categories?post=7969"},{"taxonomy":"post_tag","embeddable":true,"href":"https:\/\/radiobeat97.com.ar\/beat\/wp-json\/wp\/v2\/tags?post=7969"}],"curies":[{"name":"wp","href":"https:\/\/api.w.org\/{rel}","templated":true}]}}