{"id":7972,"date":"2026-04-29T08:51:02","date_gmt":"2026-04-29T11:51:02","guid":{"rendered":"https:\/\/radiobeat97.com.ar\/beat\/?p=7972"},"modified":"2026-04-29T08:51:02","modified_gmt":"2026-04-29T11:51:02","slug":"ya-se-colocaron-76-de-las-195-vigas-previstas-para-la-construccion-del-altonivel-velez-sarsfield","status":"publish","type":"post","link":"https:\/\/radiobeat97.com.ar\/beat\/ya-se-colocaron-76-de-las-195-vigas-previstas-para-la-construccion-del-altonivel-velez-sarsfield\/","title":{"rendered":"Ya se colocaron 76 de las 195 vigas previstas para la construcci\u00f3n del altonivel V\u00e9lez Sarsfield"},"content":{"rendered":"<ul class=\" wp-block-list eplus-wrapper eplus-styles-uid-a80fab\">\n<li class=\" eplus-wrapper\"><strong>Los operativos de montaje se desarrollan durante la noche, para no entorpecer el tr\u00e1nsito en horas del d\u00eda.<\/strong><\/li>\n<li class=\" eplus-wrapper\"><strong>Las vigas son colocadas por gr\u00faas de gran porte y requieren la implementaci\u00f3n de desv\u00edos.<\/strong><\/li>\n<\/ul>\n<p class=\" eplus-wrapper\">Ya se realiz\u00f3 el montaje de 76 de las 195 vigas necesarias para la construcci\u00f3n del altonivel sobre la avenida V\u00e9lez Sarsfield, en el tramo comprendido entre la Av. Circunvalaci\u00f3n y la calle Posadas.<\/p>\n<p class=\" eplus-wrapper\">El proyecto vial permitir\u00e1 dividir el tr\u00e1nsito de la Ruta 36 Autov\u00eda C\u00f3rdoba \u2013 R\u00edo Cuarto del que circula por la red vial urbana de la Capital, lo que optimizar\u00e1 la circulaci\u00f3n en uno de los acceso clave en zona sur de la capital provincial.<\/p>\n<p class=\" eplus-wrapper\">Las vigas de grandes dimensiones est\u00e1n siendo colocadas con gr\u00faas de gran porte durante la noche, con el objetivo de no provocar mayores inconvenientes a los automovilistas que circulan por ese sector de la ciudad en horario diurno.<\/p>\n<p class=\" eplus-wrapper\">Los operativos de montaje prev\u00e9n la colocaci\u00f3n de seis vigas por noche, requieren redireccionamientos de tr\u00e1nsito y est\u00e1 previsto que se desarrollen entre las 22 y las 5 de la madrugada, hasta el mi\u00e9rcoles 29 de abril inclusive, si las condiciones clim\u00e1ticas lo permiten.<\/p>\n<p class=\" eplus-wrapper\">Mientras tanto, contin\u00faan las tareas propias de obra durante el d\u00eda tales como el montaje de prelosas, construcci\u00f3n de tableros, dinteles y defensas tipo new jersey.<\/p>\n<p class=\" eplus-wrapper\">La obra que ejecuta el Gobierno de C\u00f3rdoba, a trav\u00e9s de Caminos de las Sierras, genera 150 puestos laborales entre directos e indirectos, y tiene un plazo de finalizaci\u00f3n previsto para fines de este a\u00f1o.<\/p>\n<figure class=\"wp-block-gallery has-nested-images columns-default is-cropped eplus-wrapper wp-block-gallery-1\">\n<figure class=\"wp-block-image size-full eplus-wrapper\"><a href=\"https:\/\/prensa.cba.gov.ar\/wp-content\/uploads\/2026\/04\/DJI_20260425012437_0462_D-Registro-puesta-de-vigas-avance-de-obra-alto-nivel-velez-sarfield.jpg-1-scaled.jpeg\"><img fetchpriority=\"high\" decoding=\"async\" class=\"wp-image-641164\" src=\"https:\/\/prensa.cba.gov.ar\/wp-content\/uploads\/2026\/04\/DJI_20260425012437_0462_D-Registro-puesta-de-vigas-avance-de-obra-alto-nivel-velez-sarfield.jpg-1-scaled.jpeg\" sizes=\"(max-width: 2560px) 100vw, 2560px\" srcset=\"https:\/\/prensa.cba.gov.ar\/wp-content\/uploads\/2026\/04\/DJI_20260425012437_0462_D-Registro-puesta-de-vigas-avance-de-obra-alto-nivel-velez-sarfield.jpg-1-scaled.jpeg 2560w, https:\/\/prensa.cba.gov.ar\/wp-content\/uploads\/2026\/04\/DJI_20260425012437_0462_D-Registro-puesta-de-vigas-avance-de-obra-alto-nivel-velez-sarfield.jpg-1-300x169.jpeg 300w, https:\/\/prensa.cba.gov.ar\/wp-content\/uploads\/2026\/04\/DJI_20260425012437_0462_D-Registro-puesta-de-vigas-avance-de-obra-alto-nivel-velez-sarfield.jpg-1-1024x576.jpeg 1024w, https:\/\/prensa.cba.gov.ar\/wp-content\/uploads\/2026\/04\/DJI_20260425012437_0462_D-Registro-puesta-de-vigas-avance-de-obra-alto-nivel-velez-sarfield.jpg-1-768x432.jpeg 768w, https:\/\/prensa.cba.gov.ar\/wp-content\/uploads\/2026\/04\/DJI_20260425012437_0462_D-Registro-puesta-de-vigas-avance-de-obra-alto-nivel-velez-sarfield.jpg-1-1536x864.jpeg 1536w, https:\/\/prensa.cba.gov.ar\/wp-content\/uploads\/2026\/04\/DJI_20260425012437_0462_D-Registro-puesta-de-vigas-avance-de-obra-alto-nivel-velez-sarfield.jpg-1-2048x1152.jpeg 2048w\" alt=\"\" width=\"2560\" height=\"1440\" data-id=\"641164\" \/><\/a><\/figure>\n<figure class=\"wp-block-image size-full eplus-wrapper\"><a href=\"https:\/\/prensa.cba.gov.ar\/wp-content\/uploads\/2026\/04\/DJI_20260425012345_0459_D-Registro-puesta-de-vigas-avance-de-obra-alto-nivel-velez-sarfield.jpg-1-scaled.jpeg\"><img decoding=\"async\" class=\"wp-image-641166\" src=\"https:\/\/prensa.cba.gov.ar\/wp-content\/uploads\/2026\/04\/DJI_20260425012345_0459_D-Registro-puesta-de-vigas-avance-de-obra-alto-nivel-velez-sarfield.jpg-1-scaled.jpeg\" sizes=\"(max-width: 2560px) 100vw, 2560px\" srcset=\"https:\/\/prensa.cba.gov.ar\/wp-content\/uploads\/2026\/04\/DJI_20260425012345_0459_D-Registro-puesta-de-vigas-avance-de-obra-alto-nivel-velez-sarfield.jpg-1-scaled.jpeg 2560w, https:\/\/prensa.cba.gov.ar\/wp-content\/uploads\/2026\/04\/DJI_20260425012345_0459_D-Registro-puesta-de-vigas-avance-de-obra-alto-nivel-velez-sarfield.jpg-1-300x169.jpeg 300w, https:\/\/prensa.cba.gov.ar\/wp-content\/uploads\/2026\/04\/DJI_20260425012345_0459_D-Registro-puesta-de-vigas-avance-de-obra-alto-nivel-velez-sarfield.jpg-1-1024x576.jpeg 1024w, https:\/\/prensa.cba.gov.ar\/wp-content\/uploads\/2026\/04\/DJI_20260425012345_0459_D-Registro-puesta-de-vigas-avance-de-obra-alto-nivel-velez-sarfield.jpg-1-768x432.jpeg 768w, https:\/\/prensa.cba.gov.ar\/wp-content\/uploads\/2026\/04\/DJI_20260425012345_0459_D-Registro-puesta-de-vigas-avance-de-obra-alto-nivel-velez-sarfield.jpg-1-1536x864.jpeg 1536w, https:\/\/prensa.cba.gov.ar\/wp-content\/uploads\/2026\/04\/DJI_20260425012345_0459_D-Registro-puesta-de-vigas-avance-de-obra-alto-nivel-velez-sarfield.jpg-1-2048x1152.jpeg 2048w\" alt=\"\" width=\"2560\" height=\"1440\" data-id=\"641166\" \/><\/a><\/figure>\n<figure class=\"wp-block-image size-full eplus-wrapper\"><a href=\"https:\/\/prensa.cba.gov.ar\/wp-content\/uploads\/2026\/04\/DJI_20260425012601_0465_D-Registro-puesta-de-vigas-avance-de-obra-alto-nivel-velez-sarfield.jpg-1-scaled.jpeg\"><img decoding=\"async\" class=\"wp-image-641167\" src=\"https:\/\/prensa.cba.gov.ar\/wp-content\/uploads\/2026\/04\/DJI_20260425012601_0465_D-Registro-puesta-de-vigas-avance-de-obra-alto-nivel-velez-sarfield.jpg-1-scaled.jpeg\" sizes=\"(max-width: 2560px) 100vw, 2560px\" srcset=\"https:\/\/prensa.cba.gov.ar\/wp-content\/uploads\/2026\/04\/DJI_20260425012601_0465_D-Registro-puesta-de-vigas-avance-de-obra-alto-nivel-velez-sarfield.jpg-1-scaled.jpeg 2560w, https:\/\/prensa.cba.gov.ar\/wp-content\/uploads\/2026\/04\/DJI_20260425012601_0465_D-Registro-puesta-de-vigas-avance-de-obra-alto-nivel-velez-sarfield.jpg-1-300x169.jpeg 300w, https:\/\/prensa.cba.gov.ar\/wp-content\/uploads\/2026\/04\/DJI_20260425012601_0465_D-Registro-puesta-de-vigas-avance-de-obra-alto-nivel-velez-sarfield.jpg-1-1024x576.jpeg 1024w, https:\/\/prensa.cba.gov.ar\/wp-content\/uploads\/2026\/04\/DJI_20260425012601_0465_D-Registro-puesta-de-vigas-avance-de-obra-alto-nivel-velez-sarfield.jpg-1-768x432.jpeg 768w, https:\/\/prensa.cba.gov.ar\/wp-content\/uploads\/2026\/04\/DJI_20260425012601_0465_D-Registro-puesta-de-vigas-avance-de-obra-alto-nivel-velez-sarfield.jpg-1-1536x864.jpeg 1536w, https:\/\/prensa.cba.gov.ar\/wp-content\/uploads\/2026\/04\/DJI_20260425012601_0465_D-Registro-puesta-de-vigas-avance-de-obra-alto-nivel-velez-sarfield.jpg-1-2048x1152.jpeg 2048w\" alt=\"\" width=\"2560\" height=\"1440\" data-id=\"641167\" \/><\/a><\/figure>\n<\/figure>\n<p class=\" eplus-wrapper\">\n<h3 class=\" wp-block-heading eplus-wrapper\">Detalles de la obra<\/h3>\n<p class=\" eplus-wrapper\">El altonivel en ejecuci\u00f3n permitir\u00e1 sobreelevar la calzada principal de la Av. V\u00e9lez Sarsfield Sarsfield mediante un viaducto de 607 metros de largo, que tendr\u00e1 vinculaci\u00f3n mediante ramas directas de enlace con el intercambiador existente en el cruce con la Circunvalaci\u00f3n.<\/p>\n<p class=\" eplus-wrapper\">Contar\u00e1 con dos carriles por sentido de circulaci\u00f3n, separador central tipo new jersey y banquinas a ambos lados de la calzada.<\/p>\n<p class=\" eplus-wrapper\">En la parte inferior del altonivel habr\u00e1 calles frentistas que se desarrollar\u00e1n a trav\u00e9s de una avenida urbana con dos carriles por sentido de circulaci\u00f3n y un cantero central hasta la intersecci\u00f3n con la colectora de Circunvalaci\u00f3n.<\/p>\n<p class=\" eplus-wrapper\">Con esta obra los automovilistas que circulen por la Ruta 36 Autov\u00eda C\u00f3rdoba \u2013 R\u00edo Cuarto, la principal v\u00eda de comunicaci\u00f3n con el sur de la provincia, utilizar\u00e1n el viaducto, mientras que los vecinos de los barrios aleda\u00f1os como Villa El Libertador, Coronel Olmedo, Inaudi, Las Huertitas y Comercial, transitar\u00e1n por las calles inferiores.<br \/>\nComo parte de los trabajos en marcha se est\u00e1n ejecutando tres rotondas que servir\u00e1n para resolver los cruces y giros: una en el cruce con la calle Defensa, la segunda en la intersecci\u00f3n con la colectora sur de Circunvalaci\u00f3n, y la tercera en la intersecci\u00f3n con calle Minuzzi.<\/p>\n<p class=\" eplus-wrapper\">Adem\u00e1s, est\u00e1 prevista la construcci\u00f3n de un retorno para vincular las calles frentistas con la avenida bajo el altonivel, y se llevar\u00e1n adelante obras de drenaje como cordones cuneta, conductos, c\u00e1maras y sumideros; y obras de seguridad como se\u00f1alizaci\u00f3n vertical, demarcaci\u00f3n horizontal y colocaci\u00f3n de barreras de defensa.<\/p>\n","protected":false},"excerpt":{"rendered":"<p>Los operativos de montaje se desarrollan durante la noche, para no entorpecer el tr\u00e1nsito en horas del d\u00eda. Las vigas son colocadas por gr\u00faas de gran porte y requieren la implementaci\u00f3n de desv\u00edos. Ya se realiz\u00f3 el montaje de 76 de las 195 vigas necesarias para la construcci\u00f3n del altonivel sobre la avenida V\u00e9lez Sarsfield, &hellip;<\/p>\n","protected":false},"author":1,"featured_media":7973,"comment_status":"open","ping_status":"open","sticky":false,"template":"","format":"standard","meta":{"footnotes":""},"categories":[48],"tags":[],"class_list":["post-7972","post","type-post","status-publish","format-standard","has-post-thumbnail","hentry","category-info-general"],"_links":{"self":[{"href":"https:\/\/radiobeat97.com.ar\/beat\/wp-json\/wp\/v2\/posts\/7972","targetHints":{"allow":["GET"]}}],"collection":[{"href":"https:\/\/radiobeat97.com.ar\/beat\/wp-json\/wp\/v2\/posts"}],"about":[{"href":"https:\/\/radiobeat97.com.ar\/beat\/wp-json\/wp\/v2\/types\/post"}],"author":[{"embeddable":true,"href":"https:\/\/radiobeat97.com.ar\/beat\/wp-json\/wp\/v2\/users\/1"}],"replies":[{"embeddable":true,"href":"https:\/\/radiobeat97.com.ar\/beat\/wp-json\/wp\/v2\/comments?post=7972"}],"version-history":[{"count":1,"href":"https:\/\/radiobeat97.com.ar\/beat\/wp-json\/wp\/v2\/posts\/7972\/revisions"}],"predecessor-version":[{"id":7974,"href":"https:\/\/radiobeat97.com.ar\/beat\/wp-json\/wp\/v2\/posts\/7972\/revisions\/7974"}],"wp:featuredmedia":[{"embeddable":true,"href":"https:\/\/radiobeat97.com.ar\/beat\/wp-json\/wp\/v2\/media\/7973"}],"wp:attachment":[{"href":"https:\/\/radiobeat97.com.ar\/beat\/wp-json\/wp\/v2\/media?parent=7972"}],"wp:term":[{"taxonomy":"category","embeddable":true,"href":"https:\/\/radiobeat97.com.ar\/beat\/wp-json\/wp\/v2\/categories?post=7972"},{"taxonomy":"post_tag","embeddable":true,"href":"https:\/\/radiobeat97.com.ar\/beat\/wp-json\/wp\/v2\/tags?post=7972"}],"curies":[{"name":"wp","href":"https:\/\/api.w.org\/{rel}","templated":true}]}}