{"id":7975,"date":"2026-05-01T08:51:28","date_gmt":"2026-05-01T11:51:28","guid":{"rendered":"https:\/\/radiobeat97.com.ar\/beat\/?p=7975"},"modified":"2026-04-29T08:52:47","modified_gmt":"2026-04-29T11:52:47","slug":"re-conversar-reunio-a-mas-de-400-estudiantes-para-fortalecer-el-compromiso-ambiental","status":"publish","type":"post","link":"https:\/\/radiobeat97.com.ar\/beat\/re-conversar-reunio-a-mas-de-400-estudiantes-para-fortalecer-el-compromiso-ambiental\/","title":{"rendered":"Re-Conversar reuni\u00f3 a m\u00e1s de 400 estudiantes para fortalecer el compromiso ambiental"},"content":{"rendered":"<article id=\"post-641177\" class=\"post-641177 post type-post status-publish format-standard has-post-thumbnail hentry category-ambiente category-informacion-general ast-article-single\">\n<div class=\"ast-post-format- single-layout-1\">\n<div class=\"entry-content clear\">\n<ul class=\" wp-block-list eplus-wrapper eplus-styles-uid-79271f\">\n<li class=\" eplus-wrapper\"><strong>La Provincia llev\u00f3 adelante una nueva edici\u00f3n del encuentro, destinado a j\u00f3venes de escuelas secundarias de la provincia.<\/strong><\/li>\n<li class=\" eplus-wrapper\"><strong>La propuesta promueve la participaci\u00f3n juvenil, el pensamiento cr\u00edtico y el compromiso con el cuidado del ambiente.<\/strong><\/li>\n<li class=\" eplus-wrapper\"><strong>La jornada cont\u00f3 con la participaci\u00f3n de divulgadores y referentes ambientales que compartieron experiencias, proyectos y miradas sobre los desaf\u00edos actuales.<\/strong><\/li>\n<\/ul>\n<p class=\" eplus-wrapper\">El Gobierno de C\u00f3rdoba llev\u00f3 adelante la segunda edici\u00f3n de Re-Conversar, una jornada destinada a estudiantes de escuelas secundarias de la provincia, con el objetivo de fortalecer la participaci\u00f3n juvenil y promover el compromiso ambiental desde las aulas.<\/p>\n<p class=\" eplus-wrapper\">La actividad fue impulsada a trav\u00e9s de la Secretar\u00eda General de Ambiente, Econom\u00eda Circular y Biociudadan\u00eda, a cargo de Victoria Flores, y reuni\u00f3 a m\u00e1s de 400 estudiantes en un espacio de encuentro, reflexi\u00f3n e intercambio sobre los principales desaf\u00edos socioambientales actuales.<\/p>\n<p class=\" eplus-wrapper\">Tras el impacto de su primera edici\u00f3n, Re-Conversar volvi\u00f3 a consolidarse como una propuesta orientada a que las juventudes puedan escucharse, compartir experiencias, inspirarse entre pares y asumir un rol activo en el cuidado de sus comunidades y territorios.<\/p>\n<figure class=\"wp-block-gallery has-nested-images columns-default is-cropped eplus-wrapper wp-block-gallery-1\">\n<figure class=\"wp-block-image size-full eplus-wrapper\"><a href=\"https:\/\/prensa.cba.gov.ar\/wp-content\/uploads\/2026\/04\/Re-Conversar_-una-nueva-edicion-reunio-a-mas-de-380-estudiantes-para-construir-compromiso-ambiental-6-1.jpg\"><img fetchpriority=\"high\" decoding=\"async\" class=\"wp-image-641178\" src=\"https:\/\/prensa.cba.gov.ar\/wp-content\/uploads\/2026\/04\/Re-Conversar_-una-nueva-edicion-reunio-a-mas-de-380-estudiantes-para-construir-compromiso-ambiental-6-1.jpg\" sizes=\"(max-width: 900px) 100vw, 900px\" srcset=\"https:\/\/prensa.cba.gov.ar\/wp-content\/uploads\/2026\/04\/Re-Conversar_-una-nueva-edicion-reunio-a-mas-de-380-estudiantes-para-construir-compromiso-ambiental-6-1.jpg 900w, https:\/\/prensa.cba.gov.ar\/wp-content\/uploads\/2026\/04\/Re-Conversar_-una-nueva-edicion-reunio-a-mas-de-380-estudiantes-para-construir-compromiso-ambiental-6-1-300x200.jpg 300w, https:\/\/prensa.cba.gov.ar\/wp-content\/uploads\/2026\/04\/Re-Conversar_-una-nueva-edicion-reunio-a-mas-de-380-estudiantes-para-construir-compromiso-ambiental-6-1-768x512.jpg 768w\" alt=\"\" width=\"900\" height=\"600\" data-id=\"641178\" \/><\/a><\/figure>\n<figure class=\"wp-block-image size-full eplus-wrapper\"><a href=\"https:\/\/prensa.cba.gov.ar\/wp-content\/uploads\/2026\/04\/Re-Conversar_-una-nueva-edicion-reunio-a-mas-de-380-estudiantes-para-construir-compromiso-ambiental-47.jpg\"><img decoding=\"async\" class=\"wp-image-641182\" src=\"https:\/\/prensa.cba.gov.ar\/wp-content\/uploads\/2026\/04\/Re-Conversar_-una-nueva-edicion-reunio-a-mas-de-380-estudiantes-para-construir-compromiso-ambiental-47.jpg\" sizes=\"(max-width: 900px) 100vw, 900px\" srcset=\"https:\/\/prensa.cba.gov.ar\/wp-content\/uploads\/2026\/04\/Re-Conversar_-una-nueva-edicion-reunio-a-mas-de-380-estudiantes-para-construir-compromiso-ambiental-47.jpg 900w, https:\/\/prensa.cba.gov.ar\/wp-content\/uploads\/2026\/04\/Re-Conversar_-una-nueva-edicion-reunio-a-mas-de-380-estudiantes-para-construir-compromiso-ambiental-47-300x200.jpg 300w, https:\/\/prensa.cba.gov.ar\/wp-content\/uploads\/2026\/04\/Re-Conversar_-una-nueva-edicion-reunio-a-mas-de-380-estudiantes-para-construir-compromiso-ambiental-47-768x512.jpg 768w\" alt=\"\" width=\"900\" height=\"600\" data-id=\"641182\" \/><\/a><\/figure>\n<figure class=\"wp-block-image size-full eplus-wrapper\"><a href=\"https:\/\/prensa.cba.gov.ar\/wp-content\/uploads\/2026\/04\/Re-Conversar_-una-nueva-edicion-reunio-a-mas-de-380-estudiantes-para-construir-compromiso-ambiental-41.jpg\"><img decoding=\"async\" class=\"wp-image-641180\" src=\"https:\/\/prensa.cba.gov.ar\/wp-content\/uploads\/2026\/04\/Re-Conversar_-una-nueva-edicion-reunio-a-mas-de-380-estudiantes-para-construir-compromiso-ambiental-41.jpg\" sizes=\"(max-width: 900px) 100vw, 900px\" srcset=\"https:\/\/prensa.cba.gov.ar\/wp-content\/uploads\/2026\/04\/Re-Conversar_-una-nueva-edicion-reunio-a-mas-de-380-estudiantes-para-construir-compromiso-ambiental-41.jpg 900w, https:\/\/prensa.cba.gov.ar\/wp-content\/uploads\/2026\/04\/Re-Conversar_-una-nueva-edicion-reunio-a-mas-de-380-estudiantes-para-construir-compromiso-ambiental-41-300x200.jpg 300w, https:\/\/prensa.cba.gov.ar\/wp-content\/uploads\/2026\/04\/Re-Conversar_-una-nueva-edicion-reunio-a-mas-de-380-estudiantes-para-construir-compromiso-ambiental-41-768x512.jpg 768w\" alt=\"\" width=\"900\" height=\"600\" data-id=\"641180\" \/><\/a><\/figure>\n<\/figure>\n<p class=\" eplus-wrapper\">\n<p class=\" eplus-wrapper\">En esta oportunidad, participaron estudiantes de la Escuela Normal Superior \u201cDr. Alejandro Carb\u00f3\u201d, del IPEM N\u00b0160 Hip\u00f3lito Vieytes y del IPET N\u00b0249 Nicol\u00e1s Cop\u00e9rnico.<\/p>\n<p class=\" eplus-wrapper\">La iniciativa forma parte de las pol\u00edticas que lleva adelante el Gobierno provincial para promover la educaci\u00f3n ambiental, la participaci\u00f3n ciudadana y el desarrollo sostenible, con especial \u00e9nfasis en el protagonismo de las nuevas generaciones.<\/p>\n<p class=\" eplus-wrapper\">En ese marco, Re-Conversar busca generar instancias donde las y los j\u00f3venes puedan incorporar herramientas, debatir ideas y construir una mirada cr\u00edtica sobre la relaci\u00f3n entre ambiente, comunidad y futuro.<\/p>\n<p class=\" eplus-wrapper\">Adem\u00e1s, la jornada permiti\u00f3 profundizar el concepto de biociudadan\u00eda, entendido como una forma de habitar el mundo desde la conciencia, la responsabilidad y el compromiso con el cuidado del ambiente y de la vida en todas sus formas.<\/p>\n<p class=\" eplus-wrapper\">El encuentro cont\u00f3 con la participaci\u00f3n de Mart\u00edn Jones, Nayet Kademi\u00e1n y Lu Peirone, j\u00f3venes divulgadores y referentes comprometidos con la agenda ambiental, quienes compartieron sus experiencias, proyectos y perspectivas sobre los desaf\u00edos que enfrentan las comunidades frente al cambio clim\u00e1tico, la econom\u00eda circular y la construcci\u00f3n de h\u00e1bitos sostenibles.<\/p>\n<p class=\" eplus-wrapper\">A trav\u00e9s de esta propuesta, el Gobierno de C\u00f3rdoba contin\u00faa fortaleciendo espacios de formaci\u00f3n, intercambio y participaci\u00f3n que promueven una ciudadan\u00eda activa, comprometida con el ambiente y con capacidad de impulsar transformaciones desde sus propios territorios.<\/p>\n<\/div>\n<\/div>\n<\/article>\n","protected":false},"excerpt":{"rendered":"<p>La Provincia llev\u00f3 adelante una nueva edici\u00f3n del encuentro, destinado a j\u00f3venes de escuelas secundarias de la provincia. La propuesta promueve la participaci\u00f3n juvenil, el pensamiento cr\u00edtico y el compromiso con el cuidado del ambiente. La jornada cont\u00f3 con la participaci\u00f3n de divulgadores y referentes ambientales que compartieron experiencias, proyectos y miradas sobre los desaf\u00edos &hellip;<\/p>\n","protected":false},"author":1,"featured_media":7976,"comment_status":"open","ping_status":"open","sticky":false,"template":"","format":"standard","meta":{"footnotes":""},"categories":[48],"tags":[],"class_list":["post-7975","post","type-post","status-publish","format-standard","has-post-thumbnail","hentry","category-info-general"],"_links":{"self":[{"href":"https:\/\/radiobeat97.com.ar\/beat\/wp-json\/wp\/v2\/posts\/7975","targetHints":{"allow":["GET"]}}],"collection":[{"href":"https:\/\/radiobeat97.com.ar\/beat\/wp-json\/wp\/v2\/posts"}],"about":[{"href":"https:\/\/radiobeat97.com.ar\/beat\/wp-json\/wp\/v2\/types\/post"}],"author":[{"embeddable":true,"href":"https:\/\/radiobeat97.com.ar\/beat\/wp-json\/wp\/v2\/users\/1"}],"replies":[{"embeddable":true,"href":"https:\/\/radiobeat97.com.ar\/beat\/wp-json\/wp\/v2\/comments?post=7975"}],"version-history":[{"count":1,"href":"https:\/\/radiobeat97.com.ar\/beat\/wp-json\/wp\/v2\/posts\/7975\/revisions"}],"predecessor-version":[{"id":7977,"href":"https:\/\/radiobeat97.com.ar\/beat\/wp-json\/wp\/v2\/posts\/7975\/revisions\/7977"}],"wp:featuredmedia":[{"embeddable":true,"href":"https:\/\/radiobeat97.com.ar\/beat\/wp-json\/wp\/v2\/media\/7976"}],"wp:attachment":[{"href":"https:\/\/radiobeat97.com.ar\/beat\/wp-json\/wp\/v2\/media?parent=7975"}],"wp:term":[{"taxonomy":"category","embeddable":true,"href":"https:\/\/radiobeat97.com.ar\/beat\/wp-json\/wp\/v2\/categories?post=7975"},{"taxonomy":"post_tag","embeddable":true,"href":"https:\/\/radiobeat97.com.ar\/beat\/wp-json\/wp\/v2\/tags?post=7975"}],"curies":[{"name":"wp","href":"https:\/\/api.w.org\/{rel}","templated":true}]}}