{"id":8269,"date":"2026-09-03T08:52:04","date_gmt":"2026-09-03T11:52:04","guid":{"rendered":"https:\/\/radiobeat97.com.ar\/beat\/?p=8269"},"modified":"2026-09-03T09:33:01","modified_gmt":"2026-09-03T12:33:01","slug":"el-camino-de-brochero-ya-es-patrimonio-cultural-inmaterial-de-la-argentina","status":"publish","type":"post","link":"https:\/\/radiobeat97.com.ar\/beat\/el-camino-de-brochero-ya-es-patrimonio-cultural-inmaterial-de-la-argentina\/","title":{"rendered":"El Camino de Brochero ya es Patrimonio Cultural Inmaterial de la Argentina"},"content":{"rendered":"<ul class=\" wp-block-list eplus-wrapper eplus-styles-uid-80016c\">\n<li class=\" eplus-wrapper\"><strong>La C\u00e1mara de Diputados de la Naci\u00f3n convirti\u00f3 en ley la declaraci\u00f3n, que reconoce su valor religioso, cultural e hist\u00f3rico.<\/strong><\/li>\n<\/ul>\n<p class=\"eplus-wrapper wp-block-paragraph\">La C\u00e1mara de Diputados de la Naci\u00f3n convirti\u00f3 en ley la declaraci\u00f3n que reconoce el Camino de Brochero como parte integrante del Patrimonio Cultural Inmaterial de la Rep\u00fablica Argentina, y pone en valor una de las expresiones de fe, identidad y tradici\u00f3n m\u00e1s significativas de C\u00f3rdoba y del pa\u00eds.<\/p>\n<p class=\"eplus-wrapper wp-block-paragraph\">El proyecto, que ya contaba con media sanci\u00f3n del Senado desde septiembre del a\u00f1o pasado, se hizo ley con 207 votos afirmativos.<\/p>\n<p class=\"eplus-wrapper wp-block-paragraph\">As\u00ed se reconoce el valor religioso, cultural e hist\u00f3rico de la peregrinaci\u00f3n inspirada en la figura de San Jos\u00e9 Gabriel del Rosario Brochero, el primer santo argentino nacido y fallecido en el pa\u00eds.<\/p>\n<p class=\"eplus-wrapper wp-block-paragraph\">El Camino de Brochero comprende varios kil\u00f3metros, conectando lugares estrechamente vinculados a la vida, la obra evangelizadora y el legado espiritual del Cura Gaucho.<\/p>\n<p class=\"eplus-wrapper wp-block-paragraph\">La nueva normativa busca preservar, promover y fortalecer una tradici\u00f3n que cada a\u00f1o convoca a miles de peregrinos, fieles y visitantes que transitan los mismos senderos recorridos por Brochero, viviendo una experiencia que combina espiritualidad, historia, cultura y naturaleza.<\/p>\n<p class=\"eplus-wrapper wp-block-paragraph\">La declaraci\u00f3n como Patrimonio Cultural Inmaterial reconoce no solo el recorrido f\u00edsico, sino tambi\u00e9n el conjunto de pr\u00e1cticas, saberes, celebraciones, manifestaciones comunitarias y expresiones de fe que se transmiten de generaci\u00f3n en generaci\u00f3n y que forman parte de la identidad de las comunidades involucradas.<\/p>\n<p class=\"eplus-wrapper wp-block-paragraph\">Desde la Agencia C\u00f3rdoba Turismo destacaron que este reconocimiento representa un importante impulso para el desarrollo del turismo religioso y cultural en la provincia, consolidando al Camino de Brochero como uno de los circuitos de peregrinaci\u00f3n m\u00e1s relevantes de la Argentina.<\/p>\n<p class=\"eplus-wrapper wp-block-paragraph\">En los \u00faltimos a\u00f1os, el recorrido ha experimentado un notable crecimiento, atrayendo visitantes de distintos puntos del pa\u00eds y del exterior, y generando un impacto positivo en las econom\u00edas regionales, el patrimonio local y las comunidades que forman parte de su trazado.<\/p>\n<p class=\"eplus-wrapper wp-block-paragraph\">La sanci\u00f3n de esta ley constituye un nuevo hito en la valorizaci\u00f3n del legado de San Jos\u00e9 Gabriel del Rosario Brochero y reafirma el compromiso de C\u00f3rdoba con la preservaci\u00f3n de su patrimonio cultural, hist\u00f3rico y espiritual, proyect\u00e1ndolo como un atractivo tur\u00edstico de alcance nacional e internacional.<\/p>\n<figure class=\" wp-block-audio eplus-wrapper\"><audio src=\"https:\/\/prensa.cba.gov.ar\/wp-content\/uploads\/2026\/08\/WhatsApp-Audio-2026-08-27-at-16.04.06-mp3cut.net_.mp3\" controls=\"controls\" data-mce-fragment=\"1\"><\/audio><\/figure>\n<p class=\"eplus-wrapper wp-block-paragraph\"><em><strong>Audio<\/strong>: Dar\u00edo Capitani, presidente de la ACT<\/em><\/p>\n<h4 class=\" wp-block-heading eplus-wrapper\"><strong>13\u00b0 Peregrinaci\u00f3n \u201cEl Camino de Brochero\u201d, el pr\u00f3ximo s\u00e1bado 12 de septiembre.<\/strong><\/h4>\n<p class=\"eplus-wrapper wp-block-paragraph\">La actividad convocar\u00e1 a peregrinos, vecinos y visitantes de distintos puntos del pa\u00eds para compartir una experiencia de fe, reflexi\u00f3n y agradecimiento, recorriendo los caminos que marcaron la vida y obra del Santo Cura Gaucho.<\/p>\n<p class=\"eplus-wrapper wp-block-paragraph\">Bajo el lema de transitar juntos en oraci\u00f3n, la peregrinaci\u00f3n propone un recorrido de 28 kil\u00f3metros, atravesando paisajes caracter\u00edsticos del Valle de Traslasierra y rememorando el legado espiritual y social de Brochero.<\/p>\n<p class=\"eplus-wrapper wp-block-paragraph\">M\u00e1s informaci\u00f3n e inscripci\u00f3n en el siguiente link\u00a0\u00a0<a href=\"https:\/\/cordobaturismo.gov.ar\/novedades\/13-peregrinacion-el-camino-de-brochero-villa-cura-brochero-invita-a-vivir-una-jornada-de-fe-y-encuentro\/\" target=\"_blank\" rel=\"noreferrer noopener\">https:\/\/cordobaturismo.gov.ar\/novedades\/13-peregrinacion-el-camino-de-brochero-villa-cura-brochero-invita-a-vivir-una-jornada-de-fe-y-encuentro\/<\/a><img fetchpriority=\"high\" decoding=\"async\" class=\"alignnone size-medium wp-image-8270\" src=\"https:\/\/radiobeat97.com.ar\/beat\/wp-content\/uploads\/2026\/09\/Cura-Brochero-2-300x200.jpg\" alt=\"\" width=\"300\" height=\"200\" srcset=\"https:\/\/radiobeat97.com.ar\/beat\/wp-content\/uploads\/2026\/09\/Cura-Brochero-2-300x200.jpg 300w, https:\/\/radiobeat97.com.ar\/beat\/wp-content\/uploads\/2026\/09\/Cura-Brochero-2-768x512.jpg 768w, https:\/\/radiobeat97.com.ar\/beat\/wp-content\/uploads\/2026\/09\/Cura-Brochero-2.jpg 990w\" sizes=\"(max-width: 300px) 100vw, 300px\" \/><\/p>\n","protected":false},"excerpt":{"rendered":"<p>La C\u00e1mara de Diputados de la Naci\u00f3n convirti\u00f3 en ley la declaraci\u00f3n, que reconoce su valor religioso, cultural e hist\u00f3rico. La C\u00e1mara de Diputados de la Naci\u00f3n convirti\u00f3 en ley la declaraci\u00f3n que reconoce el Camino de Brochero como parte integrante del Patrimonio Cultural Inmaterial de la Rep\u00fablica Argentina, y pone en valor una de &hellip;<\/p>\n","protected":false},"author":1,"featured_media":8270,"comment_status":"closed","ping_status":"open","sticky":false,"template":"","format":"standard","meta":{"footnotes":""},"categories":[3],"tags":[],"class_list":["post-8269","post","type-post","status-publish","format-standard","has-post-thumbnail","hentry","category-lifestyle"],"_links":{"self":[{"href":"https:\/\/radiobeat97.com.ar\/beat\/wp-json\/wp\/v2\/posts\/8269","targetHints":{"allow":["GET"]}}],"collection":[{"href":"https:\/\/radiobeat97.com.ar\/beat\/wp-json\/wp\/v2\/posts"}],"about":[{"href":"https:\/\/radiobeat97.com.ar\/beat\/wp-json\/wp\/v2\/types\/post"}],"author":[{"embeddable":true,"href":"https:\/\/radiobeat97.com.ar\/beat\/wp-json\/wp\/v2\/users\/1"}],"replies":[{"embeddable":true,"href":"https:\/\/radiobeat97.com.ar\/beat\/wp-json\/wp\/v2\/comments?post=8269"}],"version-history":[{"count":1,"href":"https:\/\/radiobeat97.com.ar\/beat\/wp-json\/wp\/v2\/posts\/8269\/revisions"}],"predecessor-version":[{"id":8271,"href":"https:\/\/radiobeat97.com.ar\/beat\/wp-json\/wp\/v2\/posts\/8269\/revisions\/8271"}],"wp:featuredmedia":[{"embeddable":true,"href":"https:\/\/radiobeat97.com.ar\/beat\/wp-json\/wp\/v2\/media\/8270"}],"wp:attachment":[{"href":"https:\/\/radiobeat97.com.ar\/beat\/wp-json\/wp\/v2\/media?parent=8269"}],"wp:term":[{"taxonomy":"category","embeddable":true,"href":"https:\/\/radiobeat97.com.ar\/beat\/wp-json\/wp\/v2\/categories?post=8269"},{"taxonomy":"post_tag","embeddable":true,"href":"https:\/\/radiobeat97.com.ar\/beat\/wp-json\/wp\/v2\/tags?post=8269"}],"curies":[{"name":"wp","href":"https:\/\/api.w.org\/{rel}","templated":true}]}}