{"id":8272,"date":"2026-09-04T08:52:36","date_gmt":"2026-09-04T11:52:36","guid":{"rendered":"https:\/\/radiobeat97.com.ar\/beat\/?p=8272"},"modified":"2026-09-03T08:53:28","modified_gmt":"2026-09-03T11:53:28","slug":"llega-la-6-feria-provincial-alcira-lopez-con-80-artesanos-de-toda-cordoba","status":"publish","type":"post","link":"https:\/\/radiobeat97.com.ar\/beat\/llega-la-6-feria-provincial-alcira-lopez-con-80-artesanos-de-toda-cordoba\/","title":{"rendered":"Llega la 6\u00b0 Feria Provincial \u201cAlcira L\u00f3pez\u201d con 80 artesanos de toda C\u00f3rdoba"},"content":{"rendered":"<ul class=\" wp-block-list eplus-wrapper eplus-styles-uid-28bce4\">\n<li class=\" eplus-wrapper\"><strong>La propuesta se desarrollar\u00e1 del 11 al 13 de septiembre en el Centro Cultural C\u00f3rdoba, con entrada libre y gratuita.<\/strong><\/li>\n<li class=\" eplus-wrapper\"><strong>Durante las tres jornadas habr\u00e1 exhibici\u00f3n y venta de piezas, demostraciones de t\u00e9cnicas, talleres e intercambio de saberes.<\/strong><\/li>\n<li class=\" eplus-wrapper\"><strong>La programaci\u00f3n incluir\u00e1 actividades para las infancias, m\u00fasica en vivo, circo y encuentros con artesanos.<\/strong><\/li>\n<\/ul>\n<p class=\"eplus-wrapper wp-block-paragraph\">El Centro Cultural C\u00f3rdoba (Av. Poeta Lugones 401) ser\u00e1 nuevamente punto de encuentro para artesanos, artesanas y p\u00fablico en general, con la realizaci\u00f3n de la\u00a0<strong>6\u00b0 edici\u00f3n de la Feria Provincial de Artesan\u00edas \u201cAlcira L\u00f3pez\u201d<\/strong>.<\/p>\n<p class=\"eplus-wrapper wp-block-paragraph\">El encuentro se desarrollar\u00e1 del 11 al 13 de septiembre, de 15 a 21, con entrada libre y gratuita.<\/p>\n<p class=\"eplus-wrapper wp-block-paragraph\">Durante las tres jornadas, el p\u00fablico podr\u00e1 recorrer los 80 stands que reunir\u00e1n producciones de artesanos y artesanas de distintos puntos de la provincia. Se podr\u00e1n apreciar y adquirir piezas realizadas en cer\u00e1mica, vidrio, textiles, metal, piedra, cuero, madera, fibras vegetales y animales, entre otros materiales.<\/p>\n<p class=\"eplus-wrapper wp-block-paragraph\">La propuesta busca fortalecer la producci\u00f3n artesanal, promover la circulaci\u00f3n de las piezas y generar un espacio de encuentro e intercambio de saberes entre quienes sostienen y renuevan los distintos oficios.<\/p>\n<p class=\"eplus-wrapper wp-block-paragraph\">Adem\u00e1s, habr\u00e1 demostraciones de t\u00e9cnicas, talleres y actividades para toda la familia. La programaci\u00f3n incluir\u00e1 una charla con la artesana\u00a0<strong>Mar\u00eda del Carmen Toribio<\/strong>, presentaciones del\u00a0<strong>Coro Domingo Zipoli<\/strong>, propuestas de circo para las infancias y m\u00fasica en vivo de\u00a0<strong>Mato Preto<\/strong>\u00a0y\u00a0<strong>Cuarteto del Amor<\/strong>.<\/p>\n<p class=\"eplus-wrapper wp-block-paragraph\">Tambi\u00e9n se realizar\u00e1n los talleres para ni\u00f1os\u00a0<strong>\u201cLa naturaleza imprime\u201d<\/strong>\u00a0y\u00a0<strong>\u201cManitos al barro\u201d<\/strong>, que permitir\u00e1n acercarse a los materiales y t\u00e9cnicas del hacer artesanal a trav\u00e9s de experiencias pr\u00e1cticas.<\/p>\n<h2 class=\" wp-block-heading eplus-wrapper\"><strong>Una muestra de los oficios y saberes cordobeses<\/strong><\/h2>\n<p class=\"eplus-wrapper wp-block-paragraph\">La feria re\u00fane expresiones de la artesan\u00eda tradicional y contempor\u00e1nea de C\u00f3rdoba, con piezas que ponen en valor los conocimientos transmitidos entre generaciones y, al mismo tiempo, incorporan nuevas formas de crear y trabajar los materiales.<\/p>\n<p class=\"eplus-wrapper wp-block-paragraph\">De esta manera, el encuentro propone visibilizar la diversidad de oficios que forman parte de la identidad cultural de la provincia y acercar al p\u00fablico a los procesos, las t\u00e9cnicas y las historias detr\u00e1s de cada pieza.<\/p>\n<h2 class=\" wp-block-heading eplus-wrapper\"><strong>El legado de Alcira L\u00f3pez<\/strong><\/h2>\n<p class=\"eplus-wrapper wp-block-paragraph\">La feria lleva el nombre de\u00a0<strong>Mar\u00eda Alcira L\u00f3pez<\/strong>, reconocida alfarera nacida en 1918 en Puente del Cura, Mina Clavero. Su trabajo estuvo ligado a la tradici\u00f3n alfarera de Traslasierra y al uso de arcillas recolectadas en r\u00edos y arroyos de la regi\u00f3n.<\/p>\n<p class=\"eplus-wrapper wp-block-paragraph\">L\u00f3pez modelaba sus piezas a mano, sin utilizar moldes, y las coc\u00eda a le\u00f1a, manteniendo t\u00e9cnicas vinculadas a la tradici\u00f3n de los pueblos originarios. A lo largo de su trayectoria particip\u00f3 en ferias y exposiciones de todo el pa\u00eds, donde recibi\u00f3 distintos reconocimientos.<\/p>\n<p class=\"eplus-wrapper wp-block-paragraph\">Adem\u00e1s de desarrollar su propia producci\u00f3n, transmiti\u00f3 sus conocimientos a nuevas generaciones y contribuy\u00f3 a preservar el oficio alfarero de la regi\u00f3n. Falleci\u00f3 en 2001, pero su legado contin\u00faa presente en la artesan\u00eda cordobesa y da nombre a esta feria provincial.<\/p>\n","protected":false},"excerpt":{"rendered":"<p>La propuesta se desarrollar\u00e1 del 11 al 13 de septiembre en el Centro Cultural C\u00f3rdoba, con entrada libre y gratuita. Durante las tres jornadas habr\u00e1 exhibici\u00f3n y venta de piezas, demostraciones de t\u00e9cnicas, talleres e intercambio de saberes. La programaci\u00f3n incluir\u00e1 actividades para las infancias, m\u00fasica en vivo, circo y encuentros con artesanos. El Centro &hellip;<\/p>\n","protected":false},"author":1,"featured_media":8273,"comment_status":"closed","ping_status":"open","sticky":false,"template":"","format":"standard","meta":{"footnotes":""},"categories":[48,3],"tags":[],"class_list":["post-8272","post","type-post","status-publish","format-standard","has-post-thumbnail","hentry","category-info-general","category-lifestyle"],"_links":{"self":[{"href":"https:\/\/radiobeat97.com.ar\/beat\/wp-json\/wp\/v2\/posts\/8272","targetHints":{"allow":["GET"]}}],"collection":[{"href":"https:\/\/radiobeat97.com.ar\/beat\/wp-json\/wp\/v2\/posts"}],"about":[{"href":"https:\/\/radiobeat97.com.ar\/beat\/wp-json\/wp\/v2\/types\/post"}],"author":[{"embeddable":true,"href":"https:\/\/radiobeat97.com.ar\/beat\/wp-json\/wp\/v2\/users\/1"}],"replies":[{"embeddable":true,"href":"https:\/\/radiobeat97.com.ar\/beat\/wp-json\/wp\/v2\/comments?post=8272"}],"version-history":[{"count":1,"href":"https:\/\/radiobeat97.com.ar\/beat\/wp-json\/wp\/v2\/posts\/8272\/revisions"}],"predecessor-version":[{"id":8274,"href":"https:\/\/radiobeat97.com.ar\/beat\/wp-json\/wp\/v2\/posts\/8272\/revisions\/8274"}],"wp:featuredmedia":[{"embeddable":true,"href":"https:\/\/radiobeat97.com.ar\/beat\/wp-json\/wp\/v2\/media\/8273"}],"wp:attachment":[{"href":"https:\/\/radiobeat97.com.ar\/beat\/wp-json\/wp\/v2\/media?parent=8272"}],"wp:term":[{"taxonomy":"category","embeddable":true,"href":"https:\/\/radiobeat97.com.ar\/beat\/wp-json\/wp\/v2\/categories?post=8272"},{"taxonomy":"post_tag","embeddable":true,"href":"https:\/\/radiobeat97.com.ar\/beat\/wp-json\/wp\/v2\/tags?post=8272"}],"curies":[{"name":"wp","href":"https:\/\/api.w.org\/{rel}","templated":true}]}}