{"id":8275,"date":"2026-09-05T08:54:09","date_gmt":"2026-09-05T11:54:09","guid":{"rendered":"https:\/\/radiobeat97.com.ar\/beat\/?p=8275"},"modified":"2026-09-03T08:55:17","modified_gmt":"2026-09-03T11:55:17","slug":"el-museo-evita-palacio-ferreyra-inaugura-una-monumental-muestra-de-grupo-mondongo","status":"publish","type":"post","link":"https:\/\/radiobeat97.com.ar\/beat\/el-museo-evita-palacio-ferreyra-inaugura-una-monumental-muestra-de-grupo-mondongo\/","title":{"rendered":"El Museo Evita Palacio Ferreyra inaugura una monumental muestra de Grupo Mondongo"},"content":{"rendered":"<ul class=\" wp-block-list eplus-wrapper eplus-styles-uid-e62983\">\n<li class=\" eplus-wrapper\"><strong>El jueves 10 de septiembre, a las 18.30, se inaugurar\u00e1 \u201cArgentina x Mondongo\u201d.\u00a0<\/strong><\/li>\n<li class=\" eplus-wrapper\"><strong>La exposici\u00f3n re\u00fane la instalaci\u00f3n Argentina (2009-2013), una obra de 45 metros de longitud realizada \u00edntegramente con plastilina, junto a #Calavera 3, una pieza in\u00e9dita para el p\u00fablico cordob\u00e9s.\u00a0<\/strong><\/li>\n<li class=\" eplus-wrapper\"><strong>Grupo Mondongo es un colectivo art\u00edstico argentino de renombre internacional, actualmente integrado por los artistas Juliana Laffitte y Manuel Mendanha\u00a0<\/strong><\/li>\n<\/ul>\n<p class=\"eplus-wrapper wp-block-paragraph\">El Museo de Bellas Artes Evita Palacio Ferreyra ser\u00e1 sede de la llegada a C\u00f3rdoba de\u00a0<em>Argentina x Mondongo<\/em>, exposici\u00f3n del reconocido Grupo Mondongo, en el marco de una gira federal impulsada por ArtHaus.<\/p>\n<p class=\"eplus-wrapper wp-block-paragraph\">La inauguraci\u00f3n ser\u00e1 el jueves 10 de septiembre a las 18:30 y contar\u00e1 con m\u00fasica en vivo del artista cordob\u00e9s F\u00e9lix San Mart\u00edn, quien presentar\u00e1 un adelanto exclusivo de su pr\u00f3ximo material discogr\u00e1fico.<\/p>\n<p class=\"eplus-wrapper wp-block-paragraph\">La muestra invita a disfrutar de\u00a0<em>Argentina<\/em>\u00a0(2009-2013), una imponente instalaci\u00f3n de 45 metros de longitud compuesta por 15 paneles de gran formato sobre madera. Realizada \u00edntegramente con plastilina, material caracter\u00edstico del colectivo, la obra propone un recorrido por la diversidad de los paisajes argentinos y, al mismo tiempo, una reflexi\u00f3n sobre el territorio, la identidad nacional y los ciclos de vida, muerte y renovaci\u00f3n.<\/p>\n<p class=\"eplus-wrapper wp-block-paragraph\">El proyecto surgi\u00f3 a partir de un viaje de los artistas a Entre R\u00edos, experiencia que dio lugar a una obra que explora las posibilidades pl\u00e1sticas de la plastilina y recupera el paisaje como espacio de observaci\u00f3n y construcci\u00f3n de sentidos.<\/p>\n<p class=\"eplus-wrapper wp-block-paragraph\">Como parte de la exhibici\u00f3n tambi\u00e9n se presenta #<em>Calavera 3<\/em>, una pieza in\u00e9dita para el p\u00fablico local y \u00faltima adquisici\u00f3n del fundador de ArtHaus, Andr\u00e9s Buhar. La obra pertenece a la serie de doce\u00a0<em>Calaveras<\/em>\u00a0realizadas por Mondongo entre 2009 y 2013.<\/p>\n<p class=\"eplus-wrapper wp-block-paragraph\">Estas piezas aparecen, adem\u00e1s, ocultas entre el follaje de los \u00e1rboles del Panel 9 de la instalaci\u00f3n\u00a0<em>Argentina<\/em>, en un juego de autorreferencias que ampl\u00eda el universo simb\u00f3lico de la obra.<\/p>\n<p class=\"eplus-wrapper wp-block-paragraph\">\u201c<em>Estamos muy orgullosos de esta gira federal, que esperamos marque el comienzo de una colaboraci\u00f3n fruct\u00edfera con museos del interior. Es una gran oportunidad para generar v\u00ednculos entre instituciones p\u00fablicas y privadas, y para fortalecer el tejido cultural en todo el pa\u00eds\u201d,<\/em>\u00a0afirma Andr\u00e9s Buhar, director general de ArtHaus.<\/p>\n<p class=\"eplus-wrapper wp-block-paragraph\">La exposici\u00f3n quedar\u00e1 en exhibici\u00f3n en el Museo de Bellas Artes Evita Palacio Ferreyra y podr\u00e1 visitarse de martes a domingo, de 10 a 17:30. Los mi\u00e9rcoles la entrada ser\u00e1 gratuita.<\/p>\n<figure class=\"wp-block-gallery has-nested-images columns-default is-cropped eplus-wrapper wp-block-gallery-1\">\n<figure class=\"wp-block-image size-full eplus-wrapper\"><a href=\"https:\/\/prensa.cba.gov.ar\/wp-content\/uploads\/2026\/09\/Argentina-x-Mondongo-5.jpg\"><img fetchpriority=\"high\" decoding=\"async\" class=\"wp-image-649225\" src=\"https:\/\/prensa.cba.gov.ar\/wp-content\/uploads\/2026\/09\/Argentina-x-Mondongo-5.jpg\" sizes=\"(max-width: 990px) 100vw, 990px\" srcset=\"https:\/\/prensa.cba.gov.ar\/wp-content\/uploads\/2026\/09\/Argentina-x-Mondongo-5.jpg 990w, https:\/\/prensa.cba.gov.ar\/wp-content\/uploads\/2026\/09\/Argentina-x-Mondongo-5-300x200.jpg 300w, https:\/\/prensa.cba.gov.ar\/wp-content\/uploads\/2026\/09\/Argentina-x-Mondongo-5-768x512.jpg 768w\" alt=\"\" width=\"990\" height=\"660\" data-id=\"649225\" \/><\/a><\/figure>\n<figure class=\"wp-block-image size-full eplus-wrapper\"><a href=\"https:\/\/prensa.cba.gov.ar\/wp-content\/uploads\/2026\/09\/Argentina-x-Mondongo-3.jpg\"><img decoding=\"async\" class=\"wp-image-649228\" src=\"https:\/\/prensa.cba.gov.ar\/wp-content\/uploads\/2026\/09\/Argentina-x-Mondongo-3.jpg\" sizes=\"(max-width: 990px) 100vw, 990px\" srcset=\"https:\/\/prensa.cba.gov.ar\/wp-content\/uploads\/2026\/09\/Argentina-x-Mondongo-3.jpg 990w, https:\/\/prensa.cba.gov.ar\/wp-content\/uploads\/2026\/09\/Argentina-x-Mondongo-3-300x200.jpg 300w, https:\/\/prensa.cba.gov.ar\/wp-content\/uploads\/2026\/09\/Argentina-x-Mondongo-3-768x512.jpg 768w\" alt=\"\" width=\"990\" height=\"660\" data-id=\"649228\" \/><\/a><\/figure>\n<figure class=\"wp-block-image size-full eplus-wrapper\"><a href=\"https:\/\/prensa.cba.gov.ar\/wp-content\/uploads\/2026\/09\/Argentina-x-Mondongo-1.jpg\"><img decoding=\"async\" class=\"wp-image-649226\" src=\"https:\/\/prensa.cba.gov.ar\/wp-content\/uploads\/2026\/09\/Argentina-x-Mondongo-1.jpg\" sizes=\"(max-width: 990px) 100vw, 990px\" srcset=\"https:\/\/prensa.cba.gov.ar\/wp-content\/uploads\/2026\/09\/Argentina-x-Mondongo-1.jpg 990w, https:\/\/prensa.cba.gov.ar\/wp-content\/uploads\/2026\/09\/Argentina-x-Mondongo-1-300x200.jpg 300w, https:\/\/prensa.cba.gov.ar\/wp-content\/uploads\/2026\/09\/Argentina-x-Mondongo-1-768x512.jpg 768w\" alt=\"\" width=\"990\" height=\"660\" data-id=\"649226\" \/><\/a><\/figure>\n<\/figure>\n<p class=\"eplus-wrapper wp-block-paragraph\"><strong>Sobre Grupo Mondongo<\/strong><\/p>\n<p class=\"eplus-wrapper wp-block-paragraph\">Mondongo, integrado por Juliana Laffitte y Manuel Mendanha, es uno de los colectivos art\u00edsticos argentinos de mayor reconocimiento internacional. Sus obras se han mostrado en el Malba y el Museo de Arte Moderno de Buenos Aires, el LACMA de Los \u00c1ngeles y el MAXXI de Roma, con convocatorias r\u00e9cord.<\/p>\n<p class=\"eplus-wrapper wp-block-paragraph\">Su trabajo se caracteriza por el uso de materiales no convencionales y una iconograf\u00eda cargada de simbolismo y narraci\u00f3n. Sus piezas integran colecciones en Am\u00e9rica, Europa y Medio Oriente.<\/p>\n<p class=\"eplus-wrapper wp-block-paragraph\"><strong>Sobre ArtHaus<\/strong><\/p>\n<p class=\"eplus-wrapper wp-block-paragraph\">Fundada en 2021 por Andr\u00e9s Buhar, ArtHaus Central se propone como un espacio de creaci\u00f3n, producci\u00f3n, experimentaci\u00f3n y difusi\u00f3n de las pr\u00e1cticas art\u00edsticas contempor\u00e1neas. Pionera en el proceso de reconversi\u00f3n del microcentro porte\u00f1o, tiene como objetivo ampliar audiencias y democratizar el acceso al arte del presente.<\/p>\n<p class=\"eplus-wrapper wp-block-paragraph\">En su sede de Bartolom\u00e9 Mitre 434 conviven artes esc\u00e9nicas, conciertos, exhibiciones de artes visuales, actividades literarias y educativas, y cine en la terraza durante todo el a\u00f1o.<\/p>\n","protected":false},"excerpt":{"rendered":"<p>El jueves 10 de septiembre, a las 18.30, se inaugurar\u00e1 \u201cArgentina x Mondongo\u201d.\u00a0 La exposici\u00f3n re\u00fane la instalaci\u00f3n Argentina (2009-2013), una obra de 45 metros de longitud realizada \u00edntegramente con plastilina, junto a #Calavera 3, una pieza in\u00e9dita para el p\u00fablico cordob\u00e9s.\u00a0 Grupo Mondongo es un colectivo art\u00edstico argentino de renombre internacional, actualmente integrado por &hellip;<\/p>\n","protected":false},"author":1,"featured_media":8276,"comment_status":"closed","ping_status":"open","sticky":false,"template":"","format":"standard","meta":{"footnotes":""},"categories":[50,48,3],"tags":[],"class_list":["post-8275","post","type-post","status-publish","format-standard","has-post-thumbnail","hentry","category-entretenimiento","category-info-general","category-lifestyle"],"_links":{"self":[{"href":"https:\/\/radiobeat97.com.ar\/beat\/wp-json\/wp\/v2\/posts\/8275","targetHints":{"allow":["GET"]}}],"collection":[{"href":"https:\/\/radiobeat97.com.ar\/beat\/wp-json\/wp\/v2\/posts"}],"about":[{"href":"https:\/\/radiobeat97.com.ar\/beat\/wp-json\/wp\/v2\/types\/post"}],"author":[{"embeddable":true,"href":"https:\/\/radiobeat97.com.ar\/beat\/wp-json\/wp\/v2\/users\/1"}],"replies":[{"embeddable":true,"href":"https:\/\/radiobeat97.com.ar\/beat\/wp-json\/wp\/v2\/comments?post=8275"}],"version-history":[{"count":1,"href":"https:\/\/radiobeat97.com.ar\/beat\/wp-json\/wp\/v2\/posts\/8275\/revisions"}],"predecessor-version":[{"id":8277,"href":"https:\/\/radiobeat97.com.ar\/beat\/wp-json\/wp\/v2\/posts\/8275\/revisions\/8277"}],"wp:featuredmedia":[{"embeddable":true,"href":"https:\/\/radiobeat97.com.ar\/beat\/wp-json\/wp\/v2\/media\/8276"}],"wp:attachment":[{"href":"https:\/\/radiobeat97.com.ar\/beat\/wp-json\/wp\/v2\/media?parent=8275"}],"wp:term":[{"taxonomy":"category","embeddable":true,"href":"https:\/\/radiobeat97.com.ar\/beat\/wp-json\/wp\/v2\/categories?post=8275"},{"taxonomy":"post_tag","embeddable":true,"href":"https:\/\/radiobeat97.com.ar\/beat\/wp-json\/wp\/v2\/tags?post=8275"}],"curies":[{"name":"wp","href":"https:\/\/api.w.org\/{rel}","templated":true}]}}