{"id":8281,"date":"2026-09-03T08:58:17","date_gmt":"2026-09-03T11:58:17","guid":{"rendered":"https:\/\/radiobeat97.com.ar\/beat\/?p=8281"},"modified":"2026-09-03T08:58:17","modified_gmt":"2026-09-03T11:58:17","slug":"santa-rosa-de-calamuchita-se-prepara-para-una-nueva-edicion-del-rally-bike","status":"publish","type":"post","link":"https:\/\/radiobeat97.com.ar\/beat\/santa-rosa-de-calamuchita-se-prepara-para-una-nueva-edicion-del-rally-bike\/","title":{"rendered":"Santa Rosa de Calamuchita se prepara para una nueva edici\u00f3n del Rally Bike"},"content":{"rendered":"<ul class=\" wp-block-list eplus-wrapper eplus-styles-uid-f287d3\">\n<li class=\" eplus-wrapper\"><strong>La 19\u00b0 edici\u00f3n del Rally Bike Calamuchita y la 4\u00b0 edici\u00f3n del V\u00eda Crucis Trail se presentaron en el Estadio Mario Alberto Kempes.\u00a0<\/strong><\/li>\n<li class=\" eplus-wrapper\"><strong>Las competencias se desarrollar\u00e1n del 4 al 6 de septiembre con m\u00e1s de 2 mil participantes.<\/strong><\/li>\n<li class=\" eplus-wrapper\"><strong>El evento fue declarado de inter\u00e9s provincial por la Agencia C\u00f3rdoba Deportes.<\/strong><\/li>\n<\/ul>\n<p class=\"eplus-wrapper wp-block-paragraph\">Santa Rosa de Calamuchita ya est\u00e1 lista para recibir una nueva edici\u00f3n del Rally Bike Calamuchita, una de las competencias de ciclismo de monta\u00f1a m\u00e1s importantes de C\u00f3rdoba, que este a\u00f1o celebra su 19\u00b0 edici\u00f3n y vuelve a convocar a miles de deportistas en los paisajes del Valle serrano.<\/p>\n<p class=\"eplus-wrapper wp-block-paragraph\">Durante tres jornadas, del 4 al 6 de septiembre, Santa Rosa ser\u00e1 epicentro de una propuesta que conjuga deporte, naturaleza y turismo. La competencia contar\u00e1 con dos distancias de Rally Bike, la cuarta edici\u00f3n del Trail Run, una carrera especial para ni\u00f1os y diferentes actividades vinculadas al encuentro.<\/p>\n<p class=\"eplus-wrapper wp-block-paragraph\"><em>\u201cEstos eventos no solo promueven el deporte, sino que tambi\u00e9n generan una sinergia entre el turismo y la econom\u00eda, pilares fundamentales para C\u00f3rdoba\u201d,<\/em>\u00a0afirm\u00f3 Mariano Reutemann, vocal de Directorio de la Agencia C\u00f3rdoba Deportes. Adem\u00e1s, destac\u00f3 el trabajo de la organizaci\u00f3n y el crecimiento sostenido de la competencia:\u00a0<em>\u201cYa cerca de cumplir 20 a\u00f1os, es un orgullo contar con personas tan apasionadas que brindan su tiempo para el desarrollo deportivo de la provincia\u201d.<\/em><\/p>\n<p class=\"eplus-wrapper wp-block-paragraph\">La presentaci\u00f3n oficial se realiz\u00f3 este martes en la Sala de Conferencias del Estadio Mario Alberto Kempes y cont\u00f3 adem\u00e1s con la presencia del secretario de Turismo, Cultura y Deportes, Marco Arregui; el presidente de la Asociaci\u00f3n Rally Bike Calamuchita, Maximiliano Medina; y el vocal de la asociaci\u00f3n, Ezequiel Brizuela, entre otras autoridades, dirigentes y deportistas.<\/p>\n<figure class=\"wp-block-gallery has-nested-images columns-default is-cropped eplus-wrapper wp-block-gallery-1\">\n<figure class=\"wp-block-image size-full eplus-wrapper\"><a href=\"https:\/\/prensa.cba.gov.ar\/wp-content\/uploads\/2026\/09\/Presentacion-Rally-Bike-Calamuchita-Via-Crucis-Trail-gob-2-1.jpg\"><img fetchpriority=\"high\" decoding=\"async\" class=\"wp-image-649235\" src=\"https:\/\/prensa.cba.gov.ar\/wp-content\/uploads\/2026\/09\/Presentacion-Rally-Bike-Calamuchita-Via-Crucis-Trail-gob-2-1.jpg\" sizes=\"(max-width: 993px) 100vw, 993px\" srcset=\"https:\/\/prensa.cba.gov.ar\/wp-content\/uploads\/2026\/09\/Presentacion-Rally-Bike-Calamuchita-Via-Crucis-Trail-gob-2-1.jpg 993w, https:\/\/prensa.cba.gov.ar\/wp-content\/uploads\/2026\/09\/Presentacion-Rally-Bike-Calamuchita-Via-Crucis-Trail-gob-2-1-300x200.jpg 300w, https:\/\/prensa.cba.gov.ar\/wp-content\/uploads\/2026\/09\/Presentacion-Rally-Bike-Calamuchita-Via-Crucis-Trail-gob-2-1-768x512.jpg 768w\" alt=\"\" width=\"993\" height=\"662\" data-id=\"649235\" \/><\/a><\/figure>\n<figure class=\"wp-block-image size-full eplus-wrapper\"><a href=\"https:\/\/prensa.cba.gov.ar\/wp-content\/uploads\/2026\/09\/Presentacion-Rally-Bike-Calamuchita-Via-Crucis-Trail-gob-1-2.jpg\"><img decoding=\"async\" class=\"wp-image-649234\" src=\"https:\/\/prensa.cba.gov.ar\/wp-content\/uploads\/2026\/09\/Presentacion-Rally-Bike-Calamuchita-Via-Crucis-Trail-gob-1-2.jpg\" sizes=\"(max-width: 993px) 100vw, 993px\" srcset=\"https:\/\/prensa.cba.gov.ar\/wp-content\/uploads\/2026\/09\/Presentacion-Rally-Bike-Calamuchita-Via-Crucis-Trail-gob-1-2.jpg 993w, https:\/\/prensa.cba.gov.ar\/wp-content\/uploads\/2026\/09\/Presentacion-Rally-Bike-Calamuchita-Via-Crucis-Trail-gob-1-2-300x200.jpg 300w, https:\/\/prensa.cba.gov.ar\/wp-content\/uploads\/2026\/09\/Presentacion-Rally-Bike-Calamuchita-Via-Crucis-Trail-gob-1-2-768x512.jpg 768w\" alt=\"\" width=\"993\" height=\"662\" data-id=\"649234\" \/><\/a><\/figure>\n<figure class=\"wp-block-image size-full eplus-wrapper\"><a href=\"https:\/\/prensa.cba.gov.ar\/wp-content\/uploads\/2026\/09\/Presentacion-Rally-Bike-Calamuchita-Via-Crucis-Trail-gob-4-1.jpg\"><img decoding=\"async\" class=\"wp-image-649237\" src=\"https:\/\/prensa.cba.gov.ar\/wp-content\/uploads\/2026\/09\/Presentacion-Rally-Bike-Calamuchita-Via-Crucis-Trail-gob-4-1.jpg\" sizes=\"(max-width: 993px) 100vw, 993px\" srcset=\"https:\/\/prensa.cba.gov.ar\/wp-content\/uploads\/2026\/09\/Presentacion-Rally-Bike-Calamuchita-Via-Crucis-Trail-gob-4-1.jpg 993w, https:\/\/prensa.cba.gov.ar\/wp-content\/uploads\/2026\/09\/Presentacion-Rally-Bike-Calamuchita-Via-Crucis-Trail-gob-4-1-300x200.jpg 300w, https:\/\/prensa.cba.gov.ar\/wp-content\/uploads\/2026\/09\/Presentacion-Rally-Bike-Calamuchita-Via-Crucis-Trail-gob-4-1-768x512.jpg 768w\" alt=\"\" width=\"993\" height=\"662\" data-id=\"649237\" \/><\/a><\/figure>\n<\/figure>\n<h3 class=\" wp-block-heading eplus-wrapper\"><strong>Evento declarado de Inter\u00e9s Provincial<\/strong><\/h3>\n<p class=\"eplus-wrapper wp-block-paragraph\"><em>\u201cEsta es una fecha muy importante, una carrera que viene creciendo much\u00edsimo y que fue declarada de inter\u00e9s provincial por la Agencia C\u00f3rdoba Deportes. Eso habla del crecimiento que ha tenido\u201d<\/em>, destac\u00f3 Marco Arregui, quien remarc\u00f3 la importancia que tiene la competencia para la localidad y para el desarrollo deportivo y tur\u00edstico de la regi\u00f3n.<\/p>\n<p class=\"eplus-wrapper wp-block-paragraph\">Con m\u00e1s de 2 mil participantes, la edici\u00f3n de este a\u00f1o volver\u00e1 a recorrer distintos sectores del Valle de Calamuchita, ofreciendo circuitos que combinan exigencia deportiva con algunos de los paisajes m\u00e1s destacados de la regi\u00f3n.<\/p>\n<p class=\"eplus-wrapper wp-block-paragraph\">En ese sentido, el reconocido triatleta cordob\u00e9s Oscar Gal\u00edndez, representante argentino en los Juegos Ol\u00edmpicos de Sydney 2000 y participante de esta edici\u00f3n del Rally Bike, valor\u00f3 la trayectoria de la competencia:<em>\u00a0\u201cEs muy gratificante volver a encontrarme con la gente del deporte. Tener casi dos d\u00e9cadas de trayectoria no es poca cosa y demuestra todo el trabajo que se hizo desde el comienzo\u201d.\u00a0<\/em>Tambi\u00e9n agreg\u00f3:\u00a0<em>\u201cLa carrera tiene todo: kil\u00f3metros, altimetr\u00eda, vados y paisajes incre\u00edbles. Es un gran desaf\u00edo para quienes buscan superarse y es una experiencia que, adem\u00e1s de lo deportivo, permite disfrutar de la naturaleza y descubrir rincones que muchas veces uno no conoce\u201d.<\/em><\/p>\n<p class=\"eplus-wrapper wp-block-paragraph\">Este a\u00f1o, el evento tendr\u00e1 una mirada especial hacia las nuevas generaciones, con una prueba participativa destinada a los m\u00e1s peque\u00f1os, entendiendo que ellos representan el semillero y el futuro del deporte.<\/p>\n<p class=\"eplus-wrapper wp-block-paragraph\">Del 4 al 6 de septiembre, los caminos de Santa Rosa volver\u00e1n a recibir a miles de ciclistas y corredores para disfrutar de una nueva edici\u00f3n de esta fiesta deportiva cordobesa que se proyecta hacia el pa\u00eds.<\/p>\n<p class=\"eplus-wrapper wp-block-paragraph\"><strong>Inscripciones y m\u00e1s informaci\u00f3n:<\/strong><a href=\"https:\/\/rallybikecalamuchita.com\/\" target=\"_blank\" rel=\"noreferrer noopener\"><strong>\u00a0https:\/\/rallybikecalamuchita.com\/<\/strong><\/a><\/p>\n","protected":false},"excerpt":{"rendered":"<p>La 19\u00b0 edici\u00f3n del Rally Bike Calamuchita y la 4\u00b0 edici\u00f3n del V\u00eda Crucis Trail se presentaron en el Estadio Mario Alberto Kempes.\u00a0 Las competencias se desarrollar\u00e1n del 4 al 6 de septiembre con m\u00e1s de 2 mil participantes. El evento fue declarado de inter\u00e9s provincial por la Agencia C\u00f3rdoba Deportes. Santa Rosa de Calamuchita &hellip;<\/p>\n","protected":false},"author":1,"featured_media":8282,"comment_status":"closed","ping_status":"open","sticky":false,"template":"","format":"standard","meta":{"footnotes":""},"categories":[47],"tags":[],"class_list":["post-8281","post","type-post","status-publish","format-standard","has-post-thumbnail","hentry","category-deportes"],"_links":{"self":[{"href":"https:\/\/radiobeat97.com.ar\/beat\/wp-json\/wp\/v2\/posts\/8281","targetHints":{"allow":["GET"]}}],"collection":[{"href":"https:\/\/radiobeat97.com.ar\/beat\/wp-json\/wp\/v2\/posts"}],"about":[{"href":"https:\/\/radiobeat97.com.ar\/beat\/wp-json\/wp\/v2\/types\/post"}],"author":[{"embeddable":true,"href":"https:\/\/radiobeat97.com.ar\/beat\/wp-json\/wp\/v2\/users\/1"}],"replies":[{"embeddable":true,"href":"https:\/\/radiobeat97.com.ar\/beat\/wp-json\/wp\/v2\/comments?post=8281"}],"version-history":[{"count":1,"href":"https:\/\/radiobeat97.com.ar\/beat\/wp-json\/wp\/v2\/posts\/8281\/revisions"}],"predecessor-version":[{"id":8283,"href":"https:\/\/radiobeat97.com.ar\/beat\/wp-json\/wp\/v2\/posts\/8281\/revisions\/8283"}],"wp:featuredmedia":[{"embeddable":true,"href":"https:\/\/radiobeat97.com.ar\/beat\/wp-json\/wp\/v2\/media\/8282"}],"wp:attachment":[{"href":"https:\/\/radiobeat97.com.ar\/beat\/wp-json\/wp\/v2\/media?parent=8281"}],"wp:term":[{"taxonomy":"category","embeddable":true,"href":"https:\/\/radiobeat97.com.ar\/beat\/wp-json\/wp\/v2\/categories?post=8281"},{"taxonomy":"post_tag","embeddable":true,"href":"https:\/\/radiobeat97.com.ar\/beat\/wp-json\/wp\/v2\/tags?post=8281"}],"curies":[{"name":"wp","href":"https:\/\/api.w.org\/{rel}","templated":true}]}}